{"id":30891444,"date":"2026-06-02T12:15:07","date_gmt":"2026-06-02T10:15:07","guid":{"rendered":"https:\/\/www.upo.es\/diario\/?p=30891444"},"modified":"2026-06-02T12:15:07","modified_gmt":"2026-06-02T10:15:07","slug":"una-obra-colectiva-aborda-casos-practicos-juridicos-sociojuridicos-y-sociales-desde-una-mirada-transversal","status":"publish","type":"post","link":"https:\/\/www.upo.es\/diario\/docencia-formacion\/2026\/06\/una-obra-colectiva-aborda-casos-practicos-juridicos-sociojuridicos-y-sociales-desde-una-mirada-transversal\/","title":{"rendered":"Una obra colectiva aborda casos pr\u00e1cticos jur\u00eddicos, sociojur\u00eddicos y sociales desde una mirada transversal"},"content":{"rendered":"<figure id=\"attachment_30891446\" aria-describedby=\"caption-attachment-30891446\" style=\"width: 750px\" class=\"wp-caption aligncenter\"><a href=\"https:\/\/www.upo.es\/diario\/wp-content\/uploads\/2026\/06\/casos-practicos-juridicos-4_presentacion.jpg\"><img loading=\"lazy\" decoding=\"async\" class=\"size-large wp-image-30891446\" src=\"https:\/\/www.upo.es\/diario\/wp-content\/uploads\/2026\/06\/casos-practicos-juridicos-4_presentacion-750x322.jpg\" alt=\"La mesa estuvo formada por los Ilmos. Fiscales de la Fiscal\u00eda de Sevilla. Modero la mesa la Fiscal D\u00f1a. M. Isabel Novoa, Prologo el libro D. Francisco Javier Soto Diaz, el Fiscal D. Enrique Pedros Fuentes presento los casos Jur\u00eddicos, la Fiscal D\u00f1a. Susana Hernando Ramos presento los casos sociojuridicos, los caso sociales fueron presentados por la trabajadora social D\u00f1a. Mar\u00eda Chicharro Agudo, por parte de la UPO participo Dr. D. Francisco Rinc\u00f3n Roldan, director de la Catedra de emprendimiento e innovaci\u00f3n empresarial en Economia Social.\" width=\"750\" height=\"322\" srcset=\"https:\/\/www.upo.es\/diario\/wp-content\/uploads\/2026\/06\/casos-practicos-juridicos-4_presentacion-750x322.jpg 750w, https:\/\/www.upo.es\/diario\/wp-content\/uploads\/2026\/06\/casos-practicos-juridicos-4_presentacion-420x181.jpg 420w, https:\/\/www.upo.es\/diario\/wp-content\/uploads\/2026\/06\/casos-practicos-juridicos-4_presentacion-768x330.jpg 768w, https:\/\/www.upo.es\/diario\/wp-content\/uploads\/2026\/06\/casos-practicos-juridicos-4_presentacion-1536x660.jpg 1536w, https:\/\/www.upo.es\/diario\/wp-content\/uploads\/2026\/06\/casos-practicos-juridicos-4_presentacion-1320x567.jpg 1320w, https:\/\/www.upo.es\/diario\/wp-content\/uploads\/2026\/06\/casos-practicos-juridicos-4_presentacion.jpg 1880w\" sizes=\"auto, (max-width: 750px) 100vw, 750px\" \/><\/a><figcaption id=\"caption-attachment-30891446\" class=\"wp-caption-text\">Presentaci\u00f3n del libro Casos pr\u00e1cticos jur\u00eddicos, sociojur\u00eddicos y sociales IV<\/figcaption><\/figure>\n<p>La editorial Dykinson ha publicado recientemente el libro <a href=\"https:\/\/www.dykinson.com\/libros\/casos-practicos-juridicos-sociojuridicos-y-sociales-iv\/9791370471521\/\"><em>Casos pr\u00e1cticos jur\u00eddicos, sociojur\u00eddicos y sociales IV<\/em><\/a>, una obra colectiva de 707 p\u00e1ginas <strong>coordinada por Mar\u00eda Elena Nieto Cabrera y Concepci\u00f3n Nieto Morales, <\/strong>profesora del Departamento de Trabajo Social y Servicios Sociales de la Universidad Pablo de Olavide. El volumen se presenta como<strong> una herramienta de orientaci\u00f3n pr\u00e1ctica para estudiantes, profesionales y personas interesadas en el an\u00e1lisis aplicado de problemas jur\u00eddicos y sociales actuales<\/strong>.<\/p>\n<p>La obra parte del estudio de casos reales y supuestos inspirados en la pr\u00e1ctica profesional para acercar al lector a situaciones que exigen respuestas concretas, fundadas y eficaces.<strong> Entre sus principales ejes tem\u00e1ticos se encuentran la familia, la discapacidad, la violencia de g\u00e9nero, la protecci\u00f3n de menores, la atenci\u00f3n a v\u00edctimas, la mediaci\u00f3n, la intervenci\u00f3n comunitaria, la salud mental, las migraciones y los servicios sociales<\/strong>.<\/p>\n<p>Uno de los rasgos m\u00e1s destacados del libro es su <strong>enfoque transversal<\/strong>. Los cap\u00edtulos no abordan las materias como \u00e1mbitos aislados, sino que muestran las intersecciones entre el Derecho, la intervenci\u00f3n social, la psicolog\u00eda, el trabajo social y la pr\u00e1ctica institucional. Esta mirada integral resulta especialmente relevante en contextos en los que confluyen vulnerabilidad, conflicto familiar, victimizaci\u00f3n, discapacidad o necesidad de apoyo social.<\/p>\n<p><a href=\"https:\/\/www.upo.es\/diario\/wp-content\/uploads\/2026\/06\/casos-practicos-juridicos-4.jpg\"><img loading=\"lazy\" decoding=\"async\" class=\"alignright size-medium wp-image-30891447\" src=\"https:\/\/www.upo.es\/diario\/wp-content\/uploads\/2026\/06\/casos-practicos-juridicos-4-297x420.jpg\" alt=\"Casos pr\u00e1cticos jur\u00eddicos, sociojur\u00eddicos y sociales IV. Dykinson. (portada)\" width=\"297\" height=\"420\" srcset=\"https:\/\/www.upo.es\/diario\/wp-content\/uploads\/2026\/06\/casos-practicos-juridicos-4-297x420.jpg 297w, https:\/\/www.upo.es\/diario\/wp-content\/uploads\/2026\/06\/casos-practicos-juridicos-4-371x525.jpg 371w, https:\/\/www.upo.es\/diario\/wp-content\/uploads\/2026\/06\/casos-practicos-juridicos-4.jpg 521w\" sizes=\"auto, (max-width: 297px) 100vw, 297px\" \/><\/a>El volumen se estructura en <strong>tres grandes bloques: casos jur\u00eddicos, casos sociojur\u00eddicos y casos sociales<\/strong>. Por su estructura basada en casos, <em>Casos pr\u00e1cticos jur\u00eddicos, sociojur\u00eddicos y sociales IV<\/em> permite comprender no solo el \u201cqu\u00e9\u201d de la norma, sino tambi\u00e9n el \u201cc\u00f3mo\u201d y el \u201cpor qu\u00e9\u201d de su aplicaci\u00f3n, fomentando un razonamiento jur\u00eddico cr\u00edtico y riguroso, tal y como destaca la editorial. Esta orientaci\u00f3n aplicada convierte la obra en un material de especial utilidad para la consulta y la formaci\u00f3n.<\/p>\n<p>La publicaci\u00f3n fue presentada en el Paraninfo de la Universidad Pablo de Olavide, en un acto que reuni\u00f3 a representantes de la Fiscal\u00eda de Sevilla, profesionales del \u00e1mbito social y miembros de la comunidad universitaria. La mesa estuvo moderada por la fiscal <strong>M. Isabel Novoa Moreno<\/strong> y cont\u00f3 con la participaci\u00f3n de <strong>Francisco Javier Soto D\u00edaz<\/strong>, tambi\u00e9n fiscal y autor del pr\u00f3logo; el fiscal <strong>Enrique Pedros Fuentes<\/strong>, que present\u00f3 los casos jur\u00eddicos; la fiscal <strong>Susana Hernando Ramos<\/strong>, encargada de los casos sociojur\u00eddicos; y la trabajadora social <strong>Mar\u00eda Chicharro Agudo<\/strong>, que abord\u00f3 los casos sociales. Por parte de la UPO intervino <strong>Francisco Rinc\u00f3n Rold\u00e1n<\/strong>, director de la C\u00e1tedra de Emprendimiento e Innovaci\u00f3n Empresarial en Econom\u00eda Social.<\/p>\n<p><strong>Referencia:<\/strong><br \/>\nNieto-Cabrera, M. E., &amp; Nieto-Morales, C. (Coords.). (2026). <strong><em>Casos pr\u00e1cticos jur\u00eddicos, sociojur\u00eddicos y sociales IV<\/em><\/strong>. Dykinson. ISBN 979-13-7047-152-1.<br \/>\n<a href=\"https:\/\/www.dykinson.com\/libros\/casos-practicos-juridicos-sociojuridicos-y-sociales-iv\/9791370471521\/\">www.dykinson.com\/libros\/casos-practicos-juridicos-sociojuridicos-y-sociales-iv\/9791370471521<\/a><\/p>\n","protected":false},"excerpt":{"rendered":"<p>El libro &#8216;Casos pr\u00e1cticos jur\u00eddicos, sociojur\u00eddicos y sociales IV&#8217;, publicado por Dykinson y coordinado por Mar\u00eda Elena Nieto y Concepci\u00f3n Nieto, re\u00fane aportaciones de profesionales del Derecho, la intervenci\u00f3n social y el \u00e1mbito sociojur\u00eddico en torno a situaciones complejas vinculadas a la familia, la discapacidad, la violencia, la mediaci\u00f3n o los servicios sociales.<\/p>\n","protected":false},"author":6,"featured_media":30891446,"comment_status":"closed","ping_status":"open","sticky":false,"template":"","format":"standard","meta":{"_acf_changed":false,"_monsterinsights_skip_tracking":false,"footnotes":""},"categories":[2779],"tags":[6576,87,793,333,103],"class_list":["post-30891444","post","type-post","status-publish","format-standard","has-post-thumbnail","hentry","category-docencia-formacion","tag-concepcion-nieto","tag-derecho","tag-intervencion-social","tag-libro","tag-trabajo-social"],"acf":[],"_links":{"self":[{"href":"https:\/\/www.upo.es\/diario\/wp-json\/wp\/v2\/posts\/30891444","targetHints":{"allow":["GET"]}}],"collection":[{"href":"https:\/\/www.upo.es\/diario\/wp-json\/wp\/v2\/posts"}],"about":[{"href":"https:\/\/www.upo.es\/diario\/wp-json\/wp\/v2\/types\/post"}],"author":[{"embeddable":true,"href":"https:\/\/www.upo.es\/diario\/wp-json\/wp\/v2\/users\/6"}],"replies":[{"embeddable":true,"href":"https:\/\/www.upo.es\/diario\/wp-json\/wp\/v2\/comments?post=30891444"}],"version-history":[{"count":3,"href":"https:\/\/www.upo.es\/diario\/wp-json\/wp\/v2\/posts\/30891444\/revisions"}],"predecessor-version":[{"id":30891449,"href":"https:\/\/www.upo.es\/diario\/wp-json\/wp\/v2\/posts\/30891444\/revisions\/30891449"}],"wp:featuredmedia":[{"embeddable":true,"href":"https:\/\/www.upo.es\/diario\/wp-json\/wp\/v2\/media\/30891446"}],"wp:attachment":[{"href":"https:\/\/www.upo.es\/diario\/wp-json\/wp\/v2\/media?parent=30891444"}],"wp:term":[{"taxonomy":"category","embeddable":true,"href":"https:\/\/www.upo.es\/diario\/wp-json\/wp\/v2\/categories?post=30891444"},{"taxonomy":"post_tag","embeddable":true,"href":"https:\/\/www.upo.es\/diario\/wp-json\/wp\/v2\/tags?post=30891444"}],"curies":[{"name":"wp","href":"https:\/\/api.w.org\/{rel}","templated":true}]}}