{"id":30891469,"date":"2026-06-03T11:35:08","date_gmt":"2026-06-03T09:35:08","guid":{"rendered":"https:\/\/www.upo.es\/diario\/?p=30891469"},"modified":"2026-06-22T12:34:39","modified_gmt":"2026-06-22T10:34:39","slug":"francisco-oliva-crea-una-delegacion-de-alianzas-estrategicas-para-coordinar-la-integracion-de-la-upo-en-epicur-y-yerun","status":"publish","type":"post","link":"https:\/\/www.upo.es\/diario\/institucional\/2026\/06\/francisco-oliva-crea-una-delegacion-de-alianzas-estrategicas-para-coordinar-la-integracion-de-la-upo-en-epicur-y-yerun\/","title":{"rendered":"Francisco Oliva crea una Delegaci\u00f3n de Alianzas Estrat\u00e9gicas para coordinar la integraci\u00f3n de la UPO en EPICUR y YERUN"},"content":{"rendered":"<figure id=\"attachment_30891470\" aria-describedby=\"caption-attachment-30891470\" style=\"width: 750px\" class=\"wp-caption aligncenter\"><a href=\"https:\/\/www.upo.es\/diario\/wp-content\/uploads\/2026\/06\/29052026-CG-20260529-9459-scaled.jpg\"><img loading=\"lazy\" decoding=\"async\" class=\"size-large wp-image-30891470\" src=\"https:\/\/www.upo.es\/diario\/wp-content\/uploads\/2026\/06\/29052026-CG-20260529-9459-750x422.jpg\" alt=\"Sesi\u00f3n del Consejo de Gobierno celebrada el pasado viernes\" width=\"750\" height=\"422\" srcset=\"https:\/\/www.upo.es\/diario\/wp-content\/uploads\/2026\/06\/29052026-CG-20260529-9459-750x422.jpg 750w, https:\/\/www.upo.es\/diario\/wp-content\/uploads\/2026\/06\/29052026-CG-20260529-9459-420x236.jpg 420w, https:\/\/www.upo.es\/diario\/wp-content\/uploads\/2026\/06\/29052026-CG-20260529-9459-768x432.jpg 768w, https:\/\/www.upo.es\/diario\/wp-content\/uploads\/2026\/06\/29052026-CG-20260529-9459-1536x864.jpg 1536w, https:\/\/www.upo.es\/diario\/wp-content\/uploads\/2026\/06\/29052026-CG-20260529-9459-2048x1152.jpg 2048w, https:\/\/www.upo.es\/diario\/wp-content\/uploads\/2026\/06\/29052026-CG-20260529-9459-1320x743.jpg 1320w\" sizes=\"auto, (max-width: 750px) 100vw, 750px\" \/><\/a><figcaption id=\"caption-attachment-30891470\" class=\"wp-caption-text\">Sesi\u00f3n del Consejo de Gobierno celebrada el pasado viernes 29 de mayo<\/figcaption><\/figure>\n<p>La Universidad Pablo de Olavide avanza en su integraci\u00f3n en EPICUR, la alianza europea de universidades de la que forma parte. El rector inform\u00f3 en la \u00faltima sesi\u00f3n del Consejo de Gobierno de la <a href=\"https:\/\/www.upo.es\/diario\/institucional\/2026\/05\/la-upo-avanza-en-su-integracion-en-epicur-con-la-primera-visita-de-los-coordinadores-de-la-alianza-europea-a-su-campus\/\">visita que los coordinadores de EPICUR, procedentes de la Universidad de Estrasburgo, han realizado al campus<\/a>; dos jornadas de reuniones \u00abintensas y productivas\u00bb que han servido para alinear la contribuci\u00f3n de la UPO al plan de trabajo de la alianza europea para los pr\u00f3ximos dos a\u00f1os. A tal fin tendr\u00e1 lugar pr\u00f3ximamente en Tesal\u00f3nica la <em>Epicur\u2019s Governance Week<\/em>, que contar\u00e1 con la asistencia todas las universidades socias.<\/p>\n<figure id=\"attachment_30891471\" aria-describedby=\"caption-attachment-30891471\" style=\"width: 350px\" class=\"wp-caption alignright\"><a href=\"https:\/\/www.upo.es\/diario\/wp-content\/uploads\/2026\/06\/29052026-CG-20260529-9429.jpg\"><img loading=\"lazy\" decoding=\"async\" class=\"wp-image-30891471 size-large\" src=\"https:\/\/www.upo.es\/diario\/wp-content\/uploads\/2026\/06\/29052026-CG-20260529-9429-350x525.jpg\" alt=\"Francisco Oliva\" width=\"350\" height=\"525\" srcset=\"https:\/\/www.upo.es\/diario\/wp-content\/uploads\/2026\/06\/29052026-CG-20260529-9429-350x525.jpg 350w, https:\/\/www.upo.es\/diario\/wp-content\/uploads\/2026\/06\/29052026-CG-20260529-9429-280x420.jpg 280w, https:\/\/www.upo.es\/diario\/wp-content\/uploads\/2026\/06\/29052026-CG-20260529-9429-768x1152.jpg 768w, https:\/\/www.upo.es\/diario\/wp-content\/uploads\/2026\/06\/29052026-CG-20260529-9429-1024x1536.jpg 1024w, https:\/\/www.upo.es\/diario\/wp-content\/uploads\/2026\/06\/29052026-CG-20260529-9429-1366x2048.jpg 1366w, https:\/\/www.upo.es\/diario\/wp-content\/uploads\/2026\/06\/29052026-CG-20260529-9429-1320x1980.jpg 1320w, https:\/\/www.upo.es\/diario\/wp-content\/uploads\/2026\/06\/29052026-CG-20260529-9429.jpg 1385w\" sizes=\"auto, (max-width: 350px) 100vw, 350px\" \/><\/a><figcaption id=\"caption-attachment-30891471\" class=\"wp-caption-text\">Francisco Oliva durante su informe<\/figcaption><\/figure>\n<p>Francisco Oliva cit\u00f3 el impulso a las microcredenciales, la formaci\u00f3n del personal docente, la movilidad estudiantil y la participaci\u00f3n en peque\u00f1os grupos de investigaci\u00f3n con las universidades socias para optar a proyectos europeos (<em>Seed funding<\/em>), como los principales \u00e1mbitos en los que la Pablo de Olavide comenzar\u00e1 a trabajar en el marco de EPICUR.<\/p>\n<p>Tras la reciente incorporaci\u00f3n de la Olavide a consorcios europeos tan importantes como <a href=\"https:\/\/www.upo.es\/diario\/institucional\/2026\/04\/incorporacion-epicur-alianza-europea-universidades\/\">EPICUR<\/a> y <a href=\"https:\/\/www.upo.es\/diario\/institucional\/2026\/05\/la-universidad-pablo-de-olavide-entra-en-yerun-la-red-europea-de-referencia-para-jovenes-universidades-investigadoras\/\">YERUN<\/a>, y con el fin de coordinar un trabajo institucional que implica muchos \u00e1mbitos, <strong>Roc\u00edo Ruiz<\/strong> ha sido nombrada Delegada de Alianzas Estrat\u00e9gicas. A su vez, <strong>Norberto D\u00edaz<\/strong> ocupar\u00e1 su lugar en la Direcci\u00f3n General de M\u00e1ster y <strong>Vanessa D\u00edaz<\/strong> sustituir\u00e1 a Manuel Jim\u00e9nez en la Direcci\u00f3n General de Investigaci\u00f3n.<\/p>\n<p>En pol\u00edtica de personal, el rector inform\u00f3 de que la <strong>Oferta de Empleo P\u00fablico 2026<\/strong> ha sido ya enviada a la Junta de Andaluc\u00eda, con su correspondiente justificaci\u00f3n de cr\u00e9dito, y queda pendiente de que sea avalada. Respecto al proceso de estabilizaci\u00f3n se ha recibido ya la autorizaci\u00f3n de la Junta y la convocatoria saldr\u00e1 en breve. Sobre la convocatoria de <strong>Profesorado Titular<\/strong>, aprobada en el anterior Consejo de Gobierno, se encuentra publicada en BOE desde la pasada semana. En cuanto al <strong>Programa Mar\u00eda Goyri<\/strong>, Oliva reiter\u00f3 que corresponde a la Junta de Andaluc\u00eda la estabilizaci\u00f3n de este personal docente. En este sentido, las negociaciones contin\u00faan para llegar a una soluci\u00f3n sobre esta partida presupuestaria, acorde a los t\u00e9rminos convenidos entre universidades, Gobierno y Junta de Andaluc\u00eda.<\/p>\n<h3><strong><em>Spanish Quantum Alliance<\/em> y Escuela de Doctorado<\/strong><\/h3>\n<p>En materia de investigaci\u00f3n, Francisco Oliva dio a conocer que la Pablo de Olavide es una de las cuatro universidades, junto a la UCLM, UPC y UPNA, que forma parte de las entidades fundadoras de la <a href=\"https:\/\/www.squa.es\/\"><em>Spanish Quantum Alliance<\/em><\/a> (SQuA), una asociaci\u00f3n creada para el desarrollo del ecosistema de tecnolog\u00edas cu\u00e1nticas en Espa\u00f1a, un sector impulsado actualmente tanto desde el Ministerio de Ciencia, Innovaci\u00f3n y Universidades como desde la Uni\u00f3n Europea. Adem\u00e1s de universidades, SQuA incluye corporaciones, centros de investigaci\u00f3n, asociaciones sectoriales, PYMES y <em>startups<\/em> especializadas con inter\u00e9s en las tecnolog\u00edas cu\u00e1nticas.<\/p>\n<p>Por otra parte, el rector felicit\u00f3 al director de la <strong>Escuela de Doctorado<\/strong>, y a su equipo de trabajo, por la finalizaci\u00f3n del plan estrat\u00e9gico de la Escuela, que calific\u00f3 de muy positivo e interesante \u00abpor la mejora en la transferencia, con los doctorados industriales, y en la internacionalizaci\u00f3n, gracias a las tesis desarrolladas en cotutela\u00bb.<\/p>\n<h3><strong>Campus e incidencias en la climatizaci\u00f3n<\/strong><\/h3>\n<p>En infraestructuras, y con la llegada de las altas temperaturas, Francisco Oliva inform\u00f3 de los avances en la licitaci\u00f3n que se va a realizar para renovar todo el sistema de climatizaci\u00f3n del campus, con un contrato de servicio energ\u00e9tico basado en una colaboraci\u00f3n p\u00fablico-privada que superar\u00e1 los 10M\u20ac. En este sentido, record\u00f3 la existencia de un Protocolo de incidencias de climatizaci\u00f3n, que permite el cambio \u00e1gil de aulas en las que se detecta un mal funcionamiento de los aparatos de acondicionamiento de aire. El rector incidi\u00f3 en que la renovaci\u00f3n completa de las instalaciones es la \u00fanica soluci\u00f3n dada la antig\u00fcedad de las m\u00e1quinas, que hace su reparaci\u00f3n inviable desde el punto de vista t\u00e9cnico y econ\u00f3mico.<\/p>\n<p>Francisco Oliva cerr\u00f3 su informe con temas de especial inter\u00e9s para el estudiantado, como la puesta en marcha del <a href=\"https:\/\/www.miteco.gob.es\/es\/reto-demografico\/campus_rural.html\">programa Campus Rural<\/a>, con 14 plazas para alumnos y alumnas de la UPO, y su felicitaci\u00f3n a los <a href=\"https:\/\/www.upo.es\/diario\/comunidad\/2026\/05\/la-universidad-pablo-de-olavide-homenajea-a-sus-medallistas-universitarios-de-2026\/\">129 estudiantes deportistas que han logrado un total de 19 medallas<\/a> en los Campeonatos Universitarios de Andaluc\u00eda y de Espa\u00f1a.<\/p>\n<p>&nbsp;<\/p>\n","protected":false},"excerpt":{"rendered":"<p>La Universidad Pablo de Olavide avanza en su integraci\u00f3n en EPICUR, la alianza europea de universidades de la que forma parte. El rector inform\u00f3 en la \u00faltima sesi\u00f3n del Consejo de Gobierno de la visita que los coordinadores de EPICUR, procedentes de la Universidad de Estrasburgo, han realizado al campus.<\/p>\n","protected":false},"author":6,"featured_media":30891470,"comment_status":"closed","ping_status":"open","sticky":false,"template":"","format":"standard","meta":{"_acf_changed":false,"_monsterinsights_skip_tracking":false,"footnotes":""},"categories":[6],"tags":[107,102,9430,1160,21,925,199,9456],"class_list":["post-30891469","post","type-post","status-publish","format-standard","has-post-thumbnail","hentry","category-institucional","tag-campus","tag-consejo-de-gobierno","tag-epicur","tag-escuela-de-doctorado","tag-estudiantes","tag-internacionalizacion","tag-profesorado","tag-yerun"],"acf":[],"_links":{"self":[{"href":"https:\/\/www.upo.es\/diario\/wp-json\/wp\/v2\/posts\/30891469","targetHints":{"allow":["GET"]}}],"collection":[{"href":"https:\/\/www.upo.es\/diario\/wp-json\/wp\/v2\/posts"}],"about":[{"href":"https:\/\/www.upo.es\/diario\/wp-json\/wp\/v2\/types\/post"}],"author":[{"embeddable":true,"href":"https:\/\/www.upo.es\/diario\/wp-json\/wp\/v2\/users\/6"}],"replies":[{"embeddable":true,"href":"https:\/\/www.upo.es\/diario\/wp-json\/wp\/v2\/comments?post=30891469"}],"version-history":[{"count":1,"href":"https:\/\/www.upo.es\/diario\/wp-json\/wp\/v2\/posts\/30891469\/revisions"}],"predecessor-version":[{"id":30891472,"href":"https:\/\/www.upo.es\/diario\/wp-json\/wp\/v2\/posts\/30891469\/revisions\/30891472"}],"wp:featuredmedia":[{"embeddable":true,"href":"https:\/\/www.upo.es\/diario\/wp-json\/wp\/v2\/media\/30891470"}],"wp:attachment":[{"href":"https:\/\/www.upo.es\/diario\/wp-json\/wp\/v2\/media?parent=30891469"}],"wp:term":[{"taxonomy":"category","embeddable":true,"href":"https:\/\/www.upo.es\/diario\/wp-json\/wp\/v2\/categories?post=30891469"},{"taxonomy":"post_tag","embeddable":true,"href":"https:\/\/www.upo.es\/diario\/wp-json\/wp\/v2\/tags?post=30891469"}],"curies":[{"name":"wp","href":"https:\/\/api.w.org\/{rel}","templated":true}]}}