{"id":30892099,"date":"2026-07-21T16:31:05","date_gmt":"2026-07-21T14:31:05","guid":{"rendered":"https:\/\/www.upo.es\/diario\/?p=30892099"},"modified":"2026-07-30T13:57:34","modified_gmt":"2026-07-30T11:57:34","slug":"el-rector-llama-a-la-comunidad-universitaria-a-hacer-de-epicur-y-yerun-una-palanca-de-calidad","status":"publish","type":"post","link":"https:\/\/www.upo.es\/diario\/institucional\/2026\/07\/el-rector-llama-a-la-comunidad-universitaria-a-hacer-de-epicur-y-yerun-una-palanca-de-calidad\/","title":{"rendered":"El rector llama a la comunidad universitaria a hacer de EPICUR y YERUN una palanca de calidad"},"content":{"rendered":"<figure id=\"attachment_30892100\" aria-describedby=\"caption-attachment-30892100\" style=\"width: 750px\" class=\"wp-caption aligncenter\"><a href=\"https:\/\/www.upo.es\/diario\/wp-content\/uploads\/2026\/07\/CG-20260717-0454-scaled.jpg\"><img loading=\"lazy\" decoding=\"async\" class=\"size-large wp-image-30892100\" src=\"https:\/\/www.upo.es\/diario\/wp-content\/uploads\/2026\/07\/CG-20260717-0454-750x422.jpg\" alt=\"Consejo de Gobierno del 17 de julio\" width=\"750\" height=\"422\" srcset=\"https:\/\/www.upo.es\/diario\/wp-content\/uploads\/2026\/07\/CG-20260717-0454-750x422.jpg 750w, https:\/\/www.upo.es\/diario\/wp-content\/uploads\/2026\/07\/CG-20260717-0454-420x236.jpg 420w, https:\/\/www.upo.es\/diario\/wp-content\/uploads\/2026\/07\/CG-20260717-0454-768x432.jpg 768w, https:\/\/www.upo.es\/diario\/wp-content\/uploads\/2026\/07\/CG-20260717-0454-1536x864.jpg 1536w, https:\/\/www.upo.es\/diario\/wp-content\/uploads\/2026\/07\/CG-20260717-0454-2048x1152.jpg 2048w, https:\/\/www.upo.es\/diario\/wp-content\/uploads\/2026\/07\/CG-20260717-0454-1320x743.jpg 1320w\" sizes=\"auto, (max-width: 750px) 100vw, 750px\" \/><\/a><figcaption id=\"caption-attachment-30892100\" class=\"wp-caption-text\">Consejo de Gobierno del viernes 17 de julio<\/figcaption><\/figure>\n<p>En la \u00faltima sesi\u00f3n del Consejo de Gobierno del curso 2025-2026, Francisco Oliva ha instado a la comunidad universitaria a aprovechar la pertenencia a la <a href=\"https:\/\/www.upo.es\/diario\/institucional\/2026\/04\/incorporacion-epicur-alianza-europea-universidades\/\">alianza europea EPICUR<\/a> y a la <a href=\"https:\/\/www.upo.es\/diario\/institucional\/2026\/05\/la-universidad-pablo-de-olavide-entra-en-yerun-la-red-europea-de-referencia-para-jovenes-universidades-investigadoras\/\">red YERUN<\/a>, conseguidas este a\u00f1o, como oportunidades estrat\u00e9gicas para \u00abun salto importante que la Universidad Pablo de Olavide debe dar hacia una transformaci\u00f3n cualitativa\u00bb.<\/p>\n<figure id=\"attachment_30892103\" aria-describedby=\"caption-attachment-30892103\" style=\"width: 420px\" class=\"wp-caption alignright\"><a href=\"https:\/\/www.upo.es\/diario\/wp-content\/uploads\/2026\/07\/EPICUR-map-final-scaled.png\"><img loading=\"lazy\" decoding=\"async\" class=\"wp-image-30892103 size-medium\" src=\"https:\/\/www.upo.es\/diario\/wp-content\/uploads\/2026\/07\/EPICUR-map-final-420x304.png\" alt=\"Mapa de Europa con las universidades que integran la alianza EPICUR\" width=\"420\" height=\"304\" srcset=\"https:\/\/www.upo.es\/diario\/wp-content\/uploads\/2026\/07\/EPICUR-map-final-420x304.png 420w, https:\/\/www.upo.es\/diario\/wp-content\/uploads\/2026\/07\/EPICUR-map-final-726x525.png 726w, https:\/\/www.upo.es\/diario\/wp-content\/uploads\/2026\/07\/EPICUR-map-final-768x555.png 768w, https:\/\/www.upo.es\/diario\/wp-content\/uploads\/2026\/07\/EPICUR-map-final-1536x1111.png 1536w, https:\/\/www.upo.es\/diario\/wp-content\/uploads\/2026\/07\/EPICUR-map-final-2048x1481.png 2048w, https:\/\/www.upo.es\/diario\/wp-content\/uploads\/2026\/07\/EPICUR-map-final-1320x954.png 1320w\" sizes=\"auto, (max-width: 420px) 100vw, 420px\" \/><\/a><figcaption id=\"caption-attachment-30892103\" class=\"wp-caption-text\">Universidades que integran la alianza EPICUR<\/figcaption><\/figure>\n<p>El rector ha querido remarcar as\u00ed el potencial de EPICUR y de YERUN \u2014y la trascendencia de que ambas redes europeas se integren en la identidad y las actividades docentes e investigadoras de la UPO\u2014 tras dar a conocer los primeros frutos de la pertenencia de la Olavide a ambas asociaciones. As\u00ed, Oliva inform\u00f3 de que la Universidad dispondr\u00e1 de casi medio mill\u00f3n de euros para internacionalizaci\u00f3n, entre <a href=\"https:\/\/epicur.edu.eu\/epicur-secures-funding-until-the-end-of-2028\/\">fondos europeos<\/a> y estatales, por su integraci\u00f3n en EPICUR y que ya se trabaja para que la UPO oferte en 2027-28 su primer grado conjunto europeo en el seno de la alianza (<em>European Law<\/em>), junto a las universidades de Estrasburgo, Friburgo, Arist\u00f3teles de Tesal\u00f3nica, Adam Mickiewicz de Poznan y Roma Tre. Asimismo, EPICUR ha obtenido uno de los catorce proyectos de M\u00e1ster Europeo aprobados, <em>Master\u2019s Programme in European Geopolitics, International Security and Law<\/em> (EGISL), al que la Pablo de Olavide ha sido invitada a participar.<\/p>\n<p>Francisco Oliva asisti\u00f3 en Tesal\u00f3nica, entre el 29 de junio y el 2 de julio, a la <em>EPICUR Governance Week<\/em> <em>2026<\/em>. En este encuentro, tuvo la oportunidad de presentar la Universidad al resto de entidades socias, as\u00ed como los puntos clave en los que la Olavide trabajar\u00e1 en los pr\u00f3ximos meses en el seno de la alianza europea: la movilidad, las microcredenciales, los t\u00edtulos conjuntos y la integraci\u00f3n en la plataforma digital de EPICUR.<\/p>\n<h3><strong>Complejo universitario Flora Trist\u00e1n<\/strong><\/h3>\n<p>El rector anunci\u00f3 que se est\u00e1 trabajando para volver a abrir la residencia lo antes posible. En un futuro inmediato, est\u00e1 prevista la apertura de dos de los siete bloques del complejo universitario, siempre y cuando puedan llevarse a cabo las reformas que precisan y quede garantizada la seguridad de ambos edificios. Se contin\u00faa en la b\u00fasqueda de financiaci\u00f3n adicional y el rector se ha mostrado optimista con que agentes p\u00fablicos se involucren en el necesario apoyo econ\u00f3mico.<\/p>\n<p>Por su parte, la comisi\u00f3n mixta, creada para hallar la mejor soluci\u00f3n posible para el Complejo Universitario Flora Trist\u00e1n, ha celebrado ya varias sesiones fruto de las cuales han sido constituidos tres grupos de trabajo para avanzar en las ayudas al estudiantado; la financiaci\u00f3n y las obras; y el modelo de futuro de la residencia.<\/p>\n<h3><strong>Profesorado asociado, financiaci\u00f3n y convocatorias de investigaci\u00f3n<\/strong><\/h3>\n<figure id=\"attachment_30892101\" aria-describedby=\"caption-attachment-30892101\" style=\"width: 350px\" class=\"wp-caption alignright\"><a href=\"https:\/\/www.upo.es\/diario\/wp-content\/uploads\/2026\/07\/CG-20260717-0449.jpg\"><img loading=\"lazy\" decoding=\"async\" class=\"size-large wp-image-30892101\" src=\"https:\/\/www.upo.es\/diario\/wp-content\/uploads\/2026\/07\/CG-20260717-0449-350x525.jpg\" alt=\"Francisco Oliva durante su informe\" width=\"350\" height=\"525\" srcset=\"https:\/\/www.upo.es\/diario\/wp-content\/uploads\/2026\/07\/CG-20260717-0449-350x525.jpg 350w, https:\/\/www.upo.es\/diario\/wp-content\/uploads\/2026\/07\/CG-20260717-0449-280x420.jpg 280w, https:\/\/www.upo.es\/diario\/wp-content\/uploads\/2026\/07\/CG-20260717-0449-768x1152.jpg 768w, https:\/\/www.upo.es\/diario\/wp-content\/uploads\/2026\/07\/CG-20260717-0449-1024x1536.jpg 1024w, https:\/\/www.upo.es\/diario\/wp-content\/uploads\/2026\/07\/CG-20260717-0449-1366x2048.jpg 1366w, https:\/\/www.upo.es\/diario\/wp-content\/uploads\/2026\/07\/CG-20260717-0449-1320x1980.jpg 1320w, https:\/\/www.upo.es\/diario\/wp-content\/uploads\/2026\/07\/CG-20260717-0449.jpg 1405w\" sizes=\"auto, (max-width: 350px) 100vw, 350px\" \/><\/a><figcaption id=\"caption-attachment-30892101\" class=\"wp-caption-text\">Francisco Oliva durante su informe<\/figcaption><\/figure>\n<p>En temas de personal, Oliva inform\u00f3 sobre el proceso de <strong>estabilizaci\u00f3n del Profesorado Asociado<\/strong>, al que se han presentado 1.377 personas para 146 plazas; esto supone un gran esfuerzo tanto para el Vicerrectorado de Profesorado como para el \u00e1rea de RRHH PDI, que hacen todo lo posible para que las contrataciones puedan realizarse a tiempo en septiembre, a quienes el rector ha reconocido su dedicaci\u00f3n.<\/p>\n<p>En cuanto a financiaci\u00f3n universitaria, el rector puso sobre la mesa los n\u00fameros con los que han cerrado las cuentas de 2025 las nueve universidades p\u00fablicas andaluzas, e hizo hincapi\u00e9 en que las cifras de d\u00e9ficit (casi 50 M\u20ac en conjunto) evidencian que el sistema sufre una <strong>infrafinanciaci\u00f3n estructural<\/strong>. Oliva conf\u00eda en que el trabajo de las comisiones t\u00e9cnicas est\u00e9 finalizado en septiembre, con el fin de abordar una soluci\u00f3n con la nueva Consejer\u00eda de Universidades, Industria, Energ\u00eda e Innovaci\u00f3n.<\/p>\n<p>Sobre la convocatoria de <a href=\"https:\/\/www.juntadeandalucia.es\/organismos\/universidadinvestigacioneinnovacion\/servicios\/actualidad\/noticias\/detalle\/671461.html\">Unidades de Excelencia y de Investigaci\u00f3n Competitiva<\/a> promovida por la Junta de Andaluc\u00eda, Francisco Oliva inform\u00f3 de los resultados provisionales en los que han sido reconocidas un total de siete, cuando estaban previstas 20 por un importe total de 25 M\u20ac. De este modo quedan por ejecutar 17 M\u20ac de estas ayudas. <strong>Los rectores andaluces conf\u00edan en que en la segunda convocatoria anunciada cambie el sistema de evaluaci\u00f3n<\/strong>, habida cuenta de que proyectos que ya han sido preseleccionados para el programa Mar\u00eda de Maeztu han sido excluidos de la primera.<\/p>\n<p>Por el contrario, en la convocatoria de los Campus de Excelencia Internacional, el <strong>CEI CamBio<\/strong> ha obtenido 832.000 euros, el 100% de las ayudas solicitadas. Esto asegura la continuidad de los proyectos impulsados por <a href=\"https:\/\/www.upo.es\/ceicambio\/\">Campus de Excelencia Internacional de Medio Ambiente, Biodiversidad y Cambio Global<\/a>, coordinado por la Pablo de Olavide.<\/p>\n<p>Igualmente, el rector calific\u00f3 de positivos los resultados de la Universidad dados a conocer por la Agencia Estatal de Investigaci\u00f3n en la convocatoria de <a href=\"https:\/\/www.aei.gob.es\/noticias\/convocatoria-proyectos-generacion-conocimiento-2025-financiara-cerca-700-millones-euros\">Proyectos de Generaci\u00f3n de Conocimiento 2025<\/a>. La Pablo de Olavide ha obtenido <strong>19 proyectos, con un \u00edndice de \u00e9xito del 35,80%<\/strong>, por encima de la media andaluza.<\/p>\n<h3><strong>Transformaci\u00f3n digital<\/strong><\/h3>\n<p>En digitalizaci\u00f3n, Francisco Oliva inform\u00f3 de que contin\u00faan los trabajos para que el <strong>doble factor de autenticaci\u00f3n<\/strong> sea requerido en el acceso a los servicios digitales. El rector record\u00f3 que, aunque en un principio puede resultar una medida inc\u00f3moda, es la \u00fanica manera de garantizar la seguridad ante los ciberataques. Por otro lado, van a instalarse <strong>186 nuevos puntos de acceso para potenciar la red WiFi<\/strong> del campus y el <strong>sistema <em>Bullet<\/em>, que gestiona autom\u00e1ticamente los espacios y horarios<\/strong>, ha funcionado muy bien, por lo que el rector felicit\u00f3 a Marilyn Dom\u00ednguez y al personal del \u00e1rea de Planificaci\u00f3n Acad\u00e9mica.<\/p>\n<p>El rector concluy\u00f3 su informe con algunos datos de <a href=\"https:\/\/radiolavide.org\/\">RadiOlavide<\/a>, que en el curso que termina ha contado con la participaci\u00f3n de 600 personas de 400 entidades e instituciones, con 18 programas en su parrilla y 106 podcasts estrenados. Oliva ha animado a la comunidad universitaria a sumarse a las actividades de la radio, que es gestionada por la <a href=\"https:\/\/www.upo.es\/fundacion\/\">Fundaci\u00f3n<\/a>, entidad que conmemora su 25 aniversario al servicio de la Universidad Pablo de Olavide.<\/p>\n","protected":false},"excerpt":{"rendered":"<p>En la \u00faltima sesi\u00f3n del Consejo de Gobierno del curso 2025-2026, Francisco Oliva ha instado a la comunidad universitaria a aprovechar la pertenencia a la alianza europea EPICUR y a la red YERUN, conseguidas este a\u00f1o, como oportunidades estrat\u00e9gicas para \u00abun salto importante que la Universidad Pablo de Olavide debe dar hacia una transformaci\u00f3n cualitativa\u00bb.<\/p>\n","protected":false},"author":6,"featured_media":30892100,"comment_status":"closed","ping_status":"open","sticky":false,"template":"","format":"standard","meta":{"_acf_changed":false,"_monsterinsights_skip_tracking":false,"footnotes":""},"categories":[6],"tags":[6666,102,2134,9430,874,4021,925,199,3784,9052,9456],"class_list":["post-30892099","post","type-post","status-publish","format-standard","has-post-thumbnail","hentry","category-institucional","tag-agencia-estatal-de-investigacion","tag-consejo-de-gobierno","tag-digitalizacion","tag-epicur","tag-financiacion","tag-francisco-oliva-blazquez","tag-internacionalizacion","tag-profesorado","tag-radiolavide","tag-universidades-publicas-de-andalucia","tag-yerun"],"acf":[],"_links":{"self":[{"href":"https:\/\/www.upo.es\/diario\/wp-json\/wp\/v2\/posts\/30892099","targetHints":{"allow":["GET"]}}],"collection":[{"href":"https:\/\/www.upo.es\/diario\/wp-json\/wp\/v2\/posts"}],"about":[{"href":"https:\/\/www.upo.es\/diario\/wp-json\/wp\/v2\/types\/post"}],"author":[{"embeddable":true,"href":"https:\/\/www.upo.es\/diario\/wp-json\/wp\/v2\/users\/6"}],"replies":[{"embeddable":true,"href":"https:\/\/www.upo.es\/diario\/wp-json\/wp\/v2\/comments?post=30892099"}],"version-history":[{"count":4,"href":"https:\/\/www.upo.es\/diario\/wp-json\/wp\/v2\/posts\/30892099\/revisions"}],"predecessor-version":[{"id":30892106,"href":"https:\/\/www.upo.es\/diario\/wp-json\/wp\/v2\/posts\/30892099\/revisions\/30892106"}],"wp:featuredmedia":[{"embeddable":true,"href":"https:\/\/www.upo.es\/diario\/wp-json\/wp\/v2\/media\/30892100"}],"wp:attachment":[{"href":"https:\/\/www.upo.es\/diario\/wp-json\/wp\/v2\/media?parent=30892099"}],"wp:term":[{"taxonomy":"category","embeddable":true,"href":"https:\/\/www.upo.es\/diario\/wp-json\/wp\/v2\/categories?post=30892099"},{"taxonomy":"post_tag","embeddable":true,"href":"https:\/\/www.upo.es\/diario\/wp-json\/wp\/v2\/tags?post=30892099"}],"curies":[{"name":"wp","href":"https:\/\/api.w.org\/{rel}","templated":true}]}}