{"id":30892202,"date":"2026-09-01T06:21:41","date_gmt":"2026-09-01T04:21:41","guid":{"rendered":"https:\/\/www.upo.es\/diario\/?p=30892202"},"modified":"2026-09-01T13:28:57","modified_gmt":"2026-09-01T11:28:57","slug":"crue-valora-positivamente-la-concesion-de-45-millones-para-la-promocion-de-alojamientos-universitarios-asequibles","status":"publish","type":"post","link":"https:\/\/www.upo.es\/diario\/institucional\/2026\/09\/crue-valora-positivamente-la-concesion-de-45-millones-para-la-promocion-de-alojamientos-universitarios-asequibles\/","title":{"rendered":"CRUE valora positivamente la concesi\u00f3n de 45 millones para la promoci\u00f3n de alojamientos universitarios asequibles"},"content":{"rendered":"<figure id=\"attachment_30892203\" aria-describedby=\"caption-attachment-30892203\" style=\"width: 750px\" class=\"wp-caption aligncenter\"><a href=\"https:\/\/www.upo.es\/diario\/wp-content\/uploads\/2026\/09\/CRUE-VIvienda-reunion-presidente-Garde-ministra-Rodriguez.jpg\"><img loading=\"lazy\" decoding=\"async\" class=\"size-large wp-image-30892203\" src=\"https:\/\/www.upo.es\/diario\/wp-content\/uploads\/2026\/09\/CRUE-VIvienda-reunion-presidente-Garde-ministra-Rodriguez-750x500.jpg\" alt=\"Isabel Rodr\u00edguez, ministra de Vivienda y Agenda Urbana, y Juli\u00e1n Garde, presidente de CRUE\" width=\"750\" height=\"500\" srcset=\"https:\/\/www.upo.es\/diario\/wp-content\/uploads\/2026\/09\/CRUE-VIvienda-reunion-presidente-Garde-ministra-Rodriguez-750x500.jpg 750w, https:\/\/www.upo.es\/diario\/wp-content\/uploads\/2026\/09\/CRUE-VIvienda-reunion-presidente-Garde-ministra-Rodriguez-420x280.jpg 420w, https:\/\/www.upo.es\/diario\/wp-content\/uploads\/2026\/09\/CRUE-VIvienda-reunion-presidente-Garde-ministra-Rodriguez-165x109.jpg 165w, https:\/\/www.upo.es\/diario\/wp-content\/uploads\/2026\/09\/CRUE-VIvienda-reunion-presidente-Garde-ministra-Rodriguez.jpg 768w\" sizes=\"auto, (max-width: 750px) 100vw, 750px\" \/><\/a><figcaption id=\"caption-attachment-30892203\" class=\"wp-caption-text\">Isabel Rodr\u00edguez, ministra de Vivienda y Agenda Urbana, y Juli\u00e1n Garde, presidente de CRUE | CRUE<\/figcaption><\/figure>\n<p>La Conferencia de Rectores y Rectoras de las Universidades Espa\u00f1olas (CRUE) celebra que el Ministerio de Vivienda y Agenda Urbana vaya a destinar 45 millones de euros al impulso de alojamientos asequibles para la comunidad universitaria.<\/p>\n<p>CRUE lleva tiempo advirtiendo de que el encarecimiento sostenido de la vivienda, unido a la insuficiente oferta de plazas en residencias p\u00fablicas para la comunidad universitaria, est\u00e1 erosionando la igualdad de oportunidades, dificultando a los colectivos con menos recursos el acceso a la Universidad y la movilidad acad\u00e9mica.<\/p>\n<p>Los rectores y rectoras conf\u00edan en que esta decisi\u00f3n sirva para impulsar definitivamente la aplicaci\u00f3n del protocolo firmado en 2024 entre los Ministerios de la Vivienda y Agenda Urbana y de Ciencia, Innovaci\u00f3n y Universidades y ayude a paliar las urgentes necesidades que hay a este respecto. Asimismo, se valora positivamente el compromiso adquirido con CRUE \u2013tras la reuni\u00f3n mantenida esta tarde en la sede del Ministerio entre el presidente y rector de la Universidad de Castilla-La Mancha, Juli\u00e1n Garde L\u00f3pez Brea, y la ministra de Vivienda y Agenda Urbana, Isabel Rodr\u00edguez Garc\u00eda\u2013 para volver a poner en marcha esta acci\u00f3n en 2027 y que m\u00e1s universidades p\u00fablicas puedan beneficiarse de ello.<\/p>\n<p>Desde CRUE se anima, adem\u00e1s, a otras administraciones p\u00fablicas a que faciliten mecanismos similares dirigidos a resolver el problema del alojamiento universitario. La colaboraci\u00f3n p\u00fablico-privada, mediante f\u00f3rmulas en las que comunidades aut\u00f3nomas, ayuntamientos o universidades aporten suelo dotacional para la construcci\u00f3n de residencias con alquileres sociales, constituye un primer e importante paso para resolver este problema.<\/p>\n<p>Fuente: CRUE Universidades Espa\u00f1olas<\/p>\n","protected":false},"excerpt":{"rendered":"<p>La Conferencia de Rectores y Rectoras de las Universidades Espa\u00f1olas (CRUE) celebra que el Ministerio de Vivienda y Agenda Urbana vaya a destinar 45 millones de euros al impulso de alojamientos asequibles para la comunidad universitaria.<\/p>\n","protected":false},"author":6,"featured_media":30892203,"comment_status":"closed","ping_status":"open","sticky":false,"template":"","format":"standard","meta":{"_acf_changed":false,"_monsterinsights_skip_tracking":false,"footnotes":""},"categories":[6],"tags":[3870,4124,21,4609,2574],"class_list":["post-30892202","post","type-post","status-publish","format-standard","has-post-thumbnail","hentry","category-institucional","tag-alojamiento","tag-crue-universidades-espanolas","tag-estudiantes","tag-gobierno-de-espana","tag-vivienda"],"acf":[],"_links":{"self":[{"href":"https:\/\/www.upo.es\/diario\/wp-json\/wp\/v2\/posts\/30892202","targetHints":{"allow":["GET"]}}],"collection":[{"href":"https:\/\/www.upo.es\/diario\/wp-json\/wp\/v2\/posts"}],"about":[{"href":"https:\/\/www.upo.es\/diario\/wp-json\/wp\/v2\/types\/post"}],"author":[{"embeddable":true,"href":"https:\/\/www.upo.es\/diario\/wp-json\/wp\/v2\/users\/6"}],"replies":[{"embeddable":true,"href":"https:\/\/www.upo.es\/diario\/wp-json\/wp\/v2\/comments?post=30892202"}],"version-history":[{"count":1,"href":"https:\/\/www.upo.es\/diario\/wp-json\/wp\/v2\/posts\/30892202\/revisions"}],"predecessor-version":[{"id":30892204,"href":"https:\/\/www.upo.es\/diario\/wp-json\/wp\/v2\/posts\/30892202\/revisions\/30892204"}],"wp:featuredmedia":[{"embeddable":true,"href":"https:\/\/www.upo.es\/diario\/wp-json\/wp\/v2\/media\/30892203"}],"wp:attachment":[{"href":"https:\/\/www.upo.es\/diario\/wp-json\/wp\/v2\/media?parent=30892202"}],"wp:term":[{"taxonomy":"category","embeddable":true,"href":"https:\/\/www.upo.es\/diario\/wp-json\/wp\/v2\/categories?post=30892202"},{"taxonomy":"post_tag","embeddable":true,"href":"https:\/\/www.upo.es\/diario\/wp-json\/wp\/v2\/tags?post=30892202"}],"curies":[{"name":"wp","href":"https:\/\/api.w.org\/{rel}","templated":true}]}}