{"id":30892210,"date":"2026-09-02T14:35:46","date_gmt":"2026-09-02T12:35:46","guid":{"rendered":"https:\/\/www.upo.es\/diario\/?p=30892210"},"modified":"2026-09-02T14:36:09","modified_gmt":"2026-09-02T12:36:09","slug":"la-universidad-pablo-de-olavide-logra-cuatro-medallas-en-los-campeonatos-de-europa-y-del-mundo-universitario","status":"publish","type":"post","link":"https:\/\/www.upo.es\/diario\/comunidad\/2026\/09\/la-universidad-pablo-de-olavide-logra-cuatro-medallas-en-los-campeonatos-de-europa-y-del-mundo-universitario\/","title":{"rendered":"La Universidad Pablo de Olavide logra cuatro medallas en los Campeonatos de Europa y del Mundo Universitario"},"content":{"rendered":"<figure id=\"attachment_30892212\" aria-describedby=\"caption-attachment-30892212\" style=\"width: 515px\" class=\"wp-caption aligncenter\"><a href=\"https:\/\/www.upo.es\/diario\/wp-content\/uploads\/2026\/09\/Padel.png\"><img loading=\"lazy\" decoding=\"async\" class=\"size-large wp-image-30892212\" src=\"https:\/\/www.upo.es\/diario\/wp-content\/uploads\/2026\/09\/Padel-515x525.png\" alt=\"\" width=\"515\" height=\"525\" srcset=\"https:\/\/www.upo.es\/diario\/wp-content\/uploads\/2026\/09\/Padel-515x525.png 515w, https:\/\/www.upo.es\/diario\/wp-content\/uploads\/2026\/09\/Padel-412x420.png 412w, https:\/\/www.upo.es\/diario\/wp-content\/uploads\/2026\/09\/Padel-768x783.png 768w, https:\/\/www.upo.es\/diario\/wp-content\/uploads\/2026\/09\/Padel.png 846w\" sizes=\"auto, (max-width: 515px) 100vw, 515px\" \/><\/a><figcaption id=\"caption-attachment-30892212\" class=\"wp-caption-text\">Elena de la Rosa y Ainhoa Garc\u00eda, campeonas de Europa de p\u00e1del femenino.<\/figcaption><\/figure>\n<p>La Universidad Pablo de Olavide ha estado presente por segundo a\u00f1o consecutivo en los <a href=\"https:\/\/www.eusa.eu\/championships\"><strong>Campeonatos de Europa Universitarios<\/strong><\/a> <strong>(EUSA 2026)<\/strong> y en los <a href=\"https:\/\/www.fisu.net\/\"><strong>Campeonatos del Mundo Universitarios<\/strong><\/a><strong> (FISU 2026)<\/strong>, consiguiendo cuatro medallas en las disciplinas de pirag\u00fcismo y p\u00e1del, as\u00ed como una destacada participaci\u00f3n en remo.<\/p>\n<p>Los y las estudiantes de la UPO han representado a la Universidad en las principales citas internacionales del deporte universitario, demostrando su capacidad para compaginar la m\u00e1xima exigencia acad\u00e9mica con el rendimiento deportivo de \u00e9lite.<\/p>\n<figure id=\"attachment_30892211\" aria-describedby=\"caption-attachment-30892211\" style=\"width: 309px\" class=\"wp-caption alignright\"><a href=\"https:\/\/www.upo.es\/diario\/wp-content\/uploads\/2026\/09\/Candela.png\"><img loading=\"lazy\" decoding=\"async\" class=\" wp-image-30892211\" src=\"https:\/\/www.upo.es\/diario\/wp-content\/uploads\/2026\/09\/Candela-395x420.png\" alt=\"\" width=\"309\" height=\"329\" srcset=\"https:\/\/www.upo.es\/diario\/wp-content\/uploads\/2026\/09\/Candela-395x420.png 395w, https:\/\/www.upo.es\/diario\/wp-content\/uploads\/2026\/09\/Candela-494x525.png 494w, https:\/\/www.upo.es\/diario\/wp-content\/uploads\/2026\/09\/Candela-768x817.png 768w, https:\/\/www.upo.es\/diario\/wp-content\/uploads\/2026\/09\/Candela.png 804w\" sizes=\"auto, (max-width: 309px) 100vw, 309px\" \/><\/a><figcaption id=\"caption-attachment-30892211\" class=\"wp-caption-text\">Candela Delgado consigue tres medallas en el Mundial de Pirag\u00fcismo.<\/figcaption><\/figure>\n<p>La estudiante del Doble Grado en Trabajo Social y Educaci\u00f3n Social <strong>Candela Delgado de la Fuente<\/strong> ha protagonizado una sobresaliente actuaci\u00f3n en el Campeonato Mundial Universitario de Pirag\u00fcismo FISU 2026, celebrado del 17 al 20 de agosto en Szeged (Hungr\u00eda). La deportista de la UPO logr\u00f3 subir al podio en las tres pruebas en las que particip\u00f3.<\/p>\n<p><strong>Candela Delgado<\/strong> se proclam\u00f3 <strong>campeona del mundo universitaria en C4 500 metros<\/strong>, consiguiendo la medalla de oro; obtuvo adem\u00e1s la <strong>plata en C1 500 metros<\/strong>, que la acredita como subcampeona mundial universitaria, y complet\u00f3 su participaci\u00f3n con una <strong>medalla de bronce en C2 500 metros<\/strong>.<\/p>\n<p>La representaci\u00f3n de la UPO en los campeonatos organizados por la Federaci\u00f3n Internacional de Deporte Universitario (FISU 2026) tambi\u00e9n estuvo presente en el <strong>Campeonato Mundial Universitario de Remo<\/strong>, celebrado del 13 al 15 de agosto en London, Ontario (Canad\u00e1). En esta competici\u00f3n, la estudiante del Grado en Biotecnolog\u00eda <strong>M\u00aa Jes\u00fas G\u00f3mez Guerrero<\/strong> logr\u00f3 alcanzar la serie final en la modalidad de Skiff, firmando una destacada participaci\u00f3n entre deportistas universitarios procedentes de diferentes pa\u00edses.<\/p>\n<p>De manera simult\u00e1nea, las estudiantes de la UPO <strong>Elena de la Rosa Ramos y Ainhoa Garc\u00eda Yepes<\/strong>, del Grado en Ciencias de la Actividad F\u00edsica y del Deporte, se proclamaron <strong>campeonas de Europa universitarias de p\u00e1del femenino<\/strong> en los <em>European Universities Games<\/em> (EUG), celebrados en Salerno (Italia), donde el equipo de la UPO particip\u00f3 en la competici\u00f3n de p\u00e1del bajo la direcci\u00f3n t\u00e1ctica de la entrenadora <strong>Elena Pav\u00f3n<\/strong>.<\/p>\n<p>Por su parte, en categor\u00eda masculina, los estudiantes <strong>Alfonso D\u00edaz Ponce <\/strong>del Doble Grado en Derecho y ADE<strong> y Enrique Cepas Cuadrado <\/strong>del Grado en Ciencias de la Actividad F\u00edsica y del Deporte completaron la actuaci\u00f3n de la Universidad Pablo de Olavide con una <strong>sexta posici\u00f3n<\/strong>, situando a la UPO entre las seis mejores universidades europeas de la competici\u00f3n.<\/p>\n<p>Con estos resultados, la Universidad Pablo de Olavide reafirma su compromiso con el deporte de alta competici\u00f3n y ensalza el valor y el talento de su alumnado en el escenario deportivo internacional.<\/p>\n<p>&nbsp;<\/p>\n","protected":false},"excerpt":{"rendered":"<p>La Universidad Pablo de Olavide ha estado presente por segundo a\u00f1o consecutivo en los Campeonatos de Europa Universitarios (EUSA 2026) y en los Campeonatos del Mundo Universitarios (FISU 2026), consiguiendo cuatro medallas en las disciplinas de pirag\u00fcismo y p\u00e1del, as\u00ed como una destacada participaci\u00f3n en remo.<\/p>\n","protected":false},"author":4,"featured_media":30892211,"comment_status":"closed","ping_status":"open","sticky":false,"template":"","format":"standard","meta":{"_acf_changed":false,"_monsterinsights_skip_tracking":false,"footnotes":""},"categories":[5842],"tags":[338,5441,9503,541,9504,5440,33,5219,2382,7253],"class_list":["post-30892210","post","type-post","status-publish","format-standard","has-post-thumbnail","hentry","category-comunidad","tag-alta-competicion","tag-campeonato-del-mundo-universitario","tag-campeonato-europeo-universitario","tag-deporte","tag-eusa","tag-fisu","tag-padel","tag-piraguismo","tag-remo","tag-vicerrectorado-de-campus-saludable-y-deporte"],"acf":[],"_links":{"self":[{"href":"https:\/\/www.upo.es\/diario\/wp-json\/wp\/v2\/posts\/30892210","targetHints":{"allow":["GET"]}}],"collection":[{"href":"https:\/\/www.upo.es\/diario\/wp-json\/wp\/v2\/posts"}],"about":[{"href":"https:\/\/www.upo.es\/diario\/wp-json\/wp\/v2\/types\/post"}],"author":[{"embeddable":true,"href":"https:\/\/www.upo.es\/diario\/wp-json\/wp\/v2\/users\/4"}],"replies":[{"embeddable":true,"href":"https:\/\/www.upo.es\/diario\/wp-json\/wp\/v2\/comments?post=30892210"}],"version-history":[{"count":1,"href":"https:\/\/www.upo.es\/diario\/wp-json\/wp\/v2\/posts\/30892210\/revisions"}],"predecessor-version":[{"id":30892213,"href":"https:\/\/www.upo.es\/diario\/wp-json\/wp\/v2\/posts\/30892210\/revisions\/30892213"}],"wp:featuredmedia":[{"embeddable":true,"href":"https:\/\/www.upo.es\/diario\/wp-json\/wp\/v2\/media\/30892211"}],"wp:attachment":[{"href":"https:\/\/www.upo.es\/diario\/wp-json\/wp\/v2\/media?parent=30892210"}],"wp:term":[{"taxonomy":"category","embeddable":true,"href":"https:\/\/www.upo.es\/diario\/wp-json\/wp\/v2\/categories?post=30892210"},{"taxonomy":"post_tag","embeddable":true,"href":"https:\/\/www.upo.es\/diario\/wp-json\/wp\/v2\/tags?post=30892210"}],"curies":[{"name":"wp","href":"https:\/\/api.w.org\/{rel}","templated":true}]}}