{"id":30892222,"date":"2026-09-04T11:18:44","date_gmt":"2026-09-04T09:18:44","guid":{"rendered":"https:\/\/www.upo.es\/diario\/?p=30892222"},"modified":"2026-09-04T11:22:58","modified_gmt":"2026-09-04T09:22:58","slug":"proyecto-incasi2-cepal-movilidad-social-encuestas-hogares-america-latina","status":"publish","type":"post","link":"https:\/\/www.upo.es\/diario\/docencia-formacion\/2026\/09\/proyecto-incasi2-cepal-movilidad-social-encuestas-hogares-america-latina\/","title":{"rendered":"El proyecto INCASI2 presenta ante la CEPAL una propuesta para medir la movilidad social en las encuestas de hogares de Am\u00e9rica Latina y el Caribe"},"content":{"rendered":"<figure id=\"attachment_30892224\" aria-describedby=\"caption-attachment-30892224\" style=\"width: 602px\" class=\"wp-caption aligncenter\"><img loading=\"lazy\" decoding=\"async\" class=\"size-full wp-image-30892224\" src=\"https:\/\/www.upo.es\/diario\/wp-content\/uploads\/2026\/09\/CEPAL-INCASI2_1.png\" alt=\"XXV Reuni\u00f3n del Comit\u00e9 Ejecutivo de la Conferencia Estad\u00edstica de las Am\u00e9ricas de la CEPAL \" width=\"602\" height=\"346\" srcset=\"https:\/\/www.upo.es\/diario\/wp-content\/uploads\/2026\/09\/CEPAL-INCASI2_1.png 602w, https:\/\/www.upo.es\/diario\/wp-content\/uploads\/2026\/09\/CEPAL-INCASI2_1-420x241.png 420w\" sizes=\"auto, (max-width: 602px) 100vw, 602px\" \/><figcaption id=\"caption-attachment-30892224\" class=\"wp-caption-text\">XXV Reuni\u00f3n del Comit\u00e9 Ejecutivo de la Conferencia Estad\u00edstica de las Am\u00e9ricas<\/figcaption><\/figure>\n<p>El proyecto <a href=\"https:\/\/www.upo.es\/diario\/docencia-formacion\/2024\/09\/el-proyecto-incasi2-profundiza-en-las-desigualdades-socioeconomicas-desde-una-perspectiva-comparada\/\">INCASI<\/a> (<em>International Network for Comparative Analysis of Social Inequalities<\/em>) ha participado en la <a href=\"https:\/\/www.cepal.org\/es\/eventos\/xxv-reunion-comite-ejecutivo-la-conferencia-estadistica-americas-la-cepal\">XXV Reuni\u00f3n del Comit\u00e9 Ejecutivo de la Conferencia Estad\u00edstica de las Am\u00e9ricas<\/a> de la CEPAL, celebrada los d\u00edas <strong>2 y 3 de septiembre en su sede en Santiago de Chile<\/strong> y presidida por Uruguay, pa\u00eds al frente actualmente de la Conferencia. En este foro, que reuni\u00f3 a representantes de los institutos nacionales de estad\u00edstica de todos los pa\u00edses de Am\u00e9rica Latina y el Caribe, se present\u00f3 una propuesta para incorporar la medici\u00f3n de la movilidad social intergeneracional en las encuestas de hogares y laborales de la regi\u00f3n.<\/p>\n<figure id=\"attachment_30892225\" aria-describedby=\"caption-attachment-30892225\" style=\"width: 331px\" class=\"wp-caption alignright\"><a href=\"https:\/\/www.upo.es\/diario\/wp-content\/uploads\/2026\/09\/SFachelli_PLopez_CEPAL.jpg\"><img loading=\"lazy\" decoding=\"async\" class=\"wp-image-30892225 size-medium\" src=\"https:\/\/www.upo.es\/diario\/wp-content\/uploads\/2026\/09\/SFachelli_PLopez_CEPAL-331x420.jpg\" alt=\"Sandra Fachelli y Pedro L\u00f3pez en la Reuni\u00f3n del Comit\u00e9 Ejecutivo \" width=\"331\" height=\"420\" srcset=\"https:\/\/www.upo.es\/diario\/wp-content\/uploads\/2026\/09\/SFachelli_PLopez_CEPAL-331x420.jpg 331w, https:\/\/www.upo.es\/diario\/wp-content\/uploads\/2026\/09\/SFachelli_PLopez_CEPAL.jpg 410w\" sizes=\"auto, (max-width: 331px) 100vw, 331px\" \/><\/a><figcaption id=\"caption-attachment-30892225\" class=\"wp-caption-text\">Sandra Fachelli y Pedro L\u00f3pez<\/figcaption><\/figure>\n<p>La ponencia, titulada <strong><em>\u2018Propuesta para la medici\u00f3n de la movilidad social en las encuestas de hogares\u2019<\/em><\/strong>, fue presentada por <strong>Sandra Fachelli<\/strong>, profesora titular de la Universidad Pablo de Olavide, junto con <strong>Pedro L\u00f3pez-Rold\u00e1n<\/strong>, de la Universidad Aut\u00f3noma de Barcelona. Su presencia ante el pleno del Comit\u00e9 Ejecutivo otorga a la iniciativa una proyecci\u00f3n regional inmediata y cualquier avance en su adopci\u00f3n contar\u00eda con el respaldo del proyecto ofrecido a los organismos estad\u00edsticos oficiales de toda Am\u00e9rica Latina y el Caribe, dando pie a una provechosa colaboraci\u00f3n con la academia.<\/p>\n<p>La movilidad social \u2014comparaci\u00f3n entre la posici\u00f3n socioecon\u00f3mica de una generaci\u00f3n y la de sus progenitores\u2014 es, seg\u00fan defendieron las y los ponentes, un <strong>indicador clave para diagnosticar desigualdades, evaluar la igualdad de oportunidades y orientar pol\u00edticas p\u00fablicas, y est\u00e1 directamente vinculada a los Objetivos de Desarrollo Sostenible<\/strong> (ODS 10, reducci\u00f3n de las desigualdades, y ODS 4, educaci\u00f3n de calidad). Pese a su relevancia, su medici\u00f3n ha sido hasta ahora escasa en la regi\u00f3n por la falta de fuentes de datos armonizadas, un vac\u00edo que la propuesta busca cubrir con un conjunto reducido de variables \u2014ocupaci\u00f3n de origen y educaci\u00f3n\u2014 que podr\u00edan incorporarse de forma sencilla en las encuestas ya existentes en los distintos pa\u00edses, al consultar a las personas entrevistadas mayores de 25 a\u00f1os, que trabajan o hayan trabajado.<\/p>\n<p>En este sentido, Jos\u00e9 Manuel Salazar-Xirinachs, secretario ejecutivo de la CEPAL, destac\u00f3 durante la <a href=\"https:\/\/www.cepal.org\/es\/comunicados\/estadisticas-oficiales-son-un-bien-publico-esencial-adecuado-funcionamiento-sociedades\">inauguraci\u00f3n del Comit\u00e9<\/a> la relevancia de contar con estad\u00edsticas s\u00f3lidas para poder llevar a cabo pol\u00edticas de desarrollo: \u00absin datos de calidad no hay diagn\u00f3sticos s\u00f3lidos, no hay evaluaci\u00f3n y no hay rendici\u00f3n de cuentas\u00bb, afirm\u00f3. Asimismo, recalc\u00f3 la alta desigualdad y la baja movilidad social como una de las \u00abtrampas del desarrollo que nos exige comprender mejor y sobre la cual tenemos menos evidencia sistem\u00e1tica\u00bb.<\/p>\n<p>La propuesta se apoya en el trabajo desarrollado por la red internacional INCASI, cuya subcoordinaci\u00f3n recae precisamente en la UPO. INCASI2 re\u00fane actualmente a 25 universidades europeas y latinoamericanas \u2014catorce de la Uni\u00f3n Europea y once de Am\u00e9rica Latina\u2014 y a socios no acad\u00e9micos como la propia CEPAL, Latinobar\u00f3metro, LAPOP y CLACSO, y desarrolla su segunda fase (INCASI2, 2023-2027) con financiaci\u00f3n del programa europeo Horizon Europe (Marie Sk\u0142odowska-Curie Actions GA-101130456).<\/p>\n<p>Esta presencia ante la CEPAL refuerza adem\u00e1s la posici\u00f3n internacional de la UPO al avanzar en su papel de liderazgo en el \u00e1mbito a trav\u00e9s de INCASI, reafirmar el papel de la Olavide como referente en el estudio comparado de la movilidad social y las desigualdades entre Europa y Am\u00e9rica Latina, y contribuir a que la Conferencia Estad\u00edstica de las Am\u00e9ricas disponga de una herramienta metodol\u00f3gica com\u00fan aplicable en toda la regi\u00f3n.<\/p>\n<h3><strong>CEPAL &#8211; Comisi\u00f3n regional de Naciones Unidas<\/strong><\/h3>\n<p>La Comisi\u00f3n Econ\u00f3mica para Am\u00e9rica Latina y el Caribe fue creada en 1948 y es una de las cinco comisiones regionales de Naciones Unidas para el desarrollo econ\u00f3mico y social. Adem\u00e1s de fomentar la cooperaci\u00f3n y el comercio, realiza estudios y recopila datos e indicadores para facilitar la gobernanza de los pa\u00edses latinoamericanos y del Caribe.<\/p>\n","protected":false},"excerpt":{"rendered":"<p>La iniciativa, presentada en la XXV Reuni\u00f3n del Comit\u00e9 Ejecutivo de la Conferencia Estad\u00edstica de las Am\u00e9ricas de la CEPAL (Comisi\u00f3n Econ\u00f3mica para Am\u00e9rica Latina y el Caribe) cont\u00f3 con la presencia de los institutos nacionales de estad\u00edstica de toda la regi\u00f3n y se apoya en el trabajo de la red internacional INCASI sobre movilidad social, coordinada por la Universidad Aut\u00f3noma de Barcelona y la Universidad Pablo de Olavide.<\/p>\n","protected":false},"author":6,"featured_media":30892224,"comment_status":"closed","ping_status":"open","sticky":false,"template":"","format":"standard","meta":{"_acf_changed":false,"_monsterinsights_skip_tracking":false,"footnotes":""},"categories":[2779],"tags":[5231,560,3716,1571,8093,2555,2873,591,5048,2891,8931],"class_list":["post-30892222","post","type-post","status-publish","format-standard","has-post-thumbnail","hentry","category-docencia-formacion","tag-area-de-sociologia","tag-desigualdades","tag-estadistica","tag-gobernanza","tag-horizonte-europa","tag-latinoamerica","tag-movilidad-social","tag-naciones-unidas","tag-ods","tag-proyecto-europeo","tag-proyecto-incasi2"],"acf":[],"_links":{"self":[{"href":"https:\/\/www.upo.es\/diario\/wp-json\/wp\/v2\/posts\/30892222","targetHints":{"allow":["GET"]}}],"collection":[{"href":"https:\/\/www.upo.es\/diario\/wp-json\/wp\/v2\/posts"}],"about":[{"href":"https:\/\/www.upo.es\/diario\/wp-json\/wp\/v2\/types\/post"}],"author":[{"embeddable":true,"href":"https:\/\/www.upo.es\/diario\/wp-json\/wp\/v2\/users\/6"}],"replies":[{"embeddable":true,"href":"https:\/\/www.upo.es\/diario\/wp-json\/wp\/v2\/comments?post=30892222"}],"version-history":[{"count":5,"href":"https:\/\/www.upo.es\/diario\/wp-json\/wp\/v2\/posts\/30892222\/revisions"}],"predecessor-version":[{"id":30892229,"href":"https:\/\/www.upo.es\/diario\/wp-json\/wp\/v2\/posts\/30892222\/revisions\/30892229"}],"wp:featuredmedia":[{"embeddable":true,"href":"https:\/\/www.upo.es\/diario\/wp-json\/wp\/v2\/media\/30892224"}],"wp:attachment":[{"href":"https:\/\/www.upo.es\/diario\/wp-json\/wp\/v2\/media?parent=30892222"}],"wp:term":[{"taxonomy":"category","embeddable":true,"href":"https:\/\/www.upo.es\/diario\/wp-json\/wp\/v2\/categories?post=30892222"},{"taxonomy":"post_tag","embeddable":true,"href":"https:\/\/www.upo.es\/diario\/wp-json\/wp\/v2\/tags?post=30892222"}],"curies":[{"name":"wp","href":"https:\/\/api.w.org\/{rel}","templated":true}]}}