{"id":30892230,"date":"2026-09-04T13:48:18","date_gmt":"2026-09-04T11:48:18","guid":{"rendered":"https:\/\/www.upo.es\/diario\/?p=30892230"},"modified":"2026-09-04T13:48:18","modified_gmt":"2026-09-04T11:48:18","slug":"mas-de-2000-estudiantes-nuevo-ingreso-participaran-proxima-semana-jornadas-bienvenida-upo","status":"publish","type":"post","link":"https:\/\/www.upo.es\/diario\/comunidad\/2026\/09\/mas-de-2000-estudiantes-nuevo-ingreso-participaran-proxima-semana-jornadas-bienvenida-upo\/","title":{"rendered":"M\u00e1s de 2000 estudiantes de nuevo ingreso participar\u00e1n la pr\u00f3xima semana en las Jornadas de Bienvenida de la UPO"},"content":{"rendered":"<figure id=\"attachment_30892231\" aria-describedby=\"caption-attachment-30892231\" style=\"width: 750px\" class=\"wp-caption aligncenter\"><a href=\"https:\/\/www.upo.es\/diario\/wp-content\/uploads\/2026\/09\/Jornadas-Bienvenida_2025-scaled.jpg\"><img loading=\"lazy\" decoding=\"async\" class=\"wp-image-30892231 size-large\" src=\"https:\/\/www.upo.es\/diario\/wp-content\/uploads\/2026\/09\/Jornadas-Bienvenida_2025-750x422.jpg\" alt=\"\" width=\"750\" height=\"422\" srcset=\"https:\/\/www.upo.es\/diario\/wp-content\/uploads\/2026\/09\/Jornadas-Bienvenida_2025-750x422.jpg 750w, https:\/\/www.upo.es\/diario\/wp-content\/uploads\/2026\/09\/Jornadas-Bienvenida_2025-420x236.jpg 420w, https:\/\/www.upo.es\/diario\/wp-content\/uploads\/2026\/09\/Jornadas-Bienvenida_2025-768x432.jpg 768w, https:\/\/www.upo.es\/diario\/wp-content\/uploads\/2026\/09\/Jornadas-Bienvenida_2025-1536x864.jpg 1536w, https:\/\/www.upo.es\/diario\/wp-content\/uploads\/2026\/09\/Jornadas-Bienvenida_2025-2048x1152.jpg 2048w, https:\/\/www.upo.es\/diario\/wp-content\/uploads\/2026\/09\/Jornadas-Bienvenida_2025-1320x743.jpg 1320w\" sizes=\"auto, (max-width: 750px) 100vw, 750px\" \/><\/a><figcaption id=\"caption-attachment-30892231\" class=\"wp-caption-text\">Imagen de las Jornadas de Bienvenida del curso 2025-2026.<\/figcaption><\/figure>\n<p>La Universidad Pablo de Olavide celebra los d\u00edas <strong>9 y 10 de septiembre <\/strong>sus <a href=\"https:\/\/www.upo.es\/estudiantes\/.content\/nueva-tematica\/Jornadas-de-Bienvenida-al-alumnado-de-nuevo-ingreso-9-y-10-de-septiembre-2026\/\"><strong>Jornadas de Bienvenida<\/strong><\/a>, un encuentro para\u00a0presentar al alumnado de grado de nuevo ingreso los servicios, centros y unidades claves de la Universidad para facilitar el inicio de la convivencia universitaria, antes del comienzo oficial de las clases. Con el lema <em>El presente es la Olavide, el futuro eres t\u00fa<\/em>, el campus se abrir\u00e1 a m\u00e1s de dos mil estudiantes que inician una nueva etapa en su formaci\u00f3n acad\u00e9mica y personal.<\/p>\n<p><u>Las Jornadas comenzar\u00e1n cada ma\u00f1ana a las 9 horas con una <strong>bienvenida institucional <\/strong>en la Plaza de Am\u00e9rica<\/u>, frente al Rectorado de la UPO, seguida de <strong>paseos guiados<\/strong> por el campus en los que estudiantes veteranos, conocidos como \u2018lazarillos\u2019, mostrar\u00e1n las instalaciones y resolver\u00e1n las dudas. Esta din\u00e1mica no solo busca orientar al nuevo alumnado, sino tambi\u00e9n generar un primer contacto que facilite la adaptaci\u00f3n al entorno universitario.<\/p>\n<p><a href=\"https:\/\/www.upo.es\/diario\/wp-content\/uploads\/2026\/09\/PROGRAMA-BIENVENIDA-26-27.png\"><img loading=\"lazy\" decoding=\"async\" class=\"alignright size-medium wp-image-30892232\" src=\"https:\/\/www.upo.es\/diario\/wp-content\/uploads\/2026\/09\/PROGRAMA-BIENVENIDA-26-27-297x420.png\" alt=\"\" width=\"297\" height=\"420\" srcset=\"https:\/\/www.upo.es\/diario\/wp-content\/uploads\/2026\/09\/PROGRAMA-BIENVENIDA-26-27-297x420.png 297w, https:\/\/www.upo.es\/diario\/wp-content\/uploads\/2026\/09\/PROGRAMA-BIENVENIDA-26-27-371x525.png 371w, https:\/\/www.upo.es\/diario\/wp-content\/uploads\/2026\/09\/PROGRAMA-BIENVENIDA-26-27.png 595w\" sizes=\"auto, (max-width: 297px) 100vw, 297px\" \/><\/a>Asimismo, <strong>la Plaza de Am\u00e9rica se convertir\u00e1 en un gran espacio informativo<\/strong>, con stands de las principales \u00e1reas y servicios universitarios de la Olavide: desde informaci\u00f3n sobre cuestiones pr\u00e1cticas para el estudiantado de grado, sobre m\u00e1steres, relaciones internacionales, empleabilidad y emprendimiento, pr\u00e1cticas en empresas, hasta deportes, cultura, voluntariado, igualdad, atenci\u00f3n psicoemocional y asociaciones estudiantiles. El objetivo es dar a conocer, de forma cercana, los m\u00faltiples recursos que la Universidad pone a disposici\u00f3n de sus estudiantes.<\/p>\n<p>Adem\u00e1s de las visitas y el acompa\u00f1amiento personalizado, las Jornadas de Bienvenida incluyen <strong>charlas t\u00e9cnicas sobre temas esenciales para el aprovechamiento de la vida universitaria:<\/strong> movilidad nacional e internacional, voluntariado, igualdad, extensi\u00f3n cultural, atenci\u00f3n a la discapacidad y necesidades espec\u00edficas de apoyo educativo, representaci\u00f3n estudiantil y becas.<\/p>\n<p>Las Facultades y la Escuela Polit\u00e9cnica Superior ofrecer\u00e1n unas <strong>sesiones de orientaci\u00f3n espec\u00edficas para su nuevo estudiantado<\/strong>, en las que se presentan los diferentes grados y facilitan un primer encuentro entre los futuros compa\u00f1eros y compa\u00f1eras de clase.<\/p>\n<p>El primer d\u00eda de las jornadas, <u>el mi\u00e9rcoles 9 de septiembre<\/u>, el estudiantado de la <strong>Escuela Polit\u00e9cnica Superior<\/strong> y de las <strong>Facultades de Humanidades<\/strong>, <strong>de Ciencias Experimentales<\/strong> y <strong>Ciencias Sociales<\/strong> tendr\u00e1 su sesi\u00f3n informativa mientras que el <u>jueves 10<\/u>\u00a0ser\u00e1 el turno para los y las estudiantes de las <strong>Facultades de Ciencias del Deporte, Derecho y Ciencias Empresariales<\/strong>.<\/p>\n<p>Las Jornadas de Bienvenida, organizadas por el Vicerrectorado de Estudiantes, suponen as\u00ed el primer punto de encuentro del nuevo alumnado con la Universidad Pablo de Olavide, una oportunidad para conocer el campus, resolver dudas y comenzar a formar parte de la comunidad universitaria antes del inicio de las clases.<\/p>\n<p><a href=\"https:\/\/www.upo.es\/cms1\/export\/sites\/upo\/asistencia-estudiante\/orientacion\/documentos\/PROGRAMA-BIENVENIDA-26-27.pdf\"><strong>Programa completo de las Jornadas de Bienvenida 2026<\/strong><\/a><\/p>\n<h3><strong>Bienvenida al estudiante de movilidad<\/strong><strong>\u00a0<\/strong><\/h3>\n<p>Paralelamente, la Universidad Pablo de Olavide recibir\u00e1 tambi\u00e9n <strong>a m\u00e1s de 500 estudiantes <em>Incoming<\/em><\/strong> los d\u00edas 9 y 10 de septiembre, en un encuentro <strong>de bienvenida dise\u00f1ado para acompa\u00f1ar al alumnado de los Programas<\/strong> Erasmus y SICUE por los distintos servicios e instalaciones del campus de la UPO.<\/p>\n<p><u>La jornada comenzar\u00e1 con la bienvenida institucional a las 9 horas en el Sal\u00f3n de Actos del Instituto de la Grasa<\/u> con una charla por parte del equipo del \u00c1rea de Relaciones Internacionales y Cooperaci\u00f3n de la UPO.<\/p>\n<p>Los y las estudiantes <em>Incoming<\/em> que cursar\u00e1n sus estudios durante el primer semestre o el curso anual en la UPO proceden de 21 pa\u00edses diferentes: Alemania, Austria, B\u00e9lgica, Colombia, Croacia, Ecuador, Eslovaquia, Eslovenia, Espa\u00f1a, Francia, Hungr\u00eda, Irlanda, Italia, Luxemburgo, M\u00e9xico, Pa\u00edses Bajos, Polonia, Portugal, Reino Unido, Rep\u00fablica Checa y Uruguay.<\/p>\n<p>La bienvenida al alumnado <em>Incoming<\/em> est\u00e1 organizada por el Vicerrectorado de Internacionalizaci\u00f3n, a trav\u00e9s del \u00c1rea de Relaciones Internacionales y Cooperaci\u00f3n de la UPO, con el objetivo de facilitar su incorporaci\u00f3n a la Universidad y ofrecerles la informaci\u00f3n necesaria para el desarrollo de su estancia acad\u00e9mica.<\/p>\n","protected":false},"excerpt":{"rendered":"<p>La Universidad Pablo de Olavide celebra los d\u00edas 9 y 10 de septiembre sus Jornadas de Bienvenida, un encuentro para\u00a0presentar al alumnado de grado de nuevo ingreso los servicios, centros y unidades claves de la Universidad para facilitar el inicio de la convivencia universitaria, antes del comienzo oficial de las clases. Con el lema El presente es la Olavide, el futuro eres t\u00fa, el campus se abrir\u00e1 a m\u00e1s de dos mil estudiantes que inician una nueva etapa en su formaci\u00f3n acad\u00e9mica y personal.<\/p>\n","protected":false},"author":2,"featured_media":30892231,"comment_status":"closed","ping_status":"open","sticky":false,"template":"","format":"standard","meta":{"_acf_changed":false,"_monsterinsights_skip_tracking":false,"footnotes":""},"categories":[5842],"tags":[107,9480,21,2580,1056,2114,3620],"class_list":["post-30892230","post","type-post","status-publish","format-standard","has-post-thumbnail","hentry","category-comunidad","tag-campus","tag-curso-2026-2027","tag-estudiantes","tag-jornadas-de-bienvenida","tag-movilidad","tag-vicerrectorado-de-estudiantes","tag-vicerrectorado-de-internacionalizacion"],"acf":[],"_links":{"self":[{"href":"https:\/\/www.upo.es\/diario\/wp-json\/wp\/v2\/posts\/30892230","targetHints":{"allow":["GET"]}}],"collection":[{"href":"https:\/\/www.upo.es\/diario\/wp-json\/wp\/v2\/posts"}],"about":[{"href":"https:\/\/www.upo.es\/diario\/wp-json\/wp\/v2\/types\/post"}],"author":[{"embeddable":true,"href":"https:\/\/www.upo.es\/diario\/wp-json\/wp\/v2\/users\/2"}],"replies":[{"embeddable":true,"href":"https:\/\/www.upo.es\/diario\/wp-json\/wp\/v2\/comments?post=30892230"}],"version-history":[{"count":3,"href":"https:\/\/www.upo.es\/diario\/wp-json\/wp\/v2\/posts\/30892230\/revisions"}],"predecessor-version":[{"id":30892235,"href":"https:\/\/www.upo.es\/diario\/wp-json\/wp\/v2\/posts\/30892230\/revisions\/30892235"}],"wp:featuredmedia":[{"embeddable":true,"href":"https:\/\/www.upo.es\/diario\/wp-json\/wp\/v2\/media\/30892231"}],"wp:attachment":[{"href":"https:\/\/www.upo.es\/diario\/wp-json\/wp\/v2\/media?parent=30892230"}],"wp:term":[{"taxonomy":"category","embeddable":true,"href":"https:\/\/www.upo.es\/diario\/wp-json\/wp\/v2\/categories?post=30892230"},{"taxonomy":"post_tag","embeddable":true,"href":"https:\/\/www.upo.es\/diario\/wp-json\/wp\/v2\/tags?post=30892230"}],"curies":[{"name":"wp","href":"https:\/\/api.w.org\/{rel}","templated":true}]}}