{"id":3100311,"date":"2014-03-10T12:36:46","date_gmt":"2014-03-10T12:36:46","guid":{"rendered":"https:\/\/www.upo.es\/diario\/?p=3100311"},"modified":"2014-03-10T20:28:26","modified_gmt":"2014-03-10T20:28:26","slug":"las-andaluzas-ganan-5-426-euros-brutos-anuales-menos-que-los-hombres-segun-un-estudio-liderado-por-la-upo","status":"publish","type":"post","link":"https:\/\/www.upo.es\/diario\/ciencia\/2014\/03\/las-andaluzas-ganan-5-426-euros-brutos-anuales-menos-que-los-hombres-segun-un-estudio-liderado-por-la-upo\/","title":{"rendered":"Un equipo liderado por la UPO publica el trabajo \u00abLa Segregaci\u00f3n Laboral de la Mujer Andaluza\u00bb"},"content":{"rendered":"<figure id=\"attachment_2825127\" aria-describedby=\"caption-attachment-2825127\" style=\"width: 320px\" class=\"wp-caption alignright\"><a href=\"https:\/\/www.upo.es\/diario\/wp-content\/uploads\/2014\/02\/carlos_usabiaga.jpg\"><img loading=\"lazy\" decoding=\"async\" class=\"size-medium wp-image-2825127\" alt=\"Carlos Usabiaga en el campus de la UPO\" src=\"https:\/\/www.upo.es\/diario\/wp-content\/uploads\/2014\/02\/carlos_usabiaga-320x213.jpg\" width=\"320\" height=\"213\" srcset=\"https:\/\/www.upo.es\/diario\/wp-content\/uploads\/2014\/02\/carlos_usabiaga-320x213.jpg 320w, https:\/\/www.upo.es\/diario\/wp-content\/uploads\/2014\/02\/carlos_usabiaga-1024x682.jpg 1024w, https:\/\/www.upo.es\/diario\/wp-content\/uploads\/2014\/02\/carlos_usabiaga-600x400.jpg 600w\" sizes=\"auto, (max-width: 320px) 100vw, 320px\" \/><\/a><figcaption id=\"caption-attachment-2825127\" class=\"wp-caption-text\">Carlos Usabiaga, catedr\u00e1tico de Econom\u00eda, ha sido el investigador principal del \u00a0estudio<\/figcaption><\/figure>\n<p>Un equipo liderado por la Universidad Pablo de Olavide de Sevilla ha finalizado recientemente el proyecto <strong>\u201cLa Segregaci\u00f3n Laboral de la Mujer Andaluza: Indicadores, Consecuencias y Medidas hacia la Igualdad de G\u00e9nero\u201d<\/strong>, financiado por el Centro de Estudios Andaluces en la convocatoria de ayudas a la investigaci\u00f3n de 2012 (PRY055\/12). Este estudio aborda la desigualdad econ\u00f3mica y m\u00e1s concretamente las diferencias laborales que existen por raz\u00f3n de g\u00e9nero, cuestiones clave a las que se enfrenta la ciencia econ\u00f3mica.<\/p>\n<p><strong>La investigaci\u00f3n aborda tres grandes temas:<\/strong> la medici\u00f3n de la segregaci\u00f3n laboral existente entre mujeres y hombres en Andaluc\u00eda; la explicaci\u00f3n de los determinantes de la\u00a0 segregaci\u00f3n laboral observada; y las implicaciones que se derivan de la existencia de este tipo de diferencias laborales por g\u00e9nero, especialmente en t\u00e9rminos de salarios y de satisfacci\u00f3n laboral. Entre otras cosas, se intenta cuantificar la existencia de discriminaci\u00f3n laboral femenina. A la luz de esos an\u00e1lisis, el proyecto obtiene una serie de conclusiones y de implicaciones de pol\u00edtica. Para enriquecer el estudio de la realidad andaluza, la investigaci\u00f3n tambi\u00e9n utiliza la comparaci\u00f3n con el conjunto de Espa\u00f1a. La investigaci\u00f3n aplica t\u00e9cnicas econom\u00e9tricas sobre las bases de datos m\u00e1s relevantes para los aspectos abordados.<\/p>\n<figure id=\"attachment_3100312\" aria-describedby=\"caption-attachment-3100312\" style=\"width: 242px\" class=\"wp-caption alignleft\"><a href=\"https:\/\/www.upo.es\/diario\/wp-content\/uploads\/2014\/03\/portada-segragacion-laboral-mujeres-andaluzas.png\"><img loading=\"lazy\" decoding=\"async\" class=\"size-medium wp-image-3100312 \" alt=\"\u201cLa segregaci\u00f3n laboral de la mujer andaluza: indicadores, consecuencias y medidas hacia la igualdad de g\u00e9nero\u201d - portada\" src=\"https:\/\/www.upo.es\/diario\/wp-content\/uploads\/2014\/03\/portada-segragacion-laboral-mujeres-andaluzas-242x320.png\" width=\"242\" height=\"320\" srcset=\"https:\/\/www.upo.es\/diario\/wp-content\/uploads\/2014\/03\/portada-segragacion-laboral-mujeres-andaluzas-242x320.png 242w, https:\/\/www.upo.es\/diario\/wp-content\/uploads\/2014\/03\/portada-segragacion-laboral-mujeres-andaluzas-600x793.png 600w, https:\/\/www.upo.es\/diario\/wp-content\/uploads\/2014\/03\/portada-segragacion-laboral-mujeres-andaluzas.png 705w\" sizes=\"auto, (max-width: 242px) 100vw, 242px\" \/><\/a><figcaption id=\"caption-attachment-3100312\" class=\"wp-caption-text\">El estudio ha sido financiado por el Centro de Estudios Andaluces<\/figcaption><\/figure>\n<p>El equipo de investigaci\u00f3n, con Carlos Usabiaga como investigador principal, ha contado con investigadores de la UPO, la Universidad de Sevilla, la Universidad de Alcal\u00e1 de Henares y la Universidad Aut\u00f3noma de Madrid.<\/p>\n<p>El informe final del proyecto ha sido publicado \u00edntegramente por el Centro de Estudios Andaluces, en su colecci\u00f3n \u201cFactor\u00eda de Ideas\u201d (Econom\u00eda, FI00614).<\/p>\n<p><a href=\"http:\/\/www.centrodeestudiosandaluces.es\/index.php?mod=factoriaideas&amp;cat=1&amp;id=218&amp;ida=0&amp;idm=\">http:\/\/www.centrodeestudiosandaluces.es\/index.php?mod=factoriaideas&amp;cat=1&amp;id=218&amp;ida=0&amp;idm=<\/a><\/p>\n","protected":false},"excerpt":{"rendered":"<p>Un equipo liderado por la Universidad Pablo de Olavide de Sevilla ha finalizado recientemente el proyecto \u201cLa Segregaci\u00f3n Laboral de la Mujer Andaluza: Indicadores, Consecuencias y Medidas hacia la Igualdad de G\u00e9nero\u201d, financiado por el Centro de Estudios Andaluces en la convocatoria de ayudas a la investigaci\u00f3n de 2012.<\/p>\n","protected":false},"author":6,"featured_media":0,"comment_status":"closed","ping_status":"open","sticky":false,"template":"","format":"standard","meta":{"_monsterinsights_skip_tracking":false,"_monsterinsights_sitenote_active":false,"_monsterinsights_sitenote_note":"","_monsterinsights_sitenote_category":0,"footnotes":""},"categories":[3],"tags":[190,1220,560,1200,63,438,336,517,56,734,39],"class_list":["post-3100311","post","type-post","status-publish","format-standard","hentry","category-ciencia","tag-andalucia","tag-centro-de-estudios-andaluces","tag-desigualdades","tag-dia-internacional-de-las-mujeres","tag-economia","tag-empleo","tag-genero","tag-igualdad","tag-investigacion","tag-investigadores","tag-universidades"],"_links":{"self":[{"href":"https:\/\/www.upo.es\/diario\/wp-json\/wp\/v2\/posts\/3100311","targetHints":{"allow":["GET"]}}],"collection":[{"href":"https:\/\/www.upo.es\/diario\/wp-json\/wp\/v2\/posts"}],"about":[{"href":"https:\/\/www.upo.es\/diario\/wp-json\/wp\/v2\/types\/post"}],"author":[{"embeddable":true,"href":"https:\/\/www.upo.es\/diario\/wp-json\/wp\/v2\/users\/6"}],"replies":[{"embeddable":true,"href":"https:\/\/www.upo.es\/diario\/wp-json\/wp\/v2\/comments?post=3100311"}],"version-history":[{"count":4,"href":"https:\/\/www.upo.es\/diario\/wp-json\/wp\/v2\/posts\/3100311\/revisions"}],"predecessor-version":[{"id":3100314,"href":"https:\/\/www.upo.es\/diario\/wp-json\/wp\/v2\/posts\/3100311\/revisions\/3100314"}],"wp:attachment":[{"href":"https:\/\/www.upo.es\/diario\/wp-json\/wp\/v2\/media?parent=3100311"}],"wp:term":[{"taxonomy":"category","embeddable":true,"href":"https:\/\/www.upo.es\/diario\/wp-json\/wp\/v2\/categories?post=3100311"},{"taxonomy":"post_tag","embeddable":true,"href":"https:\/\/www.upo.es\/diario\/wp-json\/wp\/v2\/tags?post=3100311"}],"curies":[{"name":"wp","href":"https:\/\/api.w.org\/{rel}","templated":true}]}}