{"id":310209,"date":"2013-01-21T11:15:04","date_gmt":"2013-01-21T11:15:04","guid":{"rendered":"https:\/\/www.upo.es\/diario\/?p=310209"},"modified":"2013-01-22T07:12:33","modified_gmt":"2013-01-22T07:12:33","slug":"expertos-analizan-desde-hoy-lunes-en-la-upo-la-crisis-capitalista-como-amenaza-y-como-oportunidad","status":"publish","type":"post","link":"https:\/\/www.upo.es\/diario\/institucional\/2013\/01\/expertos-analizan-desde-hoy-lunes-en-la-upo-la-crisis-capitalista-como-amenaza-y-como-oportunidad\/","title":{"rendered":"Expertos analizan desde el lunes en la UPO la crisis capitalista como amenaza y como oportunidad"},"content":{"rendered":"<p><a href=\"https:\/\/www.upo.es\/diario\/wp-content\/uploads\/2013\/01\/derechos_sociales_la_crisis_capitalista_como_amenaza_y_como_oportunidad.jpg\"><img loading=\"lazy\" decoding=\"async\" class=\"alignright size-full wp-image-270114\" alt=\"\u201cDERECHOS SOCIALES: La crisis capitalista como amenaza y como oportunidad&quot;\" src=\"https:\/\/www.upo.es\/diario\/wp-content\/uploads\/2013\/01\/derechos_sociales_la_crisis_capitalista_como_amenaza_y_como_oportunidad.jpg\" width=\"300\" height=\"188\" \/><\/a>El lunes 21 de enero, a las 16 horas en la sala de grados de la Biblioteca de la Universidad Pablo de Olavide, comenzar\u00e1 el seminario internacional \u201cDerechos Sociales: la crisis capitalista como amenaza y como oportunidad\u201d, un encuentro que reunir\u00e1 a lo largo de tres d\u00edas a expertos en la materia con el objetivo de analizar los efectos de la crisis econ\u00f3mica actual.<\/p>\n<p>La mesa redonda que abrir\u00e1 el seminario lleva por t\u00edtulo \u201cDerecho al Trabajo, Desempleo y Regulaci\u00f3n Estatal\u201d, ser\u00e1 presentada a las 16 horas por Wilson Ramos Filho, investigador de la Universidad Federal de Paran\u00e1 y UNIBRASIL, y contar\u00e1 con la participaci\u00f3n de Rosario Valpuesta, catedr\u00e1tica de Derecho Civil de la UPO; Juan Torres, catedr\u00e1tico de Econom\u00eda Aplicada de la Universidad de Sevilla y miembro del Consejo Cient\u00edfico de Attac Espa\u00f1a, y Leonardo Wandelli (UNIBRASIL-Escola Judicial TRT\/PR).<\/p>\n<p>Este seminario se enmarca en el M\u00e1ster Universitario en Derechos Humanos, Interculturalidad y Desarrollo de la Universidad Pablo de Olavide y la Universidad Internacional de Andaluc\u00eda, codirigido por Rosario Valpuesta, catedr\u00e1tica de Derecho Civil de la UPO, y Carol Proner, doctora en Derecho Internacional por la UPO.<\/p>\n<p><b>\u00a0 \u00a0 \u00a0 \u00a0 \u00a0 \u00a0<\/b><b>\u00a0<\/b><\/p>\n<p align=\"center\"><b>PROGRAMA<\/b><\/p>\n<p align=\"center\"><b>Seminario Internacional sobre Derechos Sociales<\/b><\/p>\n<p align=\"center\"><b>\u00a0\u201cLa crisis capitalista como amenaza y como oportunidad\u00bb<\/b><\/p>\n<p align=\"center\"><b>Sala de grados de la Biblioteca<\/b><\/p>\n<p align=\"center\"><b>Universidad Pablo de Olavide<\/b><\/p>\n<p align=\"center\"><b>21, 22 y 23 de enero de 2013<\/b><\/p>\n<p align=\"center\"><b>\u00a0<\/b><\/p>\n<p>&nbsp;<\/p>\n<p><b>LUNES 21 DE ENERO<\/b><\/p>\n<p><b>16 \u2013 17.30h.<\/b> DERECHO AL TRABAJO, DESEMPLEO Y REGULACI\u00d3N ESTATAL<\/p>\n<p>Presentaci\u00f3n: Wilson Ramos Filho (UFPR- UNIBRASIL-UPO)<\/p>\n<p>Conferenciantes:<\/p>\n<p>Rosario Valpuesta Fern\u00e1ndez (UPO-ES)<\/p>\n<p>Juan Torres. Catedr\u00e1tico de Econom\u00eda Aplicada de la Universidad de Sevilla. Miembro del Consejo Cient\u00edfico de Attac Espa\u00f1a.<\/p>\n<p>Leonardo Wandelli (UNIBRASIL-Escola Judicial TRT\/PR)<\/p>\n<p>&nbsp;<\/p>\n<p><b>18 \u2013 20.30h.<\/b> DERECHOS SOCIALES Y CONSTITUCI\u00d3N MATERIAL<\/p>\n<p>Presentaci\u00f3n: Manuel G\u00e1ndara Carballido(UPO-ES)<\/p>\n<p>Conferenciantes:<\/p>\n<p>Maria Fari\u00f1as Dulce (Carlos III)<\/p>\n<p>Gerardo Pisarello (UBA \u2013 Barcelona)<\/p>\n<p>&nbsp;<\/p>\n<p><b>MARTES 22 DE ENERO<\/b><\/p>\n<p><b>\u00a0<\/b><b>16 \u2013 17.30h.<\/b> \u00bfQU\u00c9 SE HIZO DEL MODELO SOCIAL EUROPEO? DERECHOS SOCIALES, PODER Y DISTRIBUCI\u00d3N DE LA RENTA EN LOS ORDENAMIENTOS INTERNOS EUROPEOS<\/p>\n<p>Presentaci\u00f3n: Vicente Barrag\u00e1n (HUELVA)<\/p>\n<p>Conferenciantes:<\/p>\n<p>Joaqu\u00edn Aparicio (UCLM)<\/p>\n<p>Jos\u00e9 Aparecido dos Santos (PUCPR e UNIVERSIDAD SALENTO-IT)<\/p>\n<p>&nbsp;<\/p>\n<p><b>18 \u2013 20.30h.<\/b> CONSTITUCI\u00d3N ECON\u00d3MICA EN EUROPA Y REGULACI\u00d3N DEL TRABAJO EN UN MERCADO SIN DERECHOS<\/p>\n<p>Presentaci\u00f3n: Vicente Barrag\u00e1n (HUELVA)<\/p>\n<p>Conferenciantes:<\/p>\n<p>Lina G\u00e1lvez (UPO)<\/p>\n<p>Francisco Trillo (UCLM)<\/p>\n<p>Rafael Gordillo (UPO)<\/p>\n<p>&nbsp;<\/p>\n<p><b>MI\u00c9RCOLES 23 DE ENERO<\/b><\/p>\n<p><b>16 \u2013 20h<\/b>. \u00bfLA CRISIS COMO OPORTUNIDAD DE AMPLIACI\u00d3N DE DERECHOS DE LOS TRABAJADORES?<\/p>\n<p>Presentaci\u00f3n: Wilson Ramos Filho (UFPR-UniBrasil-UPO)<\/p>\n<p>Conferenciantes:<\/p>\n<p>Carlos Aguilar Blanc (HUELVA &#8211; UPO)<\/p>\n<p>Luciana Caplan (TRT\/15, Brasil)<\/p>\n<p>Prudente Jos\u00e9 Silveira Mello (CESUSC)<\/p>\n<p>Antonio Vicente Martins (CUT\/RS)<\/p>\n<p>Jesus Abell\u00e1n Mu\u00f1oz (UPO)<\/p>\n<p>Andr\u00e9 Luiz Machado (TRT\/06, Brasil)<\/p>\n<p>&nbsp;<\/p>\n<p><b>\u00a0<\/b><\/p>\n","protected":false},"excerpt":{"rendered":"<p>Hoy lunes 21 de enero, a las 16 horas en la sala de grados de la Biblioteca de la Universidad Pablo de Olavide, comenzar\u00e1 el seminario internacional \u201cDerechos Sociales: la crisis capitalista como amenaza y como oportunidad\u201d, un encuentro que reunir\u00e1 a lo largo de tres d\u00edas a expertos en la materia con el objetivo de analizar los efectos de la crisis econ\u00f3mica actual.<\/p>\n","protected":false},"author":2,"featured_media":0,"comment_status":"closed","ping_status":"open","sticky":false,"template":"","format":"standard","meta":{"_monsterinsights_skip_tracking":false,"_monsterinsights_sitenote_active":false,"_monsterinsights_sitenote_note":"","_monsterinsights_sitenote_category":0,"footnotes":""},"categories":[6],"tags":[87,92,84],"class_list":["post-310209","post","type-post","status-publish","format-standard","hentry","category-institucional","tag-derecho","tag-derechos-humanos","tag-jornadas"],"_links":{"self":[{"href":"https:\/\/www.upo.es\/diario\/wp-json\/wp\/v2\/posts\/310209","targetHints":{"allow":["GET"]}}],"collection":[{"href":"https:\/\/www.upo.es\/diario\/wp-json\/wp\/v2\/posts"}],"about":[{"href":"https:\/\/www.upo.es\/diario\/wp-json\/wp\/v2\/types\/post"}],"author":[{"embeddable":true,"href":"https:\/\/www.upo.es\/diario\/wp-json\/wp\/v2\/users\/2"}],"replies":[{"embeddable":true,"href":"https:\/\/www.upo.es\/diario\/wp-json\/wp\/v2\/comments?post=310209"}],"version-history":[{"count":4,"href":"https:\/\/www.upo.es\/diario\/wp-json\/wp\/v2\/posts\/310209\/revisions"}],"predecessor-version":[{"id":310211,"href":"https:\/\/www.upo.es\/diario\/wp-json\/wp\/v2\/posts\/310209\/revisions\/310211"}],"wp:attachment":[{"href":"https:\/\/www.upo.es\/diario\/wp-json\/wp\/v2\/media?parent=310209"}],"wp:term":[{"taxonomy":"category","embeddable":true,"href":"https:\/\/www.upo.es\/diario\/wp-json\/wp\/v2\/categories?post=310209"},{"taxonomy":"post_tag","embeddable":true,"href":"https:\/\/www.upo.es\/diario\/wp-json\/wp\/v2\/tags?post=310209"}],"curies":[{"name":"wp","href":"https:\/\/api.w.org\/{rel}","templated":true}]}}