{"id":3112118,"date":"2014-03-12T06:43:35","date_gmt":"2014-03-12T06:43:35","guid":{"rendered":"https:\/\/www.upo.es\/diario\/?p=3112118"},"modified":"2014-03-12T07:41:03","modified_gmt":"2014-03-12T07:41:03","slug":"manana-mesa-redonda-con-educadores-del-centro-psiquiatrico-penitenciario-de-sevilla","status":"publish","type":"post","link":"https:\/\/www.upo.es\/diario\/institucional\/2014\/03\/manana-mesa-redonda-con-educadores-del-centro-psiquiatrico-penitenciario-de-sevilla\/","title":{"rendered":"Esta tarde, mesa redonda con educadores del Centro Psiqui\u00e1trico Penitenciario de Sevilla"},"content":{"rendered":"<p>Hoy mi\u00e9rcoles, <strong>12 de marzo, de 18 a 20 horas en el aula 7 del edificio 11 de la Universidad Pablo de Olvide<\/strong>, se llevar\u00e1 a cabo por primera vez una mesa redonda con educadores del Centro Psiqui\u00e1trico Penitenciario y del Centro Penitenciario de Sevilla, como parte de las ense\u00f1anzas pr\u00e1cticas y del desarrollo de la nueva asignatura optativa <strong>\u201cContextos de privaci\u00f3n de libertad y medidas alternativas\u201d<\/strong>, de 4\u00ba curso del Grado en Educaci\u00f3n Social de la UPO.<\/p>\n<p>La labor de los educadores de este centro destaca en concreto por la creaci\u00f3n, en 1996, del grupo de teatro \u201cEstrellas en silencio\u201d, que ha servido como un instrumento terap\u00e9utico que aborda aquellos d\u00e9ficits que presentan las personas con trastorno mental grave y tambi\u00e9n ha sido \u00fatil fuera del centro, propiciando un acercamiento del resto de la sociedad a estos pacientes y mitigando los prejuicios y los falsos estereotipos referente a ellos.<\/p>\n","protected":false},"excerpt":{"rendered":"<p>Hoy mi\u00e9rcoles, 12 de marzo, de 18 a 20 horas en el aula 7 del edificio 11 de la Universidad Pablo de Olvide, se llevar\u00e1 a cabo por primera vez una mesa redonda con educadores del Centro Psiqui\u00e1trico Penitenciario y del Centro Penitenciario de Sevilla, como parte de las ense\u00f1anzas pr\u00e1cticas y del desarrollo de la nueva asignatura optativa \u201cContextos de privaci\u00f3n de libertad y medidas alternativas\u201d, de 4\u00ba curso del Grado en Educaci\u00f3n Social de la UPO.<\/p>\n","protected":false},"author":6,"featured_media":0,"comment_status":"closed","ping_status":"open","sticky":false,"template":"","format":"standard","meta":{"_monsterinsights_skip_tracking":false,"_monsterinsights_sitenote_active":false,"_monsterinsights_sitenote_note":"","_monsterinsights_sitenote_category":0,"footnotes":""},"categories":[6],"tags":[465,628,21,266,613,221,218],"class_list":["post-3112118","post","type-post","status-publish","format-standard","hentry","category-institucional","tag-educacion","tag-educacion-social","tag-estudiantes","tag-grados","tag-justicia","tag-mesa-redonda","tag-salud"],"_links":{"self":[{"href":"https:\/\/www.upo.es\/diario\/wp-json\/wp\/v2\/posts\/3112118","targetHints":{"allow":["GET"]}}],"collection":[{"href":"https:\/\/www.upo.es\/diario\/wp-json\/wp\/v2\/posts"}],"about":[{"href":"https:\/\/www.upo.es\/diario\/wp-json\/wp\/v2\/types\/post"}],"author":[{"embeddable":true,"href":"https:\/\/www.upo.es\/diario\/wp-json\/wp\/v2\/users\/6"}],"replies":[{"embeddable":true,"href":"https:\/\/www.upo.es\/diario\/wp-json\/wp\/v2\/comments?post=3112118"}],"version-history":[{"count":3,"href":"https:\/\/www.upo.es\/diario\/wp-json\/wp\/v2\/posts\/3112118\/revisions"}],"predecessor-version":[{"id":3112120,"href":"https:\/\/www.upo.es\/diario\/wp-json\/wp\/v2\/posts\/3112118\/revisions\/3112120"}],"wp:attachment":[{"href":"https:\/\/www.upo.es\/diario\/wp-json\/wp\/v2\/media?parent=3112118"}],"wp:term":[{"taxonomy":"category","embeddable":true,"href":"https:\/\/www.upo.es\/diario\/wp-json\/wp\/v2\/categories?post=3112118"},{"taxonomy":"post_tag","embeddable":true,"href":"https:\/\/www.upo.es\/diario\/wp-json\/wp\/v2\/tags?post=3112118"}],"curies":[{"name":"wp","href":"https:\/\/api.w.org\/{rel}","templated":true}]}}