{"id":3112580,"date":"2014-03-12T06:42:14","date_gmt":"2014-03-12T06:42:14","guid":{"rendered":"https:\/\/www.upo.es\/diario\/?p=3112580"},"modified":"2014-03-12T07:41:48","modified_gmt":"2014-03-12T07:41:48","slug":"manana-ultima-sesion-en-la-upo-de-las-jornadas-sobre-metodos-de-investigacion-en-historia-y-arte","status":"publish","type":"post","link":"https:\/\/www.upo.es\/diario\/institucional\/2014\/03\/manana-ultima-sesion-en-la-upo-de-las-jornadas-sobre-metodos-de-investigacion-en-historia-y-arte\/","title":{"rendered":"Hoy, \u00faltima sesi\u00f3n en la UPO de las jornadas sobre m\u00e9todos de investigaci\u00f3n en Historia y Arte"},"content":{"rendered":"<p>Las <b>IV Jornadas \u2018Historia y Arte: fuentes y metodolog\u00edas para la investigaci\u00f3n\u2019<\/b> finalizan hoy en la Universidad Pablo de Olavide, <b>desde las 18 horas en la sala de grados de la Biblioteca<\/b>, con las conferencias \u2018Nuevas perspectivas de an\u00e1lisis de la historia de la administraci\u00f3n\u2019 y \u2018<i>Studia humanitatis<\/i>: educaci\u00f3n y nobleza en los albores del Renacimiento\u2019. Las siguientes sesiones se desarrollar\u00e1n en la Facultad de Filosof\u00eda y Letras de la Universidad de Granada, coordinadora junto a la UPO de este ciclo.<\/p>\n<p>Intervendr\u00e1 en primer lugar, a las 18 horas, In\u00e9s G\u00f3mez con una aproximaci\u00f3n microhist\u00f3rica sobre la historia de la administraci\u00f3n. A continuaci\u00f3n, a las 19 horas, Juan Manuel Mart\u00edn hablar\u00e1 sobre la educaci\u00f3n en la nobleza durante el Renacimiento. Ambos son profesores de la Universidad de Granada.<\/p>\n<p>Estas Jornadas, con sesiones programadas tanto en la Universidad Pablo de Olavide como en la de Granada y dirigidas especialmente a estudiantes de postgrado, pretenden ser un foro de debate en el que los participantes expongan, con ejemplos concretos, m\u00e9todos de investigaci\u00f3n aplicados tanto en el \u00e1mbito de la Historia como en el de la Historia del Arte.<\/p>\n<p>&gt; \u00a0<a href=\"https:\/\/www.upo.es\/diario\/wp-content\/uploads\/2014\/02\/Programa_IVJornadas_300ppp-2.pdf\">IV Jornadas \u2018Historia y Arte: fuentes y metodolog\u00edas para la investigaci\u00f3n\u2019 &#8211; Programa en PDF<\/a><\/p>\n","protected":false},"excerpt":{"rendered":"<p>Las IV Jornadas \u2018Historia y Arte: fuentes y metodolog\u00edas para la investigaci\u00f3n\u2019 finalizan hoy en la Universidad Pablo de Olavide, desde las 18 horas en la sala de grados de la Biblioteca, con las conferencias \u2018Nuevas perspectivas de an\u00e1lisis de la historia de la administraci\u00f3n\u2019 y \u2018Studia humanitatis: educaci\u00f3n y nobleza en los albores del Renacimiento\u2019. Las siguientes sesiones se desarrollar\u00e1n en la Facultad de Filosof\u00eda y Letras de la Universidad de Granada, coordinadora junto a la UPO de este ciclo.<\/p>\n","protected":false},"author":6,"featured_media":0,"comment_status":"closed","ping_status":"open","sticky":false,"template":"","format":"standard","meta":{"_monsterinsights_skip_tracking":false,"_monsterinsights_sitenote_active":false,"_monsterinsights_sitenote_note":"","_monsterinsights_sitenote_category":0,"footnotes":""},"categories":[6],"tags":[544,150,259,56,84],"class_list":["post-3112580","post","type-post","status-publish","format-standard","hentry","category-institucional","tag-conferencias","tag-historia","tag-area-de-historia-del-arte","tag-investigacion","tag-jornadas"],"_links":{"self":[{"href":"https:\/\/www.upo.es\/diario\/wp-json\/wp\/v2\/posts\/3112580","targetHints":{"allow":["GET"]}}],"collection":[{"href":"https:\/\/www.upo.es\/diario\/wp-json\/wp\/v2\/posts"}],"about":[{"href":"https:\/\/www.upo.es\/diario\/wp-json\/wp\/v2\/types\/post"}],"author":[{"embeddable":true,"href":"https:\/\/www.upo.es\/diario\/wp-json\/wp\/v2\/users\/6"}],"replies":[{"embeddable":true,"href":"https:\/\/www.upo.es\/diario\/wp-json\/wp\/v2\/comments?post=3112580"}],"version-history":[{"count":3,"href":"https:\/\/www.upo.es\/diario\/wp-json\/wp\/v2\/posts\/3112580\/revisions"}],"predecessor-version":[{"id":3112582,"href":"https:\/\/www.upo.es\/diario\/wp-json\/wp\/v2\/posts\/3112580\/revisions\/3112582"}],"wp:attachment":[{"href":"https:\/\/www.upo.es\/diario\/wp-json\/wp\/v2\/media?parent=3112580"}],"wp:term":[{"taxonomy":"category","embeddable":true,"href":"https:\/\/www.upo.es\/diario\/wp-json\/wp\/v2\/categories?post=3112580"},{"taxonomy":"post_tag","embeddable":true,"href":"https:\/\/www.upo.es\/diario\/wp-json\/wp\/v2\/tags?post=3112580"}],"curies":[{"name":"wp","href":"https:\/\/api.w.org\/{rel}","templated":true}]}}