{"id":3123602,"date":"2014-03-12T14:37:00","date_gmt":"2014-03-12T14:37:00","guid":{"rendered":"https:\/\/www.upo.es\/diario\/?p=3123602"},"modified":"2014-03-12T14:40:03","modified_gmt":"2014-03-12T14:40:03","slug":"un-congreso-aborda-la-feminizacion-del-derecho-privado-en-homenaje-a-rosario-valpuesta","status":"publish","type":"post","link":"https:\/\/www.upo.es\/diario\/institucional\/2014\/03\/un-congreso-aborda-la-feminizacion-del-derecho-privado-en-homenaje-a-rosario-valpuesta\/","title":{"rendered":"Un congreso aborda la Feminizaci\u00f3n del Derecho Privado en homenaje a Rosario Valpuesta"},"content":{"rendered":"<figure id=\"attachment_690210\" aria-describedby=\"caption-attachment-690210\" style=\"width: 320px\" class=\"wp-caption alignright\"><a href=\"https:\/\/www.upo.es\/diario\/wp-content\/uploads\/2013\/03\/Rosario.Valpuesta-1.jpg\"><img loading=\"lazy\" decoding=\"async\" class=\"size-medium wp-image-690210\" alt=\"Rosario Valpuesta\" src=\"https:\/\/www.upo.es\/diario\/wp-content\/uploads\/2013\/03\/Rosario.Valpuesta-1-320x227.jpg\" width=\"320\" height=\"227\" srcset=\"https:\/\/www.upo.es\/diario\/wp-content\/uploads\/2013\/03\/Rosario.Valpuesta-1-320x227.jpg 320w, https:\/\/www.upo.es\/diario\/wp-content\/uploads\/2013\/03\/Rosario.Valpuesta-1-1024x729.jpg 1024w, https:\/\/www.upo.es\/diario\/wp-content\/uploads\/2013\/03\/Rosario.Valpuesta-1-600x427.jpg 600w\" sizes=\"auto, (max-width: 320px) 100vw, 320px\" \/><\/a><figcaption id=\"caption-attachment-690210\" class=\"wp-caption-text\">Rosario Valpuesta<\/figcaption><\/figure>\n<p style=\"text-align: justify;\">Las Universidades de Valladolid, Santiago de Compostela y Pablo de Olavide de Sevilla han organizado el congreso \u201cFeminizaci\u00f3n del Derecho Privado\u201d, que se celebrar\u00e1 los d\u00edas 13 y 14 de marzo en la Facultad de Derecho de la Universidad de Valladolid, de 16 a 19 horas, y en el sal\u00f3n de actos de la Diputaci\u00f3n de Palencia, de 10 a 14 horas, respectivamente, en homenaje a la que fuera rectora de la UPO y catedr\u00e1tica de Derecho Civil Rosario Valpuesta.<\/p>\n<p style=\"text-align: justify;\">Durante estas dos jornadas, y continuando en la l\u00ednea de las dos ediciones anteriores, se abordar\u00e1 en toda su complejidad uno de los temas a\u00fan pendientes en el siglo reci\u00e9n iniciado, la situaci\u00f3n de las mujeres en la sociedad, ya que es poco discutible que a\u00fan no han logrado disfrutar en toda su plenitud de los mismos derechos que los hombres. El Congreso pretende rendir homenaje a la profesora Rosario Valpuesta, catedr\u00e1tica de Derecho Civil y primera rectora de la Universidad Pablo de Olavide, una de las m\u00e1s destacadas impulsoras de este proyecto, junto con otros prestigiosos profesores y profesoras de universidades espa\u00f1olas.<\/p>\n<p style=\"text-align: justify;\">Adem\u00e1s de las ponencias a cargo de conocidos juristas del Derecho, profesores y profesoras de diferentes universidades de Espa\u00f1a, tambi\u00e9n contar\u00e1 con la presentaci\u00f3n de 58 comunicaciones y 95 asistentes. En la actualidad, la comunidad cient\u00edfica espa\u00f1ola cuenta con numerosos trabajos de Derecho privado responden a una perspectiva de g\u00e9nero, con investigaciones en cuyo n\u00facleo central, se encuentran las mujeres.<\/p>\n<p style=\"text-align: justify;\">Las comunicaciones se enmarcan dentro de tres bloques tem\u00e1ticos: teor\u00eda jur\u00eddica feminista y Derecho de la persona; Derecho patrimonial y Derecho procesal y mecanismos alternativos de soluci\u00f3n de conflictos. Con este Congreso, a trav\u00e9s de las intervenciones de los ponentes y de la presentaci\u00f3n y defensa de las comunicaciones por los participantes en ellas, se pretende una reflexi\u00f3n seria y serena sobre la virtualidad del Derecho Privado para la realizaci\u00f3n efectiva del principio de igualdad entre mujeres y hombres al que hacer referencia la Constituci\u00f3n Espa\u00f1ola y la Ley Org\u00e1nica 3\/2007, de 22 de marzo, para la igualdad efectiva de mujeres y hombres.<\/p>\n<p style=\"text-align: justify;\">La direcci\u00f3n del Congreso est\u00e1 a cargo de los profesores Teodora Torres Garc\u00eda, catedr\u00e1tica de Derecho Civil, M\u00aa Paz Garc\u00eda Rubio, catedr\u00e1tica de Derecho Civil, y Francisco Oliva Bl\u00e1zquez, profesor titular de Derecho Civil, de las Universidades de Valladolid, Santiago de Compostela y Pablo de Olavide de Sevilla, respectivamente. La coordinaci\u00f3n del mismo est\u00e1 a cargo de los profesores Amalia Rodr\u00edguez Gonz\u00e1lez, Marta Otero Crespo, y Francisco Infante Ruiz, pertenecientes a las mismas universidades.<\/p>\n<p><b><a href=\"http:\/\/www.upo.es\/upo_opencms\/export\/sites\/upo\/Galerias\/Descargas\/InfoEstudiantes\/FeminizacionDerechoPrivado.pdf\">Programa: Congreso \u201cFeminizaci\u00f3n del Derecho Privado\u201d<\/a><\/b><\/p>\n","protected":false},"excerpt":{"rendered":"<p>Las Universidades de Valladolid, Santiago de Compostela y Pablo de Olavide de Sevilla han organizado el congreso \u201cFeminizaci\u00f3n del Derecho Privado\u201d, que se celebrar\u00e1 los d\u00edas 13 y 14 de marzo en la Facultad de Derecho de la Universidad de Valladolid, y en el sal\u00f3n de actos de la Diputaci\u00f3n de Palencia respectivamente, en homenaje a la que fuera rectora de la UPO y catedr\u00e1tica de Derecho Civil Rosario Valpuesta, una de las m\u00e1s destacadas impulsoras de este proyecto, junto con otros prestigiosos profesores y profesoras de universidades espa\u00f1olas.<\/p>\n","protected":false},"author":4,"featured_media":0,"comment_status":"closed","ping_status":"open","sticky":false,"template":"","format":"standard","meta":{"_monsterinsights_skip_tracking":false,"_monsterinsights_sitenote_active":false,"_monsterinsights_sitenote_note":"","_monsterinsights_sitenote_category":0,"footnotes":""},"categories":[6],"tags":[354,714,308,536,1227],"class_list":["post-3123602","post","type-post","status-publish","format-standard","hentry","category-institucional","tag-congreso","tag-derecho-privado","tag-homenaje","tag-rosario-valpuesta","tag-universidad-de-valladolid"],"_links":{"self":[{"href":"https:\/\/www.upo.es\/diario\/wp-json\/wp\/v2\/posts\/3123602","targetHints":{"allow":["GET"]}}],"collection":[{"href":"https:\/\/www.upo.es\/diario\/wp-json\/wp\/v2\/posts"}],"about":[{"href":"https:\/\/www.upo.es\/diario\/wp-json\/wp\/v2\/types\/post"}],"author":[{"embeddable":true,"href":"https:\/\/www.upo.es\/diario\/wp-json\/wp\/v2\/users\/4"}],"replies":[{"embeddable":true,"href":"https:\/\/www.upo.es\/diario\/wp-json\/wp\/v2\/comments?post=3123602"}],"version-history":[{"count":4,"href":"https:\/\/www.upo.es\/diario\/wp-json\/wp\/v2\/posts\/3123602\/revisions"}],"predecessor-version":[{"id":3123605,"href":"https:\/\/www.upo.es\/diario\/wp-json\/wp\/v2\/posts\/3123602\/revisions\/3123605"}],"wp:attachment":[{"href":"https:\/\/www.upo.es\/diario\/wp-json\/wp\/v2\/media?parent=3123602"}],"wp:term":[{"taxonomy":"category","embeddable":true,"href":"https:\/\/www.upo.es\/diario\/wp-json\/wp\/v2\/categories?post=3123602"},{"taxonomy":"post_tag","embeddable":true,"href":"https:\/\/www.upo.es\/diario\/wp-json\/wp\/v2\/tags?post=3123602"}],"curies":[{"name":"wp","href":"https:\/\/api.w.org\/{rel}","templated":true}]}}