{"id":3146057,"date":"2014-03-14T01:41:18","date_gmt":"2014-03-14T01:41:18","guid":{"rendered":"https:\/\/www.upo.es\/diario\/?p=3146057"},"modified":"2014-03-14T13:44:14","modified_gmt":"2014-03-14T13:44:14","slug":"manana-el-coro-de-la-universidad-pablo-de-olavide-actua-en-un-concierto-benefico-de-cuaresma-en-granada","status":"publish","type":"post","link":"https:\/\/www.upo.es\/diario\/cultura\/2014\/03\/manana-el-coro-de-la-universidad-pablo-de-olavide-actua-en-un-concierto-benefico-de-cuaresma-en-granada\/","title":{"rendered":"Ma\u00f1ana el Coro de la Universidad Pablo de Olavide act\u00faa  en un concierto ben\u00e9fico de cuaresma en Granada"},"content":{"rendered":"<figure id=\"attachment_709921\" aria-describedby=\"caption-attachment-709921\" style=\"width: 320px\" class=\"wp-caption alignright\"><a href=\"https:\/\/www.upo.es\/diario\/wp-content\/uploads\/2013\/03\/coro15.jpg\"><img loading=\"lazy\" decoding=\"async\" class=\"size-medium wp-image-709921\" alt=\"Coro de la Universidad Pablo de Olavide\" src=\"https:\/\/www.upo.es\/diario\/wp-content\/uploads\/2013\/03\/coro15-320x212.jpg\" width=\"320\" height=\"212\" srcset=\"https:\/\/www.upo.es\/diario\/wp-content\/uploads\/2013\/03\/coro15-320x212.jpg 320w, https:\/\/www.upo.es\/diario\/wp-content\/uploads\/2013\/03\/coro15-1024x681.jpg 1024w, https:\/\/www.upo.es\/diario\/wp-content\/uploads\/2013\/03\/coro15-600x399.jpg 600w, https:\/\/www.upo.es\/diario\/wp-content\/uploads\/2013\/03\/coro15.jpg 1277w\" sizes=\"auto, (max-width: 320px) 100vw, 320px\" \/><\/a><figcaption id=\"caption-attachment-709921\" class=\"wp-caption-text\">Coro de la Universidad Pablo de Olavide<\/figcaption><\/figure>\n<p>Ma\u00f1ana s\u00e1bado,<strong> 15 de marzo, a las 20 horas en el Auditorio Municipal de Padul de Granada<\/strong>, el<strong> coro de la Universidad Pablo de Olavide, junto con el coro Santa Mar\u00eda la Mayor de Padul<\/strong>, ofrecer\u00e1 su concierto ben\u00e9fico de cuaresma, dirigido por Juan Paulo G\u00f3mez Hurtado e interpretando piezas de Kodaly, Menegali, Haydn, Cherubini, Mozart, Bertetti y Beethoven. La entrada al concierto es libre y la duraci\u00f3n ser\u00e1 de una hora aproximadamente.<\/p>\n<p>La siguiente actuaci\u00f3n en la agenda de conciertos del coro de la UPO es el domingo 23 de marzo a las 18:30 horas, en la iglesia de San Marcos (Sevilla), junto con el coro Canticum Novum, interpretando el concierto \u201cEl Greco, In Memoriam\u201d.<\/p>\n<p>&nbsp;<\/p>\n<p><b>PROGRAMA:<\/b><\/p>\n<p><b>S\u00e1bado 15 de marzo. 20.00 horas<br \/>\n<\/b><b>Auditorio Municipal de Padul de Granada<\/b><\/p>\n<p>1.\u00a0\u00a0\u00a0 Stabat Mater (Z. Kodaly)<\/p>\n<p>2.\u00a0\u00a0\u00a0 Pange Lingua (Z. Kodaly)<\/p>\n<p>3.\u00a0\u00a0\u00a0 Iesu Salvator Mundi (Menegali)<\/p>\n<p>4.\u00a0\u00a0\u00a0 O esca Viatorum (J.M. Haydn)<\/p>\n<p>5.\u00a0\u00a0\u00a0 Veni Iesu (Cherubini)<\/p>\n<p>6.\u00a0\u00a0\u00a0 Dona, nobis Pacem (WA Mozart)<\/p>\n<p>7.\u00a0\u00a0\u00a0 Da pacem Domine (Bertetti)<\/p>\n<p>8.\u00a0\u00a0\u00a0 O Salutaris (L.V. Beethoven)<\/p>\n","protected":false},"excerpt":{"rendered":"<p>Ma\u00f1ana s\u00e1bado, 15 de marzo, a las 20 horas en el Auditorio Municipal de Padul de Granada, el coro de la Universidad Pablo de Olavide, junto con el coro Santa Mar\u00eda la Mayor de Padul, ofrecer\u00e1 su concierto ben\u00e9fico de cuaresma, dirigido por Juan Paulo G\u00f3mez Hurtado e interpretando piezas de Kodaly, Menegali, Haydn, Cherubini, Mozart, Bertetti y Beethoven. La entrada al concierto es libre y la duraci\u00f3n ser\u00e1 de una hora aproximadamente.<\/p>\n","protected":false},"author":6,"featured_media":0,"comment_status":"closed","ping_status":"open","sticky":false,"template":"","format":"standard","meta":{"_monsterinsights_skip_tracking":false,"_monsterinsights_sitenote_active":false,"_monsterinsights_sitenote_note":"","_monsterinsights_sitenote_category":0,"footnotes":""},"categories":[7],"tags":[403,71,494,402],"class_list":["post-3146057","post","type-post","status-publish","format-standard","hentry","category-cultura","tag-concierto","tag-coro","tag-granada","tag-musica"],"_links":{"self":[{"href":"https:\/\/www.upo.es\/diario\/wp-json\/wp\/v2\/posts\/3146057","targetHints":{"allow":["GET"]}}],"collection":[{"href":"https:\/\/www.upo.es\/diario\/wp-json\/wp\/v2\/posts"}],"about":[{"href":"https:\/\/www.upo.es\/diario\/wp-json\/wp\/v2\/types\/post"}],"author":[{"embeddable":true,"href":"https:\/\/www.upo.es\/diario\/wp-json\/wp\/v2\/users\/6"}],"replies":[{"embeddable":true,"href":"https:\/\/www.upo.es\/diario\/wp-json\/wp\/v2\/comments?post=3146057"}],"version-history":[{"count":1,"href":"https:\/\/www.upo.es\/diario\/wp-json\/wp\/v2\/posts\/3146057\/revisions"}],"predecessor-version":[{"id":3146523,"href":"https:\/\/www.upo.es\/diario\/wp-json\/wp\/v2\/posts\/3146057\/revisions\/3146523"}],"wp:attachment":[{"href":"https:\/\/www.upo.es\/diario\/wp-json\/wp\/v2\/media?parent=3146057"}],"wp:term":[{"taxonomy":"category","embeddable":true,"href":"https:\/\/www.upo.es\/diario\/wp-json\/wp\/v2\/categories?post=3146057"},{"taxonomy":"post_tag","embeddable":true,"href":"https:\/\/www.upo.es\/diario\/wp-json\/wp\/v2\/tags?post=3146057"}],"curies":[{"name":"wp","href":"https:\/\/api.w.org\/{rel}","templated":true}]}}