{"id":3179553,"date":"2014-03-17T00:01:34","date_gmt":"2014-03-16T23:01:34","guid":{"rendered":"https:\/\/www.upo.es\/diario\/?p=3179553"},"modified":"2020-10-27T16:55:29","modified_gmt":"2020-10-27T15:55:29","slug":"visita-de-jose-luis-cienfuegos-con-objeto-de-estrechar-la-colaboracion-entre-el-sevilla-festival-de-cine-europeo-y-la-upo","status":"publish","type":"post","link":"https:\/\/www.upo.es\/diario\/cultura\/2014\/03\/visita-de-jose-luis-cienfuegos-con-objeto-de-estrechar-la-colaboracion-entre-el-sevilla-festival-de-cine-europeo-y-la-upo\/","title":{"rendered":"Visita de Jos\u00e9 Luis Cienfuegos con objeto de estrechar la colaboraci\u00f3n entre el Sevilla Festival de Cine Europeo y la UPO"},"content":{"rendered":"<figure id=\"attachment_3180032\" aria-describedby=\"caption-attachment-3180032\" style=\"width: 320px\" class=\"wp-caption alignright\"><a href=\"https:\/\/www.upo.es\/diario\/wp-content\/uploads\/2014\/03\/visita-Cienfuegos.jpg\"><img loading=\"lazy\" decoding=\"async\" class=\"size-medium wp-image-3180032\" alt=\"Jos\u00e9 Luis Cienfuegos ha sido recibido por Pilar Rodr\u00edguez Reina, Vicerrectora de Internacionalizaci\u00f3n y Comunicaci\u00f3n\" src=\"https:\/\/www.upo.es\/diario\/wp-content\/uploads\/2014\/03\/visita-Cienfuegos-320x213.jpg\" width=\"320\" height=\"213\" srcset=\"https:\/\/www.upo.es\/diario\/wp-content\/uploads\/2014\/03\/visita-Cienfuegos-320x213.jpg 320w, https:\/\/www.upo.es\/diario\/wp-content\/uploads\/2014\/03\/visita-Cienfuegos-1024x682.jpg 1024w, https:\/\/www.upo.es\/diario\/wp-content\/uploads\/2014\/03\/visita-Cienfuegos-600x400.jpg 600w\" sizes=\"auto, (max-width: 320px) 100vw, 320px\" \/><\/a><figcaption id=\"caption-attachment-3180032\" class=\"wp-caption-text\">Jos\u00e9 Luis Cienfuegos ha sido recibido por Pilar Rodr\u00edguez Reina, Vicerrectora de Internacionalizaci\u00f3n y Comunicaci\u00f3n<\/figcaption><\/figure>\n<p><b>Jos\u00e9 Luis Cienfuegos<\/b>, director del <a href=\"http:\/\/festivalcinesevilla.eu\/\">Sevilla Festival de Cine Europeo<\/a>, ha visitado la Universidad Pablo de Olavide con objeto de estrechar la colaboraci\u00f3n que vienen desarrollando ambas instituciones desde hace nueve a\u00f1os. La UPO colabora con el Festival en la organizaci\u00f3n del D\u00eda de la Lengua Italiana, junto al Centro Cultural Italiano, y a trav\u00e9s del \u00e1rea de relaciones p\u00fablicas del SEFF, en la cual estudiantes de Traducci\u00f3n e Interpretaci\u00f3n realizan pr\u00e1cticas llevando a cabo labores de int\u00e9rprete.<\/p>\n","protected":false},"excerpt":{"rendered":"<p>Jos\u00e9 Luis Cienfuegos, director del Sevilla Festival de Cine Europeo, ha visitado la Universidad Pablo de Olavide con objeto de estrechar la colaboraci\u00f3n que vienen desarrollando ambas instituciones desde hace nueve a\u00f1os. La UPO colabora con el Festival en la organizaci\u00f3n del D\u00eda de la Lengua Italiana, junto al Centro Cultural Italiano, y a trav\u00e9s del \u00e1rea de relaciones p\u00fablicas<a class=\"read-more\" href=\"https:\/\/www.upo.es\/diario\/cultura\/2014\/03\/visita-de-jose-luis-cienfuegos-con-objeto-de-estrechar-la-colaboracion-entre-el-sevilla-festival-de-cine-europeo-y-la-upo\/\">[Read More&#8230;]<\/a><\/p>\n","protected":false},"author":6,"featured_media":0,"comment_status":"closed","ping_status":"open","sticky":false,"template":"","format":"standard","meta":{"_monsterinsights_skip_tracking":false,"_monsterinsights_sitenote_active":false,"_monsterinsights_sitenote_note":"","_monsterinsights_sitenote_category":0,"footnotes":""},"categories":[7],"tags":[937,741,432],"class_list":["post-3179553","post","type-post","status-publish","format-standard","hentry","category-cultura","tag-cine","tag-festival","tag-traduccion-e-interpretacion-tei"],"_links":{"self":[{"href":"https:\/\/www.upo.es\/diario\/wp-json\/wp\/v2\/posts\/3179553","targetHints":{"allow":["GET"]}}],"collection":[{"href":"https:\/\/www.upo.es\/diario\/wp-json\/wp\/v2\/posts"}],"about":[{"href":"https:\/\/www.upo.es\/diario\/wp-json\/wp\/v2\/types\/post"}],"author":[{"embeddable":true,"href":"https:\/\/www.upo.es\/diario\/wp-json\/wp\/v2\/users\/6"}],"replies":[{"embeddable":true,"href":"https:\/\/www.upo.es\/diario\/wp-json\/wp\/v2\/comments?post=3179553"}],"version-history":[{"count":2,"href":"https:\/\/www.upo.es\/diario\/wp-json\/wp\/v2\/posts\/3179553\/revisions"}],"predecessor-version":[{"id":3180034,"href":"https:\/\/www.upo.es\/diario\/wp-json\/wp\/v2\/posts\/3179553\/revisions\/3180034"}],"wp:attachment":[{"href":"https:\/\/www.upo.es\/diario\/wp-json\/wp\/v2\/media?parent=3179553"}],"wp:term":[{"taxonomy":"category","embeddable":true,"href":"https:\/\/www.upo.es\/diario\/wp-json\/wp\/v2\/categories?post=3179553"},{"taxonomy":"post_tag","embeddable":true,"href":"https:\/\/www.upo.es\/diario\/wp-json\/wp\/v2\/tags?post=3179553"}],"curies":[{"name":"wp","href":"https:\/\/api.w.org\/{rel}","templated":true}]}}