{"id":3180044,"date":"2014-03-17T00:59:25","date_gmt":"2014-03-17T00:59:25","guid":{"rendered":"https:\/\/www.upo.es\/diario\/?p=3180044"},"modified":"2014-03-17T14:12:03","modified_gmt":"2014-03-17T14:12:03","slug":"el-rector-de-la-upo-y-la-vicepresidenta-de-fundaciones-presentan-manana-los-ii-encuentros-para-el-empleo","status":"publish","type":"post","link":"https:\/\/www.upo.es\/diario\/institucional\/2014\/03\/el-rector-de-la-upo-y-la-vicepresidenta-de-fundaciones-presentan-manana-los-ii-encuentros-para-el-empleo\/","title":{"rendered":"El rector de la UPO y la vicepresidenta de Fundaciones presentan ma\u00f1ana los II Encuentros para el Empleo"},"content":{"rendered":"<p>El rector de la Universidad Pablo de Olavide, Vicente Guzm\u00e1n Fluja y la vicepresidenta de Fundaciones, Laura L\u00f3pez de la Cruz, presentar\u00e1n ma\u00f1ana, a las 11.30 horas, en la sala de prensa del Rectorado, la <strong>II edici\u00f3n de los Encuentros para el Empleo<\/strong>, que se celebrar\u00e1n del 1 al 3 de abril bajo el lema <em><strong>\u00bfC\u00f3mo acceder al mercado laboral?<\/strong><\/em><\/p>\n<p>Al acto de presentaci\u00f3n asistir\u00e1n tambi\u00e9n Amparo Navarro Bedrina, responsable de Recursos Humanos de Carrefour; Concepci\u00f3n Yoldi Garc\u00eda, presidenta de la Fundaci\u00f3n Persan y Francisco Galv\u00e1n Segura, del \u00c1rea de Acci\u00f3n Social y Emprendedores de la Fundaci\u00f3n Cajasol, adem\u00e1s de representantes de otras empresas y entidades participantes en los encuentros.<\/p>\n<p>El objetivo de los Encuentros para el Empleo es acercar a estudiantes y egresados a la realidad del mercado laboral, facilitando el contacto directo con las empresas.<\/p>\n","protected":false},"excerpt":{"rendered":"<p>El objetivo de los Encuentros para el Empleo es acercar a estudiantes y egresados a la realidad del mercado laboral, facilitando el contacto directo con las empresas.<\/p>\n","protected":false},"author":6,"featured_media":0,"comment_status":"closed","ping_status":"open","sticky":false,"template":"","format":"standard","meta":{"_monsterinsights_skip_tracking":false,"_monsterinsights_sitenote_active":false,"_monsterinsights_sitenote_note":"","_monsterinsights_sitenote_category":0,"footnotes":""},"categories":[6],"tags":[438,80,66,21,567],"class_list":["post-3180044","post","type-post","status-publish","format-standard","hentry","category-institucional","tag-empleo","tag-emprendedores","tag-empresa","tag-estudiantes","tag-mercado-laboral"],"_links":{"self":[{"href":"https:\/\/www.upo.es\/diario\/wp-json\/wp\/v2\/posts\/3180044","targetHints":{"allow":["GET"]}}],"collection":[{"href":"https:\/\/www.upo.es\/diario\/wp-json\/wp\/v2\/posts"}],"about":[{"href":"https:\/\/www.upo.es\/diario\/wp-json\/wp\/v2\/types\/post"}],"author":[{"embeddable":true,"href":"https:\/\/www.upo.es\/diario\/wp-json\/wp\/v2\/users\/6"}],"replies":[{"embeddable":true,"href":"https:\/\/www.upo.es\/diario\/wp-json\/wp\/v2\/comments?post=3180044"}],"version-history":[{"count":1,"href":"https:\/\/www.upo.es\/diario\/wp-json\/wp\/v2\/posts\/3180044\/revisions"}],"predecessor-version":[{"id":3180045,"href":"https:\/\/www.upo.es\/diario\/wp-json\/wp\/v2\/posts\/3180044\/revisions\/3180045"}],"wp:attachment":[{"href":"https:\/\/www.upo.es\/diario\/wp-json\/wp\/v2\/media?parent=3180044"}],"wp:term":[{"taxonomy":"category","embeddable":true,"href":"https:\/\/www.upo.es\/diario\/wp-json\/wp\/v2\/categories?post=3180044"},{"taxonomy":"post_tag","embeddable":true,"href":"https:\/\/www.upo.es\/diario\/wp-json\/wp\/v2\/tags?post=3180044"}],"curies":[{"name":"wp","href":"https:\/\/api.w.org\/{rel}","templated":true}]}}