{"id":318139,"date":"2013-01-23T07:00:03","date_gmt":"2013-01-23T07:00:03","guid":{"rendered":"https:\/\/www.upo.es\/diario\/?p=318139"},"modified":"2013-01-23T07:06:23","modified_gmt":"2013-01-23T07:06:23","slug":"flamenco-en-red-retransmite-manana-miercoles-el-espectaculo-de-baile-cafe-cantante","status":"publish","type":"post","link":"https:\/\/www.upo.es\/diario\/cultura\/2013\/01\/flamenco-en-red-retransmite-manana-miercoles-el-espectaculo-de-baile-cafe-cantante\/","title":{"rendered":"Flamenco en Red retransmite hoy mi\u00e9rcoles el espect\u00e1culo de baile \u00abCaf\u00e9 Cantante\u00bb"},"content":{"rendered":"<figure id=\"attachment_53683\" aria-describedby=\"caption-attachment-53683\" style=\"width: 280px\" class=\"wp-caption alignright\"><a href=\"https:\/\/www.upo.es\/diario\/wp-content\/uploads\/2012\/12\/1218_2.jpg\"><img loading=\"lazy\" decoding=\"async\" class=\"size-full wp-image-53683\" alt=\"Flamenco en Red\" src=\"https:\/\/www.upo.es\/diario\/wp-content\/uploads\/2012\/12\/1218_2.jpg\" width=\"280\" height=\"604\" srcset=\"https:\/\/www.upo.es\/diario\/wp-content\/uploads\/2012\/12\/1218_2.jpg 280w, https:\/\/www.upo.es\/diario\/wp-content\/uploads\/2012\/12\/1218_2-139x300.jpg 139w\" sizes=\"auto, (max-width: 280px) 100vw, 280px\" \/><\/a><figcaption id=\"caption-attachment-53683\" class=\"wp-caption-text\">Flamenco en Red<\/figcaption><\/figure>\n<p>Hoy mi\u00e9rcoles 23 de enero, a las 16.30 horas en el sal\u00f3n de actos del Centro Andaluz de Biolog\u00eda del Desarrollo (CABD), en la Universidad Pablo de Olavide, se retransmitir\u00e1 el espect\u00e1culo de baile flamenco \u201cCaf\u00e9 Cantante\u201d, a cargo de la compa\u00f1\u00eda de M\u00f3nika Bellido. Se trata del tercer espect\u00e1culo de la <a href=\"http:\/\/www.flamencoenred.tv\/\">IV edici\u00f3n de Flamenco en Red<\/a>, cuya entrada es libre hasta completar aforo, con reserva de plazas para las personas ya inscritas.<\/p>\n<p><b>Flamenco en Red<\/b> es un curso gratuito de iniciaci\u00f3n al flamenco coordinado por la Universidad de C\u00e1diz y en el que participan todas las universidades andaluzas en el marco del Proyecto Atalaya.<\/p>\n<p>Esta iniciativa crece este curso de la mano de una serie de incorporaciones que intentan mejorar la oferta para profundizar con m\u00e1s informaci\u00f3n y herramientas en el conocimiento y difusi\u00f3n del flamenco. Este paquete formativo, que se desarrolla de noviembre de 2012 hasta el mes de febrero de 2013, ha sido coordinado en la Universidad Pablo de Olavide por el Vicerrectorado de Cultura, Participaci\u00f3n y Compromiso Social, concretamente desde Extensi\u00f3n Cultural.<\/p>\n<p>El programa consta de cinco espect\u00e1culos de flamenco retransmitidos en diferido en el sal\u00f3n de actos del Centro Andaluz de Biolog\u00eda del Desarrollo, en el campus de la UPO, los d\u00edas 28 de noviembre, 19 de diciembre, 23 de enero, 13 y 20 de febrero. Tambi\u00e9n consta de seis conferencias que quedar\u00e1n disponibles con posterioridad en la web del programa. Adem\u00e1s, se oferta un curso progresivo impartido por el especialista Faustino \u00d1\u00fa\u00f1ez y otro de baile flamenco impartido por M\u00f3nika Bellido, ambos mediante una serie de din\u00e1micos clips audiovisuales colgados en la web y con tutorizaci\u00f3n permanente a trav\u00e9s del campus virtual.<\/p>\n<p>El programa de Flamenco en Red se completa con un resumen, disponible en la web, que abarcar\u00e1 los aspectos fundamentales tratados en los tres talleres del Aula de Arte Flamenco de la Universidad de C\u00e1diz.<\/p>\n<p>El proceso de inscripci\u00f3n estar\u00e1 centralizado en el <a href=\"http:\/\/celama.uca.es\/2012fer\/superior\/upo\">Servicio de Extensi\u00f3n Universitaria del Vicerrectorado de Proyecci\u00f3n Social, Cultural e Internacional de la Universidad de C\u00e1diz<\/a>, coordinadora de este proyecto.<\/p>\n<p><b>M\u00e1s informaci\u00f3n:<\/b> <a href=\"http:\/\/www.upo.es\/upsc\/extension_cultural\/proyectos_atalaya\/index.jsp\">Extensi\u00f3n Cultural de la UPO<\/a><\/p>\n","protected":false},"excerpt":{"rendered":"<p>Hoy mi\u00e9rcoles 23 de enero, a las 16.30 horas en el sal\u00f3n de actos del Centro Andaluz de Biolog\u00eda del Desarrollo (CABD), en la Universidad Pablo de Olavide, se retransmitir\u00e1 el espect\u00e1culo de baile flamenco \u201cCaf\u00e9 Cantante\u201d, a cargo de la compa\u00f1\u00eda de M\u00f3nika Bellido. Se trata del tercer espect\u00e1culo de la IV edici\u00f3n de Flamenco en Red, cuya entrada es libre hasta completar aforo, con reserva de plazas para las personas ya inscritas.<\/p>\n","protected":false},"author":2,"featured_media":0,"comment_status":"closed","ping_status":"open","sticky":false,"template":"","format":"standard","meta":{"_monsterinsights_skip_tracking":false,"_monsterinsights_sitenote_active":false,"_monsterinsights_sitenote_note":"","_monsterinsights_sitenote_category":0,"footnotes":""},"categories":[7],"tags":[75,93,84],"class_list":["post-318139","post","type-post","status-publish","format-standard","hentry","category-cultura","tag-extension-cultural","tag-flamenco","tag-jornadas"],"_links":{"self":[{"href":"https:\/\/www.upo.es\/diario\/wp-json\/wp\/v2\/posts\/318139","targetHints":{"allow":["GET"]}}],"collection":[{"href":"https:\/\/www.upo.es\/diario\/wp-json\/wp\/v2\/posts"}],"about":[{"href":"https:\/\/www.upo.es\/diario\/wp-json\/wp\/v2\/types\/post"}],"author":[{"embeddable":true,"href":"https:\/\/www.upo.es\/diario\/wp-json\/wp\/v2\/users\/2"}],"replies":[{"embeddable":true,"href":"https:\/\/www.upo.es\/diario\/wp-json\/wp\/v2\/comments?post=318139"}],"version-history":[{"count":4,"href":"https:\/\/www.upo.es\/diario\/wp-json\/wp\/v2\/posts\/318139\/revisions"}],"predecessor-version":[{"id":325022,"href":"https:\/\/www.upo.es\/diario\/wp-json\/wp\/v2\/posts\/318139\/revisions\/325022"}],"wp:attachment":[{"href":"https:\/\/www.upo.es\/diario\/wp-json\/wp\/v2\/media?parent=318139"}],"wp:term":[{"taxonomy":"category","embeddable":true,"href":"https:\/\/www.upo.es\/diario\/wp-json\/wp\/v2\/categories?post=318139"},{"taxonomy":"post_tag","embeddable":true,"href":"https:\/\/www.upo.es\/diario\/wp-json\/wp\/v2\/tags?post=318139"}],"curies":[{"name":"wp","href":"https:\/\/api.w.org\/{rel}","templated":true}]}}