{"id":3191238,"date":"2014-03-19T10:30:29","date_gmt":"2014-03-19T10:30:29","guid":{"rendered":"https:\/\/www.upo.es\/diario\/?p=3191238"},"modified":"2014-03-20T16:14:06","modified_gmt":"2014-03-20T16:14:06","slug":"profesores-de-la-upo-organizan-un-acto-homenaje-al-profesor-angel-saenz-badillos-perez","status":"publish","type":"post","link":"https:\/\/www.upo.es\/diario\/institucional\/2014\/03\/profesores-de-la-upo-organizan-un-acto-homenaje-al-profesor-angel-saenz-badillos-perez\/","title":{"rendered":"Profesores de la UPO organizan un acto homenaje al profesor \u00c1ngel S\u00e1enz-Badillos P\u00e9rez"},"content":{"rendered":"<figure id=\"attachment_3201449\" aria-describedby=\"caption-attachment-3201449\" style=\"width: 320px\" class=\"wp-caption alignright\"><a href=\"https:\/\/www.upo.es\/diario\/wp-content\/uploads\/2014\/03\/Homenaje_Angel-Saenz-Badillos.jpg\"><img loading=\"lazy\" decoding=\"async\" class=\"size-medium wp-image-3201449\" alt=\"El rector de la UPO, la vicerrectora de Internacionalizaci\u00f3n y Comunicaci\u00f3n, el vicerrector de Investigaci\u00f3n y profesores de la UPO han participado en este emotivo homenaje\" src=\"https:\/\/www.upo.es\/diario\/wp-content\/uploads\/2014\/03\/Homenaje_Angel-Saenz-Badillos-320x188.jpg\" width=\"320\" height=\"188\" srcset=\"https:\/\/www.upo.es\/diario\/wp-content\/uploads\/2014\/03\/Homenaje_Angel-Saenz-Badillos-320x188.jpg 320w, https:\/\/www.upo.es\/diario\/wp-content\/uploads\/2014\/03\/Homenaje_Angel-Saenz-Badillos-1024x602.jpg 1024w, https:\/\/www.upo.es\/diario\/wp-content\/uploads\/2014\/03\/Homenaje_Angel-Saenz-Badillos-600x353.jpg 600w\" sizes=\"auto, (max-width: 320px) 100vw, 320px\" \/><\/a><figcaption id=\"caption-attachment-3201449\" class=\"wp-caption-text\">El rector, la vicerrectora de Internacionalizaci\u00f3n y Comunicaci\u00f3n, el vicerrector de Investigaci\u00f3n y profesores de la UPO han participado en este emotivo homenaje<\/figcaption><\/figure>\n<p style=\"text-align: justify;\">Esta ma\u00f1ana el rector de la Universidad Pablo de Olavide, Vicente Guzm\u00e1n Fluja, y la vicerrectora de Internacionalizaci\u00f3n y Comunicaci\u00f3n, Pilar Rodr\u00edguez Reina, junto a profesores de la UPO, han presidido un acto homenaje a la memoria del profesor \u00c1ngel S\u00e1enz-Badillos P\u00e9rez, doctor en Filolog\u00eda Biblica Triling\u00fce de la Universidad Complutense, catedr\u00e1tico de Hebreo y director del Real Colegio Complutense en la Universidad de Harvard entre 2001 y 2012, fallecido el pasado mes de diciembre.<\/p>\n<p style=\"text-align: justify;\">El acto ha consistido en la inauguraci\u00f3n de una placa situada en un bloque de piedra junto a un drago, ubicado en los jardines situados entre los edificios 4 y 6 de la Universidad Pablo de Olavide, a cargo del rector Vicente Guzm\u00e1n Fluja y el profesor de Filosof\u00eda del Derecho de la UPO, Rafael Rodr\u00edguez Prieto.<\/p>\n<p style=\"text-align: justify;\">Este homenaje ha sido organizado por los profesores de la UPO que conocieron a \u00c1ngel S\u00e1enz-Badillos y han querido honrar la memoria de este intelectual por el servicio que ofreci\u00f3 a los investigadores de esta universidad que han trabajado en la Universidad de Harvard, por su contribuci\u00f3n al estudio y profundizaci\u00f3n en la cultura judea-espa\u00f1ola, y por su compromiso con la universidad y con la sociedad.<\/p>\n<p style=\"text-align: justify;\"><b>\u00c1ngel Sa\u00e9nz-Badillos P\u00e9rez <\/b>(1940-2013), fue doctor en Filolog\u00eda B\u00edblica Triling\u00fce por la Universidad Complutense y catedr\u00e1tico de Hebreo. En 2001 fue nombrado director del Real Colegio Complutense en la Universidad de Harvard, cargo en el que se jubil\u00f3 en 2012. Fue un destacado especialista en cultura jud\u00eda-sefard\u00ed, en poes\u00eda y filolog\u00eda hebrea medieval, as\u00ed como en historia del lenguaje hebreo. Fruto de su investigaci\u00f3n ha sido la publicaci\u00f3n de m\u00e1s de 30 libros, entre los que cabe destacar su \u201cHistoria de la lengua hebrea\u201d. Desde 2005 era miembro honorario de la Academia de Hebreo con sede en Israel. Desarroll\u00f3 un proyecto de ayuda social en Granada (Nicaragua) al que dedic\u00f3 recursos y un gran esfuerzo.<\/p>\n","protected":false},"excerpt":{"rendered":"<p>Esta ma\u00f1ana el rector de la Universidad Pablo de Olavide, Vicente Guzm\u00e1n Fluja y la vicerrectora de Internacionalizaci\u00f3n y Comunicaci\u00f3n, Pilar Rodr\u00edguez Reina, junto a profesores de la UPO, han presidido un acto homenaje a la memoria del profesor \u00c1ngel S\u00e1enz-Badillos P\u00e9rez, doctor en Filolog\u00eda Biblica Triling\u00fce de la Universidad Complutense, catedr\u00e1tico de Hebreo y director del Real Colegio Complutense en la Universidad de Harvard entre 2001 y 2012, fallecido el pasado mes de diciembre.<\/p>\n","protected":false},"author":4,"featured_media":0,"comment_status":"closed","ping_status":"open","sticky":false,"template":"","format":"standard","meta":{"_monsterinsights_skip_tracking":false,"_monsterinsights_sitenote_active":false,"_monsterinsights_sitenote_note":"","_monsterinsights_sitenote_category":0,"footnotes":""},"categories":[6],"tags":[107,1235,308,199,38,1237,106],"class_list":["post-3191238","post","type-post","status-publish","format-standard","hentry","category-institucional","tag-campus","tag-drago","tag-homenaje","tag-profesorado","tag-rector","tag-universidad-de-harvard","tag-vicente-c-guzman"],"_links":{"self":[{"href":"https:\/\/www.upo.es\/diario\/wp-json\/wp\/v2\/posts\/3191238","targetHints":{"allow":["GET"]}}],"collection":[{"href":"https:\/\/www.upo.es\/diario\/wp-json\/wp\/v2\/posts"}],"about":[{"href":"https:\/\/www.upo.es\/diario\/wp-json\/wp\/v2\/types\/post"}],"author":[{"embeddable":true,"href":"https:\/\/www.upo.es\/diario\/wp-json\/wp\/v2\/users\/4"}],"replies":[{"embeddable":true,"href":"https:\/\/www.upo.es\/diario\/wp-json\/wp\/v2\/comments?post=3191238"}],"version-history":[{"count":10,"href":"https:\/\/www.upo.es\/diario\/wp-json\/wp\/v2\/posts\/3191238\/revisions"}],"predecessor-version":[{"id":3191241,"href":"https:\/\/www.upo.es\/diario\/wp-json\/wp\/v2\/posts\/3191238\/revisions\/3191241"}],"wp:attachment":[{"href":"https:\/\/www.upo.es\/diario\/wp-json\/wp\/v2\/media?parent=3191238"}],"wp:term":[{"taxonomy":"category","embeddable":true,"href":"https:\/\/www.upo.es\/diario\/wp-json\/wp\/v2\/categories?post=3191238"},{"taxonomy":"post_tag","embeddable":true,"href":"https:\/\/www.upo.es\/diario\/wp-json\/wp\/v2\/tags?post=3191238"}],"curies":[{"name":"wp","href":"https:\/\/api.w.org\/{rel}","templated":true}]}}