{"id":3214305,"date":"2014-03-21T20:00:24","date_gmt":"2014-03-21T20:00:24","guid":{"rendered":"https:\/\/www.upo.es\/diario\/?p=3214305"},"modified":"2014-03-26T11:35:32","modified_gmt":"2014-03-26T11:35:32","slug":"el-rector-de-la-upo-clausura-manana-el-congreso-el-derecho-penal-ante-los-retos-del-siglo-xxi","status":"publish","type":"post","link":"https:\/\/www.upo.es\/diario\/institucional\/2014\/03\/el-rector-de-la-upo-clausura-manana-el-congreso-el-derecho-penal-ante-los-retos-del-siglo-xxi\/","title":{"rendered":"El rector de la UPO clausura el congreso \u00abEl Derecho Penal ante los retos del siglo XXI\u00bb"},"content":{"rendered":"<figure id=\"attachment_3281334\" aria-describedby=\"caption-attachment-3281334\" style=\"width: 320px\" class=\"wp-caption alignright\"><a href=\"https:\/\/www.upo.es\/diario\/wp-content\/uploads\/2014\/03\/21032014-_MOT1061.jpg\"><img loading=\"lazy\" decoding=\"async\" class=\"size-medium wp-image-3281334\" alt=\"El congreso fue clausurado por el rector de la UPO, Vicente Guzm\u00e1n, el decano de la Facultad de Derecho, Andr\u00e9s Rodr\u00edguez Benot, y el catedr\u00e1tico de Derecho Penal, Francisco Mu\u00f1oz Conde.\" src=\"https:\/\/www.upo.es\/diario\/wp-content\/uploads\/2014\/03\/21032014-_MOT1061-320x204.jpg\" width=\"320\" height=\"204\" srcset=\"https:\/\/www.upo.es\/diario\/wp-content\/uploads\/2014\/03\/21032014-_MOT1061-320x204.jpg 320w, https:\/\/www.upo.es\/diario\/wp-content\/uploads\/2014\/03\/21032014-_MOT1061-1024x653.jpg 1024w, https:\/\/www.upo.es\/diario\/wp-content\/uploads\/2014\/03\/21032014-_MOT1061-600x383.jpg 600w\" sizes=\"auto, (max-width: 320px) 100vw, 320px\" \/><\/a><figcaption id=\"caption-attachment-3281334\" class=\"wp-caption-text\">El congreso fue clausurado por el rector de la UPO, Vicente Guzm\u00e1n, el decano de la Facultad de Derecho, Andr\u00e9s Rodr\u00edguez Benot, y el catedr\u00e1tico de Derecho Penal, Francisco Mu\u00f1oz Conde.<\/figcaption><\/figure>\n<p style=\"text-align: justify;\">Hoy viernes, 21 de marzo, a las 19 horas en el Paraninfo de la Universidad Pablo de Olavide, el rector de la UPO, Vicente Guzm\u00e1n Fluja, junto con el decano de la Facultad de Derecho de la UPO, Andr\u00e9s Rodr\u00edguez Benot, y los catedr\u00e1ticos Francisco Mu\u00f1oz Conde, de la UPO y Emilio Cortes Bachiarelli, de la Universidad de Extremadura, han clausurado el <b>congreso \u201cEl Derecho Penal ante los retos del siglo XXI\u201d <\/b>que comenz\u00f3 ayer jueves.<\/p>\n<p style=\"text-align: justify;\">El vicerrector de Investigaci\u00f3n y Transferencia de Tecnolog\u00eda de la Universidad Pablo de Olavide, Bruno Mart\u00ednez Haya, y el catedr\u00e1tico de Derecho Penal de la UPO y director del congreso, Francisco Mu\u00f1oz Conde, inauguraron ayer el encuentro que re\u00fane a catedr\u00e1ticos y profesionales del \u00e1mbito del Derecho Penal a nivel nacional en la Universidad Pablo de Olavide hasta ma\u00f1ana viernes, 21 de marzo.<\/p>\n<p style=\"text-align: justify;\">Entre los ponentes figuran catedr\u00e1ticos de Derecho penal como Javier \u00c1lvarez Garc\u00eda, de la Universidad Carlos III de Madrid; Juan Carlos Ferr\u00e9 Oliv\u00e9, de la Universidad de Huelva; Patricia Laurenzo Copello, de la Universidad de M\u00e1laga; Mercedes Garc\u00eda Ar\u00e1n, de la Universidad Aut\u00f3noma de Barcelona; Carmen G\u00f3mez Rivero, de la Universidad de Sevilla, entre otros. Algunos de los temas a analizar ser\u00e1n la prisi\u00f3n permanente, la libertad vigilada, el delito fiscal, el delito de aborto y la financiaci\u00f3n de las organizaciones o grupos terroristas entre otros.<\/p>\n<p style=\"text-align: justify;\">Este encuentro, que analizar\u00e1 la oportunidad y conveniencia del Proyecto de Reforma del C\u00f3digo Penal actualmente en tramitaci\u00f3n, pretende fomentar el an\u00e1lisis y la puesta en com\u00fan entre investigadores y profesionales del Derecho para intercambiar distintos puntos de vista en materias especialmente sensibles del \u00e1mbito jur\u00eddico penal. Asimismo, el congreso tiene como objetivo complementar la formaci\u00f3n jur\u00eddica del alumnado mediante su participaci\u00f3n activa en un debate que pone de manifiesto la problem\u00e1tica consustancial a la creaci\u00f3n de la normal penal.<\/p>\n<p style=\"text-align: justify;\">El Congreso de \u201cEl Derecho Penal ante los retos del siglo XXI\u201d, organizado por el \u00c1rea de Derecho Penal de la Universidad Pablo de Olavide, se encuentra enmarcado dentro del Proyecto de investigaci\u00f3n \u201cAn\u00e1lisis cr\u00edtico de la Reforma de 2010 del C\u00f3digo Penal: con especial referencia a las modificaciones de la parte general y nuevas figuras delictivas\u201d \/DER2010-27473). Asimismo, cuenta con la colaboraci\u00f3n de la c\u00e1tedra de Derechos Humanos Manuel de Lardiz\u00e1bal, Santander y el Ministerio de Econom\u00eda y Competitividad.<\/p>\n<p style=\"text-align: justify;\">M\u00e1s informaci\u00f3n en: <a href=\"http:\/\/www.upo.es\/congresos\/derecho-penal\/\">http:\/\/www.upo.es\/congresos\/derecho-penal\/<\/a><\/p>\n<p style=\"text-align: justify;\">\n","protected":false},"excerpt":{"rendered":"<p>El rector de la UPO, Vicente Guzm\u00e1n Fluja, junto con el decano de la Facultad de Derecho de la UPO, Andr\u00e9s Rodr\u00edguez Benot, y los catedr\u00e1ticos Francisco Mu\u00f1oz Conde, de la UPO y Emilio Cortes Bachiarelli, de la Universidad de Extremadura, han clausurado el congreso \u201cEl Derecho Penal ante los retos del siglo XXI\u201d, organizado por el \u00c1rea de Derecho Penal de la Universidad Pablo de Olavide.<\/p>\n","protected":false},"author":4,"featured_media":0,"comment_status":"closed","ping_status":"open","sticky":false,"template":"","format":"standard","meta":{"_monsterinsights_skip_tracking":false,"_monsterinsights_sitenote_active":false,"_monsterinsights_sitenote_note":"","_monsterinsights_sitenote_category":0,"footnotes":""},"categories":[6],"tags":[1240,354,842,1079,38],"class_list":["post-3214305","post","type-post","status-publish","format-standard","hentry","category-institucional","tag-area-de-derecho-penal","tag-congreso","tag-derecho-penal","tag-francisco-munoz-conde","tag-rector"],"_links":{"self":[{"href":"https:\/\/www.upo.es\/diario\/wp-json\/wp\/v2\/posts\/3214305","targetHints":{"allow":["GET"]}}],"collection":[{"href":"https:\/\/www.upo.es\/diario\/wp-json\/wp\/v2\/posts"}],"about":[{"href":"https:\/\/www.upo.es\/diario\/wp-json\/wp\/v2\/types\/post"}],"author":[{"embeddable":true,"href":"https:\/\/www.upo.es\/diario\/wp-json\/wp\/v2\/users\/4"}],"replies":[{"embeddable":true,"href":"https:\/\/www.upo.es\/diario\/wp-json\/wp\/v2\/comments?post=3214305"}],"version-history":[{"count":11,"href":"https:\/\/www.upo.es\/diario\/wp-json\/wp\/v2\/posts\/3214305\/revisions"}],"predecessor-version":[{"id":3214309,"href":"https:\/\/www.upo.es\/diario\/wp-json\/wp\/v2\/posts\/3214305\/revisions\/3214309"}],"wp:attachment":[{"href":"https:\/\/www.upo.es\/diario\/wp-json\/wp\/v2\/media?parent=3214305"}],"wp:term":[{"taxonomy":"category","embeddable":true,"href":"https:\/\/www.upo.es\/diario\/wp-json\/wp\/v2\/categories?post=3214305"},{"taxonomy":"post_tag","embeddable":true,"href":"https:\/\/www.upo.es\/diario\/wp-json\/wp\/v2\/tags?post=3214305"}],"curies":[{"name":"wp","href":"https:\/\/api.w.org\/{rel}","templated":true}]}}