{"id":3225629,"date":"2014-03-21T00:07:30","date_gmt":"2014-03-21T00:07:30","guid":{"rendered":"https:\/\/www.upo.es\/diario\/?p=3225629"},"modified":"2014-03-24T08:14:08","modified_gmt":"2014-03-24T08:14:08","slug":"este-domingo-actuacion-del-coro-de-la-upo-en-la-iglesia-de-san-marcos","status":"publish","type":"post","link":"https:\/\/www.upo.es\/diario\/cultura\/2014\/03\/este-domingo-actuacion-del-coro-de-la-upo-en-la-iglesia-de-san-marcos\/","title":{"rendered":"Este domingo, actuaci\u00f3n del coro de la UPO en la Iglesia de San Marcos"},"content":{"rendered":"<figure id=\"attachment_3225630\" aria-describedby=\"caption-attachment-3225630\" style=\"width: 240px\" class=\"wp-caption alignright\"><a href=\"https:\/\/www.upo.es\/diario\/wp-content\/uploads\/2014\/03\/Cartel-Sevilla-23\u00b703\u00b72014-San-Marcos-Cupo-Canticum.jpg\"><img loading=\"lazy\" decoding=\"async\" class=\"size-medium wp-image-3225630\" alt=\"Este domingo 23 de marzo, a las 18:30 horas en la iglesia de San Marcos (Sevilla)\" src=\"https:\/\/www.upo.es\/diario\/wp-content\/uploads\/2014\/03\/Cartel-Sevilla-23\u00b703\u00b72014-San-Marcos-Cupo-Canticum-240x320.jpg\" width=\"240\" height=\"320\" srcset=\"https:\/\/www.upo.es\/diario\/wp-content\/uploads\/2014\/03\/Cartel-Sevilla-23\u00b703\u00b72014-San-Marcos-Cupo-Canticum-240x320.jpg 240w, https:\/\/www.upo.es\/diario\/wp-content\/uploads\/2014\/03\/Cartel-Sevilla-23\u00b703\u00b72014-San-Marcos-Cupo-Canticum-768x1024.jpg 768w, https:\/\/www.upo.es\/diario\/wp-content\/uploads\/2014\/03\/Cartel-Sevilla-23\u00b703\u00b72014-San-Marcos-Cupo-Canticum-600x800.jpg 600w, https:\/\/www.upo.es\/diario\/wp-content\/uploads\/2014\/03\/Cartel-Sevilla-23\u00b703\u00b72014-San-Marcos-Cupo-Canticum.jpg 1008w\" sizes=\"auto, (max-width: 240px) 100vw, 240px\" \/><\/a><figcaption id=\"caption-attachment-3225630\" class=\"wp-caption-text\">Este domingo, 23 de marzo, a las 18:30 horas en la iglesia de San Marcos (Sevilla)<\/figcaption><\/figure>\n<p style=\"text-align: justify;\">Este domingo, 23 de marzo, a las 18:30 horas en la iglesia de San Marcos (Sevilla), actuar\u00e1 el coro de la Universidad Pablo de Olavide junto con el coro granadino Canticum Novum, ofreciendo un concierto titulado \u201cEl Greco, In Memoriam\u201d, con motivo del IV centenario de la muerte del Greco, el popular pintor de origen griego asentado en Toledo.<\/p>\n<p style=\"text-align: justify;\">Este homenaje ha sido organizado por el Vicerrectorado de Cultura, Participaci\u00f3n y Compromiso Social. La direcci\u00f3n del coro de la UPO y de Canticum Novum recae en Jorge Rodr\u00edguez (director musical) y Miguel Rodr\u00edguez (direcci\u00f3n art\u00edstica). La duraci\u00f3n aproximada ser\u00e1 de una hora y los asistentes podr\u00e1n realizar una aportaci\u00f3n voluntaria de 3 \u20ac.<\/p>\n<p style=\"text-align: justify;\">\n<p align=\"center\"><b>PROGRAMA<\/b><\/p>\n<p align=\"center\"><b>Domingo 23 de marzo. 18.30 horas<\/b><\/p>\n<p align=\"center\"><b>Iglesia de San Marcos (Sevilla)<\/b><\/p>\n<p align=\"center\"><b>Primera parte: <\/b>Cantigas de Alfonso X \u00abEl Sabio\u00bb, el esplendor<\/p>\n<p align=\"center\">medieval de Sevilla y Toledo.<\/p>\n<p align=\"center\">1.\u00a0 Muito devemos Varoes<\/p>\n<p align=\"center\">2.\u00a0 O que a Santa Mar\u00eda mais despraz<\/p>\n<p align=\"center\">3.\u00a0 A madre de Deus<\/p>\n<p align=\"center\">4.\u00a0 Ben guarda Santa Mar\u00eda<\/p>\n<p align=\"center\">5.\u00a0 Ontre toda las virtudes<\/p>\n<p align=\"center\"><b>Segunda parte: <\/b>Solemnes exequias: Misa de Difuntos Gregoriana (selecci\u00f3n), Motetes y Officium Defunctorum de Tom\u00e1s Luis de Victoria.<\/p>\n<p>&nbsp;<\/p>\n<p>&nbsp;<\/p>\n","protected":false},"excerpt":{"rendered":"<p>Este domingo 23 de marzo, a las 18:30 horas en la iglesia de San Marcos (Sevilla), actuar\u00e1 el coro de la Universidad Pablo de Olavide junto con el coro granadino Canticum Novum, ofreciendo un concierto titulado \u201cEl Greco, In Memoriam\u201d, con motivo del IV centenario de la muerte del Greco, el popular pintor de origen griego asentado en Toledo.<\/p>\n","protected":false},"author":4,"featured_media":0,"comment_status":"closed","ping_status":"open","sticky":false,"template":"","format":"standard","meta":{"_monsterinsights_skip_tracking":false,"_monsterinsights_sitenote_active":false,"_monsterinsights_sitenote_note":"","_monsterinsights_sitenote_category":0,"footnotes":""},"categories":[7],"tags":[71,1245,1244,1246],"class_list":["post-3225629","post","type-post","status-publish","format-standard","hentry","category-cultura","tag-coro","tag-greco","tag-homanaje","tag-iglesia-san-marcos"],"_links":{"self":[{"href":"https:\/\/www.upo.es\/diario\/wp-json\/wp\/v2\/posts\/3225629","targetHints":{"allow":["GET"]}}],"collection":[{"href":"https:\/\/www.upo.es\/diario\/wp-json\/wp\/v2\/posts"}],"about":[{"href":"https:\/\/www.upo.es\/diario\/wp-json\/wp\/v2\/types\/post"}],"author":[{"embeddable":true,"href":"https:\/\/www.upo.es\/diario\/wp-json\/wp\/v2\/users\/4"}],"replies":[{"embeddable":true,"href":"https:\/\/www.upo.es\/diario\/wp-json\/wp\/v2\/comments?post=3225629"}],"version-history":[{"count":3,"href":"https:\/\/www.upo.es\/diario\/wp-json\/wp\/v2\/posts\/3225629\/revisions"}],"predecessor-version":[{"id":3256908,"href":"https:\/\/www.upo.es\/diario\/wp-json\/wp\/v2\/posts\/3225629\/revisions\/3256908"}],"wp:attachment":[{"href":"https:\/\/www.upo.es\/diario\/wp-json\/wp\/v2\/media?parent=3225629"}],"wp:term":[{"taxonomy":"category","embeddable":true,"href":"https:\/\/www.upo.es\/diario\/wp-json\/wp\/v2\/categories?post=3225629"},{"taxonomy":"post_tag","embeddable":true,"href":"https:\/\/www.upo.es\/diario\/wp-json\/wp\/v2\/tags?post=3225629"}],"curies":[{"name":"wp","href":"https:\/\/api.w.org\/{rel}","templated":true}]}}