{"id":326690,"date":"2013-01-24T07:00:42","date_gmt":"2013-01-24T07:00:42","guid":{"rendered":"https:\/\/www.upo.es\/diario\/?p=326690"},"modified":"2013-01-24T07:02:43","modified_gmt":"2013-01-24T07:02:43","slug":"manana-continua-el-ciclo-de-conferencias-itinerarios-culturales-por-el-reino-de-sevilla","status":"publish","type":"post","link":"https:\/\/www.upo.es\/diario\/cultura\/2013\/01\/manana-continua-el-ciclo-de-conferencias-itinerarios-culturales-por-el-reino-de-sevilla\/","title":{"rendered":"Hoy contin\u00faa el ciclo de conferencias \u00abItinerarios culturales por el reino de Sevilla\u00bb"},"content":{"rendered":"<p>&nbsp;<\/p>\n<figure id=\"attachment_327369\" aria-describedby=\"caption-attachment-327369\" style=\"width: 315px\" class=\"wp-caption alignright\"><a href=\"https:\/\/www.upo.es\/diario\/wp-content\/uploads\/2013\/01\/cartel_itinerarios_sevilla_2013.jpg\"><img loading=\"lazy\" decoding=\"async\" class=\"size-medium wp-image-327369\" alt=\"cartel \u201cItinerarios culturales por el reino de Sevilla\u201d\" src=\"https:\/\/www.upo.es\/diario\/wp-content\/uploads\/2013\/01\/cartel_itinerarios_sevilla_2013-315x320.jpg\" width=\"315\" height=\"320\" srcset=\"https:\/\/www.upo.es\/diario\/wp-content\/uploads\/2013\/01\/cartel_itinerarios_sevilla_2013-315x320.jpg 315w, https:\/\/www.upo.es\/diario\/wp-content\/uploads\/2013\/01\/cartel_itinerarios_sevilla_2013-1008x1024.jpg 1008w, https:\/\/www.upo.es\/diario\/wp-content\/uploads\/2013\/01\/cartel_itinerarios_sevilla_2013-600x609.jpg 600w\" sizes=\"auto, (max-width: 315px) 100vw, 315px\" \/><\/a><figcaption id=\"caption-attachment-327369\" class=\"wp-caption-text\">Las conferencias tienen lugar en la Residencia Universitaria Flora Trist\u00e1n<\/figcaption><\/figure>\n<p>Hoy jueves 24 de enero, a las 18 horas en el sal\u00f3n de actos de la Residencia Universitaria Flora Trist\u00e1n de la Universidad Pablo de Olavide, continuar\u00e1 el Ciclo de Conferencias <strong>\u201cItinerarios Culturales por el Reino de Sevilla\u201d<\/strong> dedicado en su segunda sesi\u00f3n a Jerez de la Frontera. El profesor del \u00c1rea de Historia Medieval de la UPO, <strong>Jos\u00e9 Mar\u00eda Miura<\/strong>, impartir\u00e1 las ponencias que se celebran hoy y el viernes, 25 de enero, tituladas \u201cHistoria de Jerez de la Frontera\u201d y \u201cEl Patrimonio Cultural de Jerez\u201d, respectivamente. Esta sesi\u00f3n finalizar\u00e1 el s\u00e1bado, 26 de enero, con una visita guiada a la ciudad de Jerez, en la que colabora Manuel Barea, archivero Municipal de Jerez de la Frontera. La asistencia a las conferencias est\u00e1 abierta hasta completar aforo mientras que las visitas guiadas se limitar\u00e1n a un m\u00e1ximo de 55 asistentes.<\/p>\n<p>Este ciclo, que comenz\u00f3 en noviembre y que se celebrar\u00e1 hasta el mes de febrero, est\u00e1 organizado por los profesores del \u00c1rea de Historia Medieval de la UPO, Jose Mar\u00eda Miura Andrades y Silvia Mar\u00eda P\u00e9rez Gonz\u00e1lez, con la colaboraci\u00f3n de la Facultad de Humanidades, el Departamento de Geograf\u00eda, Historia y Filosof\u00eda y la Residencia Universitaria Flora Trist\u00e1n de la UPO, y financiada por el programa \u201cLa UPO para tod@s\u201d del Vicerrectorado de Cultura, Participaci\u00f3n y Compromiso Social.<\/p>\n<p>El ciclo de conferencias tiene como objetivo potenciar el conocimiento de la realidad hist\u00f3rica y cultural del Reino de Sevilla a trav\u00e9s de ciudades cercanas y la sensibilizaci\u00f3n hacia el mantenimiento del Patrimonio Cultural, as\u00ed como la difusi\u00f3n del mismo. La actividad se compone en tres itinerarios: Carmona, Jerez de la Frontera y Alcal\u00e1 de Guada\u00edra, \u00a0y cada uno se divide en dos partes. La primera se articula en dos sesiones te\u00f3ricas de una hora y media de duraci\u00f3n donde se analizar\u00e1n y explicar\u00e1n las caracter\u00edsticas del devenir hist\u00f3rico de la poblaci\u00f3n, y de los restos materiales y patrimoniales conservados. La segunda de las partes es una visita guiada por cada uno de los itinerarios tanto a los diversos elementos patrimoniales como a otros centros relacionados con los contenidos.<\/p>\n<p>&nbsp;<\/p>\n<p align=\"center\">PROGRAMA<\/p>\n<p align=\"center\">Ciclo de Conferencias \u201cItinerarios Culturales por el Reino de Sevilla\u201d<\/p>\n<p align=\"center\">18 horas \u2013 Sal\u00f3n de Actos de la Residencia Universitaria Flora Trist\u00e1n<\/p>\n<p align=\"center\">Universidad Pablo de Olavide<\/p>\n<p style=\"text-align: left;\" align=\"center\">\u00a0\u201cJEREZ DE LA FRONTERA\u201d<\/p>\n<p>Jos\u00e9 Mar\u00eda Miura Andrades. Universidad Pablo de Olavide.<\/p>\n<p>&#8211; Jueves, 24 de enero<\/p>\n<p>18-19:30 h.<\/p>\n<p>Conferencia \u201cHistoria de Jerez de la Frontera\u201d.<\/p>\n<p>&#8211; Viernes, 25 de enero.<\/p>\n<p>18-19:30 h.<\/p>\n<p>Conferencia \u201cEl Patrimonio Cultural de Jerez\u201d.<\/p>\n<p>&#8211; S\u00e1bado, 26 de enero.<\/p>\n<p>8-15:30 h.<\/p>\n<p>Visita Guiada a la Ciudad de Jerez.<\/p>\n<p>Colabora Manuel Barea del Archivo Municipal de Jerez de la Frontera.<\/p>\n<p>&nbsp;<\/p>\n<p>\u201cALCAL\u00c1 DE GUADA\u00cdRA\u201d<\/p>\n<p>Jos\u00e9 Mar\u00eda Miura Andrades. Universidad Pablo de Olavide.<\/p>\n<p>&#8211; Jueves, 21 de febrero<\/p>\n<p>18-19:30h.<\/p>\n<p>Conferencia \u201cAlcal\u00e1 Hist\u00f3rica\u201d.<\/p>\n<p>&#8211; Viernes, 22 de febrero<\/p>\n<p>18-19:30h.<\/p>\n<p>Conferencia \u201cEl Patrimonio Cultural de Alcal\u00e1 de Guada\u00edra\u201d.<\/p>\n<p>&#8211; S\u00e1bado, 23 de febrero<\/p>\n<p>9-14:30 h.<\/p>\n<p>Visita Guiada a la Alcal\u00e1 de Guada\u00edra.<\/p>\n","protected":false},"excerpt":{"rendered":"<p>Hoy jueves 24 de enero, a las 18 horas en el sal\u00f3n de actos de la Residencia Universitaria Flora Trist\u00e1n de la Universidad Pablo de Olavide, continuar\u00e1 el Ciclo de Conferencias \u201cItinerarios Culturales por el Reino de Sevilla\u201d dedicado en su segunda sesi\u00f3n a Jerez de la Frontera.<\/p>\n","protected":false},"author":4,"featured_media":0,"comment_status":"closed","ping_status":"open","sticky":false,"template":"","format":"standard","meta":{"_monsterinsights_skip_tracking":false,"_monsterinsights_sitenote_active":false,"_monsterinsights_sitenote_note":"","_monsterinsights_sitenote_category":0,"footnotes":""},"categories":[7],"tags":[150,84,55,161],"class_list":["post-326690","post","type-post","status-publish","format-standard","hentry","category-cultura","tag-historia","tag-jornadas","tag-ru-flora-tristan","tag-sevilla"],"_links":{"self":[{"href":"https:\/\/www.upo.es\/diario\/wp-json\/wp\/v2\/posts\/326690","targetHints":{"allow":["GET"]}}],"collection":[{"href":"https:\/\/www.upo.es\/diario\/wp-json\/wp\/v2\/posts"}],"about":[{"href":"https:\/\/www.upo.es\/diario\/wp-json\/wp\/v2\/types\/post"}],"author":[{"embeddable":true,"href":"https:\/\/www.upo.es\/diario\/wp-json\/wp\/v2\/users\/4"}],"replies":[{"embeddable":true,"href":"https:\/\/www.upo.es\/diario\/wp-json\/wp\/v2\/comments?post=326690"}],"version-history":[{"count":5,"href":"https:\/\/www.upo.es\/diario\/wp-json\/wp\/v2\/posts\/326690\/revisions"}],"predecessor-version":[{"id":326692,"href":"https:\/\/www.upo.es\/diario\/wp-json\/wp\/v2\/posts\/326690\/revisions\/326692"}],"wp:attachment":[{"href":"https:\/\/www.upo.es\/diario\/wp-json\/wp\/v2\/media?parent=326690"}],"wp:term":[{"taxonomy":"category","embeddable":true,"href":"https:\/\/www.upo.es\/diario\/wp-json\/wp\/v2\/categories?post=326690"},{"taxonomy":"post_tag","embeddable":true,"href":"https:\/\/www.upo.es\/diario\/wp-json\/wp\/v2\/tags?post=326690"}],"curies":[{"name":"wp","href":"https:\/\/api.w.org\/{rel}","templated":true}]}}