{"id":3282814,"date":"2014-03-27T06:45:36","date_gmt":"2014-03-27T06:45:36","guid":{"rendered":"https:\/\/www.upo.es\/diario\/?p=3282814"},"modified":"2014-03-28T12:29:51","modified_gmt":"2014-03-28T12:29:51","slug":"la-artista-maria-ortega-pintara-un-mural-en-la-upo-como-parte-del-festival-miradas-de-mujeres","status":"publish","type":"post","link":"https:\/\/www.upo.es\/diario\/cultura\/2014\/03\/la-artista-maria-ortega-pintara-un-mural-en-la-upo-como-parte-del-festival-miradas-de-mujeres\/","title":{"rendered":"La artista Mar\u00eda Ortega pinta un mural en la UPO como parte del Festival Miradas de Mujeres"},"content":{"rendered":"<figure id=\"attachment_3295051\" aria-describedby=\"caption-attachment-3295051\" style=\"width: 320px\" class=\"wp-caption alignright\"><a href=\"https:\/\/www.upo.es\/diario\/wp-content\/uploads\/2014\/03\/mural_mariaortega.jpg\"><img loading=\"lazy\" decoding=\"async\" class=\"size-medium wp-image-3295051\" alt=\"Del 27 de marzo al 1 de abril, la artista plasmar\u00e1 en un mural una versi\u00f3n de su proyecto \u2018Viajando el Para\u00edso\u2019.\" src=\"https:\/\/www.upo.es\/diario\/wp-content\/uploads\/2014\/03\/mural_mariaortega-320x222.jpg\" width=\"320\" height=\"222\" srcset=\"https:\/\/www.upo.es\/diario\/wp-content\/uploads\/2014\/03\/mural_mariaortega-320x222.jpg 320w, https:\/\/www.upo.es\/diario\/wp-content\/uploads\/2014\/03\/mural_mariaortega-1024x711.jpg 1024w, https:\/\/www.upo.es\/diario\/wp-content\/uploads\/2014\/03\/mural_mariaortega-600x417.jpg 600w\" sizes=\"auto, (max-width: 320px) 100vw, 320px\" \/><\/a><figcaption id=\"caption-attachment-3295051\" class=\"wp-caption-text\">Del 27 de marzo al 1 de abril, la artista plasmar\u00e1 en un mural una versi\u00f3n de su proyecto \u2018Viajando el Para\u00edso\u2019.<\/figcaption><\/figure>\n<p>Desde el jueves 27 de marzo y hasta el martes 1 de abril, en la Plaza de Andaluc\u00eda de la Universidad Pablo de Olavide, la artista pl\u00e1stica <a href=\"http:\/\/www.mariaortegaestepa.com\/\"><strong>Mar\u00eda Ortega Estepa<\/strong><\/a> pinta el mural de dicha plaza con motivo del Festival Miradas de Mujeres y dentro del proyecto Atalaya \u201cArte y Compromiso. Experiencias para el Cambio Social\u201d, coordinado por el Vicerrectorado de Estudiantes, Cultura y Compromiso Social de la UPO.<\/p>\n<p>Esta intervenci\u00f3n art\u00edstica forma parte del proyecto que Mar\u00eda Ortega empez\u00f3 en 2008, <strong>\u2018Viajando el Para\u00edso-Travelling Paradise\u201d<\/strong>, y se suma a las otras obras vinculadas al compromiso social que ya ha desempe\u00f1ado la artista en el S\u00e1hara Occidental, Madrid, Barcelona, Huelva y Alicante.<\/p>\n<p>La presencia de Mar\u00eda Ortega dinamizar\u00e1 la Plaza de Andaluc\u00eda durante los seis d\u00edas que estar\u00e1 pintando el mural, dando a la comunidad universitaria la oportunidad de ver a la artista en pleno proceso pict\u00f3rico. Las acciones de la propuesta \u2018Viajando el Para\u00edso\u2019 est\u00e1n estructuradas en contextos de conflicto pol\u00edtico (Artifariti, Sahara Occidental), de intervenci\u00f3n social (Hospitalaria: Oncolog\u00eda. Hemodi\u00e1lisis y colectivos de Discapacidad Intelectual) as\u00ed como en contextos expositivos, y responden a la voluntad de poner en valor las relaciones entre Arte y Sociedad, contexto de las inquietudes y las actividades contempladas en \u201cArte y Compromiso\u201d.<\/p>\n<p>Esta artista ya estuvo en la Universidad Pablo de Olavide en la campa\u00f1a 8 de marzo \u201cD\u00eda internacional de las mujeres\u201d impartiendo un seminario\/taller para explicar su propuesta \u2018Viajando al Para\u00edso\u2019 y as\u00ed mostrar el valor de los proyectos de intervenci\u00f3n social a trav\u00e9s de las artes.<b>\u00a0<\/b><\/p>\n<p align=\"center\"><b>\u00a0<\/b><\/p>\n<p align=\"center\"><b>CALENDARIO DE LA ARTISTA EN LA UPO<br \/>\n<\/b>Plaza de Andaluc\u00eda, Universidad Pablo de Olavide<\/p>\n<p align=\"center\"><b>Jueves 27 de marzo: <\/b>10:00-14:00 \/ 16:00-19:00 horas<\/p>\n<p align=\"center\"><b>Viernes 28:<\/b> 16:00-19:00 horas (podr\u00e1 variar en funci\u00f3n de las condiciones climatol\u00f3gicas)<\/p>\n<p align=\"center\"><b>S\u00e1bado 29:<\/b> 10:00-14:00 \/ 16:00-19:00 horas\u00a0(podr\u00e1 variar en funci\u00f3n de las condiciones climatol\u00f3gicas)<\/p>\n<p align=\"center\"><b>Domingo 30:<\/b> 10:00-14:00 \/ 16:00-19:00 horas<\/p>\n<p align=\"center\"><b>Lunes 31:<\/b> 10:00-14:00 horas<\/p>\n<p align=\"center\"><b>Martes 1 de abril:<\/b> 10:00-14:00 \/ 16:00-19:00 horas<\/p>\n","protected":false},"excerpt":{"rendered":"<p>Esta intervenci\u00f3n art\u00edstica forma parte del proyecto que Mar\u00eda Ortega empez\u00f3 en 2008, \u2018Viajando el Para\u00edso-Travelling Paradise\u201d, y se suma a las otras obras vinculadas al compromiso social que ya ha desempe\u00f1ado la artista en el S\u00e1hara Occidental, Madrid, Barcelona, Huelva y Alicante.<\/p>\n","protected":false},"author":6,"featured_media":0,"comment_status":"closed","ping_status":"open","sticky":false,"template":"","format":"standard","meta":{"_monsterinsights_skip_tracking":false,"_monsterinsights_sitenote_active":false,"_monsterinsights_sitenote_note":"","_monsterinsights_sitenote_category":0,"footnotes":""},"categories":[7],"tags":[265,1254,793,94],"class_list":["post-3282814","post","type-post","status-publish","format-standard","hentry","category-cultura","tag-arte","tag-artes-plasticas","tag-intervencion-social","tag-proyecto-atalaya"],"_links":{"self":[{"href":"https:\/\/www.upo.es\/diario\/wp-json\/wp\/v2\/posts\/3282814","targetHints":{"allow":["GET"]}}],"collection":[{"href":"https:\/\/www.upo.es\/diario\/wp-json\/wp\/v2\/posts"}],"about":[{"href":"https:\/\/www.upo.es\/diario\/wp-json\/wp\/v2\/types\/post"}],"author":[{"embeddable":true,"href":"https:\/\/www.upo.es\/diario\/wp-json\/wp\/v2\/users\/6"}],"replies":[{"embeddable":true,"href":"https:\/\/www.upo.es\/diario\/wp-json\/wp\/v2\/comments?post=3282814"}],"version-history":[{"count":9,"href":"https:\/\/www.upo.es\/diario\/wp-json\/wp\/v2\/posts\/3282814\/revisions"}],"predecessor-version":[{"id":3305814,"href":"https:\/\/www.upo.es\/diario\/wp-json\/wp\/v2\/posts\/3282814\/revisions\/3305814"}],"wp:attachment":[{"href":"https:\/\/www.upo.es\/diario\/wp-json\/wp\/v2\/media?parent=3282814"}],"wp:term":[{"taxonomy":"category","embeddable":true,"href":"https:\/\/www.upo.es\/diario\/wp-json\/wp\/v2\/categories?post=3282814"},{"taxonomy":"post_tag","embeddable":true,"href":"https:\/\/www.upo.es\/diario\/wp-json\/wp\/v2\/tags?post=3282814"}],"curies":[{"name":"wp","href":"https:\/\/api.w.org\/{rel}","templated":true}]}}