{"id":3294550,"date":"2014-03-27T13:20:38","date_gmt":"2014-03-27T13:20:38","guid":{"rendered":"https:\/\/www.upo.es\/diario\/?p=3294550"},"modified":"2014-03-27T13:44:41","modified_gmt":"2014-03-27T13:44:41","slug":"reunion-en-la-upo-de-los-responsables-de-las-escuelas-de-doctorado-de-las-universidades-andaluzas","status":"publish","type":"post","link":"https:\/\/www.upo.es\/diario\/institucional\/2014\/03\/reunion-en-la-upo-de-los-responsables-de-las-escuelas-de-doctorado-de-las-universidades-andaluzas\/","title":{"rendered":"Reuni\u00f3n en la UPO de los responsables de las Escuelas de Doctorado de las universidades andaluzas"},"content":{"rendered":"<p>&nbsp;<\/p>\n<figure id=\"attachment_3294551\" aria-describedby=\"caption-attachment-3294551\" style=\"width: 320px\" class=\"wp-caption alignright\"><a href=\"https:\/\/www.upo.es\/diario\/wp-content\/uploads\/2014\/03\/reunionescdoctorados.jpg\"><img loading=\"lazy\" decoding=\"async\" class=\"size-medium wp-image-3294551\" alt=\"El vicerrector de Postgrado, Formaci\u00f3n Permanente y Empleo de la UPO ha presidido la reuni\u00f3n de los responsables de las Escuelas de Doctorado de las universidades andaluzas.\" src=\"https:\/\/www.upo.es\/diario\/wp-content\/uploads\/2014\/03\/reunionescdoctorados-320x189.jpg\" width=\"320\" height=\"189\" srcset=\"https:\/\/www.upo.es\/diario\/wp-content\/uploads\/2014\/03\/reunionescdoctorados-320x189.jpg 320w, https:\/\/www.upo.es\/diario\/wp-content\/uploads\/2014\/03\/reunionescdoctorados-1024x605.jpg 1024w, https:\/\/www.upo.es\/diario\/wp-content\/uploads\/2014\/03\/reunionescdoctorados-600x354.jpg 600w\" sizes=\"auto, (max-width: 320px) 100vw, 320px\" \/><\/a><figcaption id=\"caption-attachment-3294551\" class=\"wp-caption-text\">El vicerrector de Postgrado, Formaci\u00f3n Permanente y Empleo de la UPO ha presidido la reuni\u00f3n de los responsables de las Escuelas de Doctorado de las universidades andaluzas.<\/figcaption><\/figure>\n<p>Los directores de las Escuelas de Doctorado de las universidades andaluzas han mantenido esta ma\u00f1ana una reuni\u00f3n en la Universidad Pablo de Olavide de Sevilla, presidida por el vicerrector de Postgrado, Formaci\u00f3n Permanente y Empleo de la UPO, Miguel \u00c1ngel Gual Font, acompa\u00f1ado por el director de la Escuela de Doctorado de la UPO, Carlos Usabiaga.<\/p>\n<p>Esta reuni\u00f3n, a la que han asistido tambi\u00e9n la vicerrectora de Investigaci\u00f3n, Posgrado y Relaciones Internacionales de la Universidad de Huelva, Regla Fern\u00e1ndez, y la vicerrectora de de I+D+i de la Universidad de Ja\u00e9n, Mar\u00eda \u00c1ngeles Peinado, ha tenido como objetivo abordar el funcionamiento y la coordinaci\u00f3n de los programas de Doctorado y las Escuelas de Doctorado de las universidades de Huelva, Sevilla, C\u00f3rdoba, Ja\u00e9n, C\u00e1diz, M\u00e1laga, Granada, Almer\u00eda y Pablo de Olavide.<\/p>\n","protected":false},"excerpt":{"rendered":"<p>Los directores de las Escuelas de Doctorado de las universidades andaluzas han mantenido esta ma\u00f1ana una reuni\u00f3n en la Universidad Pablo de Olavide de Sevilla, presidida por el vicerrector de Postgrado, Formaci\u00f3n Permanente y Empleo de la UPO, Miguel \u00c1ngel Gual Font, acompa\u00f1ado por el director de la Escuela de Doctorado de la UPO, Carlos Usabiaga.<\/p>\n","protected":false},"author":5,"featured_media":0,"comment_status":"closed","ping_status":"open","sticky":false,"template":"","format":"standard","meta":{"_monsterinsights_skip_tracking":false,"_monsterinsights_sitenote_active":false,"_monsterinsights_sitenote_note":"","_monsterinsights_sitenote_category":0,"footnotes":""},"categories":[6],"tags":[1160,82],"class_list":["post-3294550","post","type-post","status-publish","format-standard","hentry","category-institucional","tag-escuela-de-doctorado","tag-postgrado"],"_links":{"self":[{"href":"https:\/\/www.upo.es\/diario\/wp-json\/wp\/v2\/posts\/3294550","targetHints":{"allow":["GET"]}}],"collection":[{"href":"https:\/\/www.upo.es\/diario\/wp-json\/wp\/v2\/posts"}],"about":[{"href":"https:\/\/www.upo.es\/diario\/wp-json\/wp\/v2\/types\/post"}],"author":[{"embeddable":true,"href":"https:\/\/www.upo.es\/diario\/wp-json\/wp\/v2\/users\/5"}],"replies":[{"embeddable":true,"href":"https:\/\/www.upo.es\/diario\/wp-json\/wp\/v2\/comments?post=3294550"}],"version-history":[{"count":3,"href":"https:\/\/www.upo.es\/diario\/wp-json\/wp\/v2\/posts\/3294550\/revisions"}],"predecessor-version":[{"id":3295049,"href":"https:\/\/www.upo.es\/diario\/wp-json\/wp\/v2\/posts\/3294550\/revisions\/3295049"}],"wp:attachment":[{"href":"https:\/\/www.upo.es\/diario\/wp-json\/wp\/v2\/media?parent=3294550"}],"wp:term":[{"taxonomy":"category","embeddable":true,"href":"https:\/\/www.upo.es\/diario\/wp-json\/wp\/v2\/categories?post=3294550"},{"taxonomy":"post_tag","embeddable":true,"href":"https:\/\/www.upo.es\/diario\/wp-json\/wp\/v2\/tags?post=3294550"}],"curies":[{"name":"wp","href":"https:\/\/api.w.org\/{rel}","templated":true}]}}