{"id":3294553,"date":"2014-03-27T06:45:53","date_gmt":"2014-03-27T06:45:53","guid":{"rendered":"https:\/\/www.upo.es\/diario\/?p=3294553"},"modified":"2014-03-28T12:30:35","modified_gmt":"2014-03-28T12:30:35","slug":"la-upo-celebra-manana-un-taller-de-entrevistas-de-seleccion-para-sus-estudiantes-de-grado-y-postgrado","status":"publish","type":"post","link":"https:\/\/www.upo.es\/diario\/institucional\/2014\/03\/la-upo-celebra-manana-un-taller-de-entrevistas-de-seleccion-para-sus-estudiantes-de-grado-y-postgrado\/","title":{"rendered":"La UPO celebra ma\u00f1ana un taller de entrevistas de selecci\u00f3n para sus estudiantes de grado y postgrado"},"content":{"rendered":"<p>La Universidad Pablo de Olavide, a trav\u00e9s del \u00c1rea de Orientaci\u00f3n Profesional e Inserci\u00f3n Laboral de la Fundaci\u00f3n Universidad-Sociedad, celebrar\u00e1 ma\u00f1ana, de 09,00 a 14,00 horas, un taller de entrevistas de selecci\u00f3n. Dicha actividad formativa tendr\u00e1 lugar en el aula de inform\u00e1tica 105 del edificio 45 de la Universidad Pablo de Olavide, con un m\u00e1ximo de 30 plazas.<\/p>\n<p>Este taller grupal sobre empleabilidad est\u00e1 dirigido a estudiantes de grado y postgrado, con el objetivo de asesorarlos a la hora de afrontar con \u00e9xito una entrevista de selecci\u00f3n y favorecer su futura inserci\u00f3n laboral.<\/p>\n<p>Todos los interesados en participar en este taller deben inscribirse enviando un correo electr\u00f3nico a la direcci\u00f3n <a href=\"mailto:orientacionprofesional@fundacion.upo.es\">orientacionprofesional@fundacion.upo.es<\/a> indicando su nombre, apellidos, estudios, tel\u00e9fono y la actividad a la que quieren asistir, o bien, llamando por tel\u00e9fono al 954 34 98 15.<\/p>\n","protected":false},"excerpt":{"rendered":"<p>La Universidad Pablo de Olavide, a trav\u00e9s del \u00c1rea de Orientaci\u00f3n Profesional e Inserci\u00f3n Laboral de la Fundaci\u00f3n Universidad-Sociedad, celebrar\u00e1 ma\u00f1ana, de 09,00 a 14,00 horas, un taller de entrevistas de selecci\u00f3n. Dicha actividad formativa tendr\u00e1 lugar en el aula de inform\u00e1tica 105 del edificio 45 de la Universidad Pablo de Olavide, con un m\u00e1ximo de 30 plazas.<\/p>\n","protected":false},"author":5,"featured_media":0,"comment_status":"closed","ping_status":"open","sticky":false,"template":"","format":"standard","meta":{"_monsterinsights_skip_tracking":false,"_monsterinsights_sitenote_active":false,"_monsterinsights_sitenote_note":"","_monsterinsights_sitenote_category":0,"footnotes":""},"categories":[6],"tags":[21,503,1107,1257],"class_list":["post-3294553","post","type-post","status-publish","format-standard","hentry","category-institucional","tag-estudiantes","tag-fundacion","tag-fundacion-universidad-sociedad","tag-orientacion-laboral"],"_links":{"self":[{"href":"https:\/\/www.upo.es\/diario\/wp-json\/wp\/v2\/posts\/3294553","targetHints":{"allow":["GET"]}}],"collection":[{"href":"https:\/\/www.upo.es\/diario\/wp-json\/wp\/v2\/posts"}],"about":[{"href":"https:\/\/www.upo.es\/diario\/wp-json\/wp\/v2\/types\/post"}],"author":[{"embeddable":true,"href":"https:\/\/www.upo.es\/diario\/wp-json\/wp\/v2\/users\/5"}],"replies":[{"embeddable":true,"href":"https:\/\/www.upo.es\/diario\/wp-json\/wp\/v2\/comments?post=3294553"}],"version-history":[{"count":7,"href":"https:\/\/www.upo.es\/diario\/wp-json\/wp\/v2\/posts\/3294553\/revisions"}],"predecessor-version":[{"id":3305817,"href":"https:\/\/www.upo.es\/diario\/wp-json\/wp\/v2\/posts\/3294553\/revisions\/3305817"}],"wp:attachment":[{"href":"https:\/\/www.upo.es\/diario\/wp-json\/wp\/v2\/media?parent=3294553"}],"wp:term":[{"taxonomy":"category","embeddable":true,"href":"https:\/\/www.upo.es\/diario\/wp-json\/wp\/v2\/categories?post=3294553"},{"taxonomy":"post_tag","embeddable":true,"href":"https:\/\/www.upo.es\/diario\/wp-json\/wp\/v2\/tags?post=3294553"}],"curies":[{"name":"wp","href":"https:\/\/api.w.org\/{rel}","templated":true}]}}