{"id":3353019,"date":"2014-04-02T06:44:44","date_gmt":"2014-04-02T06:44:44","guid":{"rendered":"https:\/\/www.upo.es\/diario\/?p=3353019"},"modified":"2014-04-02T06:53:01","modified_gmt":"2014-04-02T06:53:01","slug":"manana-jornadas-de-procesos-deconstituyentes-en-espana-y-suramerica-en-el-monasterio-de-la-cartuja-de-sevilla","status":"publish","type":"post","link":"https:\/\/www.upo.es\/diario\/institucional\/2014\/04\/manana-jornadas-de-procesos-deconstituyentes-en-espana-y-suramerica-en-el-monasterio-de-la-cartuja-de-sevilla\/","title":{"rendered":"Esta tarde, jornadas de \u201cProcesos De\/constituyentes en Espa\u00f1a y Suram\u00e9rica\u201d en el Monasterio de la Cartuja de Sevilla"},"content":{"rendered":"<figure id=\"attachment_3353020\" aria-describedby=\"caption-attachment-3353020\" style=\"width: 202px\" class=\"wp-caption alignright\"><a href=\"http:\/\/www.upo.es\/upo_opencms\/export\/sites\/upo\/Galerias\/Descargas\/InfoEstudiantes\/procesos-de-constituyentes-esp-suramerica.pdf\"><img loading=\"lazy\" decoding=\"async\" class=\"size-medium wp-image-3353020  \" alt=\"Cartel de las Jornadas &quot;Procesos De\/Constituyentes en Espa\u00f1a y Suram\u00e9rica&quot; que se celebran en la Cartuja\" src=\"https:\/\/www.upo.es\/diario\/wp-content\/uploads\/2014\/04\/13464891453_3041bf0be5_b-202x320.jpg\" width=\"202\" height=\"320\" srcset=\"https:\/\/www.upo.es\/diario\/wp-content\/uploads\/2014\/04\/13464891453_3041bf0be5_b-202x320.jpg 202w, https:\/\/www.upo.es\/diario\/wp-content\/uploads\/2014\/04\/13464891453_3041bf0be5_b-600x948.jpg 600w, https:\/\/www.upo.es\/diario\/wp-content\/uploads\/2014\/04\/13464891453_3041bf0be5_b.jpg 648w\" sizes=\"auto, (max-width: 202px) 100vw, 202px\" \/><\/a><figcaption id=\"caption-attachment-3353020\" class=\"wp-caption-text\">Cartel de las Jornadas \u00abProcesos De\/Constituyentes en Espa\u00f1a y Suram\u00e9rica\u00bb que se celebran en la Cartuja<\/figcaption><\/figure>\n<p>La <strong>Universidad Internacional de Andaluc\u00eda<\/strong> (UNIA) acoge los d\u00edas <strong>2, 3 y 4 de abril<\/strong> en su Rectorado (Monasterio de la Cartuja, Sevilla) las jornadas <strong>\u201cProcesos De\/Constituyentes en Espa\u00f1a y Suram\u00e9rica<\/strong>\u201d, que se enmarcan dentro del <strong>M\u00e1ster Universitario en Derechos humanos, Interculturalidad y Desarrollo<\/strong> y de la C\u00e1tedra UNESCO de Interculturalidad y Derechos Humanos de la UNIA. Estas jornadas ser\u00e1n inauguradas hoy mi\u00e9rcoles a las 16:45 por el vicepresidente de la Junta de Andaluc\u00eda, Diego Valderas, y el rector de la UNIA, Eugenio Dom\u00ednguez Vilches. Esta actividad ha sido organizada por la Universidad Internacional de Andaluc\u00eda, la Universidad Pablo de Olavide (UPO) de Sevilla y el Instituto Joaqu\u00edn Herrera Flores.<\/p>\n<p>El seminario, cuya inscripci\u00f3n es gratuita hasta completar aforo, tiene como objetivo fomentar el debate sobre los diferentes procesos de reformas pol\u00edtico-administrativas desarrolladas en Europa y Espa\u00f1a, que conducen a una p\u00e9rdida de derechos\u00a0 sociales, econ\u00f3micos, pol\u00edticos y culturales. Desde esta perspectiva, se analizar\u00e1n estas reformas y sus consecuencias, con una visi\u00f3n interdisciplinar y con representantes de las instituciones pol\u00edticas, acad\u00e9micas y de los movimientos sociales, quienes visibilizar\u00e1n alternativas desde una mirada hac\u00eda el Sur y la sociedad civil.<\/p>\n<p>En la primera mesa redonda, hoy\u00a0<strong>mi\u00e9rcoles 2 de abril<\/strong>, se abordar\u00e1n las reformas en el c\u00f3digo penal y la llamada \u00abley mordaza\u00bb. Los profesores de la UPO, Salvador Cuti\u00f1o y de la Universidad de Castilla-La Mancha (UCLM) Manuel Maroto, compartir\u00e1n debate con Luis de lo Santos y Pastora Filigrana, del Colectivo 17 de Marzo.<\/p>\n<p>El <strong>jueves 3 de abril<\/strong> ser\u00e1n el director general de la Administraci\u00f3n Local, Francisco Javier Camacho, y los profesores Francisco Trillo (UCLM), Sebasti\u00e1n Mart\u00edn (Universidad de Sevilla) y Lina G\u00e1lvez (UPO), los que debatir\u00e1n sobre \u2018La Reforma de la Administraci\u00f3n Local y el desmantelamiento del Estado del Bienestar\u2019. La reforma laboral y sus implicaciones ser\u00e1 abordada por los profesores Rafael G\u00f3mez (UPO) y Joaqu\u00edn Aparicio y Jorge Garc\u00eda (UCLM) y la abogada laboralista Noelia Rodr\u00edguez Su\u00e1rez.<\/p>\n<p>El seminario concluir\u00e1 el <strong>viernes 4 de abril<\/strong> con dos mesas redondas denominadas \u2018Procesos De\/Constituyentes en Espa\u00f1a y Sur Am\u00e9rica\u2019. En ambas se abordar\u00e1 de forma general las implicaciones de los ataques liberales a los sistemas de bienestar y a las garant\u00edas jur\u00eddicas sociales, y se intentar\u00e1n visibilizar caminos alternativos a este tipo de pol\u00edticas. Se contar\u00e1 con la presencia de Gerardo Pisarello, del Observatorio de Derechos Econ\u00f3micos, Sociales y Culturales; Juan Torres, catedr\u00e1tico de Econom\u00eda de la US; Anton\u00edo Baylos, catedr\u00e1tico de Derecho del Trabajo y Seguridad Social de la UCLM, y Francisco Sierra, de la US y del grupo Compol\u00edticas. Asimismo, Wilson Ramos y Cl\u00e8merson Cleve profesores de las universidades Federal de Paran\u00e1 y UniBrasil profundizar\u00e1n en los debates y aportar\u00e1n las experiencias del Sur, as\u00ed como Nico Sguiglia, que hablar\u00e1 de sus experiencias desde los movimientos sociales.<\/p>\n<p>&gt; <a title=\"jornadas \u201cProcesos De\/Constituyentes en Espa\u00f1a y Suram\u00e9rica\u201d (programa en PDF)\" href=\"http:\/\/www.upo.es\/upo_opencms\/export\/sites\/upo\/Galerias\/Descargas\/InfoEstudiantes\/procesos-de-constituyentes-esp-suramerica.pdf\"><strong>Jornadas \u201cProcesos De\/Constituyentes en Espa\u00f1a y Suram\u00e9rica\u201d &#8211; Programa en PDF<\/strong><\/a><\/p>\n","protected":false},"excerpt":{"rendered":"<p>La Universidad Internacional de Andaluc\u00eda (UNIA) acoge los d\u00edas 2, 3 y 4 de abril en el Monasterio de la Cartuja las jornadas \u201cProcesos De\/Constituyentes en Espa\u00f1a y Suram\u00e9rica\u201d, enmarcadas dentro del M\u00e1ster Universitario en Derechos humanos, Interculturalidad y Desarrollo y de la C\u00e1tedra UNESCO de Interculturalidad y Derechos Humanos de la UNIA.<\/p>\n","protected":false},"author":6,"featured_media":0,"comment_status":"closed","ping_status":"open","sticky":false,"template":"","format":"standard","meta":{"_monsterinsights_skip_tracking":false,"_monsterinsights_sitenote_active":false,"_monsterinsights_sitenote_note":"","_monsterinsights_sitenote_category":0,"footnotes":""},"categories":[6],"tags":[67,307,702,203,118,76,170,39],"class_list":["post-3353019","post","type-post","status-publish","format-standard","hentry","category-institucional","tag-ciencias-politicas-y-de-la-administracion","tag-constitucion","tag-joaquin-herrera","tag-junta-de-andalucia","tag-master","tag-politica","tag-unia","tag-universidades"],"_links":{"self":[{"href":"https:\/\/www.upo.es\/diario\/wp-json\/wp\/v2\/posts\/3353019","targetHints":{"allow":["GET"]}}],"collection":[{"href":"https:\/\/www.upo.es\/diario\/wp-json\/wp\/v2\/posts"}],"about":[{"href":"https:\/\/www.upo.es\/diario\/wp-json\/wp\/v2\/types\/post"}],"author":[{"embeddable":true,"href":"https:\/\/www.upo.es\/diario\/wp-json\/wp\/v2\/users\/6"}],"replies":[{"embeddable":true,"href":"https:\/\/www.upo.es\/diario\/wp-json\/wp\/v2\/comments?post=3353019"}],"version-history":[{"count":6,"href":"https:\/\/www.upo.es\/diario\/wp-json\/wp\/v2\/posts\/3353019\/revisions"}],"predecessor-version":[{"id":3362922,"href":"https:\/\/www.upo.es\/diario\/wp-json\/wp\/v2\/posts\/3353019\/revisions\/3362922"}],"wp:attachment":[{"href":"https:\/\/www.upo.es\/diario\/wp-json\/wp\/v2\/media?parent=3353019"}],"wp:term":[{"taxonomy":"category","embeddable":true,"href":"https:\/\/www.upo.es\/diario\/wp-json\/wp\/v2\/categories?post=3353019"},{"taxonomy":"post_tag","embeddable":true,"href":"https:\/\/www.upo.es\/diario\/wp-json\/wp\/v2\/tags?post=3353019"}],"curies":[{"name":"wp","href":"https:\/\/api.w.org\/{rel}","templated":true}]}}