{"id":3353519,"date":"2014-04-02T06:46:45","date_gmt":"2014-04-02T06:46:45","guid":{"rendered":"https:\/\/www.upo.es\/diario\/?p=3353519"},"modified":"2014-04-02T09:44:25","modified_gmt":"2014-04-02T09:44:25","slug":"manana-comienzan-las-iii-jornadas-universitarios-por-una-economia-mas-justa","status":"publish","type":"post","link":"https:\/\/www.upo.es\/diario\/institucional\/2014\/04\/manana-comienzan-las-iii-jornadas-universitarios-por-una-economia-mas-justa\/","title":{"rendered":"Comienzan las III Jornadas \u201cUniversitarios por una Econom\u00eda m\u00e1s Justa\u201d"},"content":{"rendered":"<figure id=\"attachment_3364408\" aria-describedby=\"caption-attachment-3364408\" style=\"width: 320px\" class=\"wp-caption alignright\"><a href=\"https:\/\/www.upo.es\/diario\/wp-content\/uploads\/2014\/04\/2014_04_02_UnivEconMasJusta_13.jpg\"><img loading=\"lazy\" decoding=\"async\" class=\"size-medium wp-image-3364408\" alt=\"Fernando Garc\u00eda Quero, de Economistas sin Fronteras, ha sido el primero en intervenir\" src=\"https:\/\/www.upo.es\/diario\/wp-content\/uploads\/2014\/04\/2014_04_02_UnivEconMasJusta_13-320x213.jpg\" width=\"320\" height=\"213\" srcset=\"https:\/\/www.upo.es\/diario\/wp-content\/uploads\/2014\/04\/2014_04_02_UnivEconMasJusta_13-320x213.jpg 320w, https:\/\/www.upo.es\/diario\/wp-content\/uploads\/2014\/04\/2014_04_02_UnivEconMasJusta_13-1024x682.jpg 1024w, https:\/\/www.upo.es\/diario\/wp-content\/uploads\/2014\/04\/2014_04_02_UnivEconMasJusta_13-600x400.jpg 600w\" sizes=\"auto, (max-width: 320px) 100vw, 320px\" \/><\/a><figcaption id=\"caption-attachment-3364408\" class=\"wp-caption-text\">Fernando Garc\u00eda Quero, de Economistas sin Fronteras, ha sido el primero en intervenir<\/figcaption><\/figure>\n<p>Hoy mi\u00e9rcoles han comenzado, en el Paraninfo de la Universidad Pablo de Olavide,\u00a0las\u00a0<strong>III Jornadas \u201cUniversitarios por una Econom\u00eda m\u00e1s Justa\u201d<\/strong>, donde se buscar\u00e1 explicar a la comunidad universitaria de Sevilla qu\u00e9 son los derechos econ\u00f3micos, sociales y culturales (DESC) y hacer reflexionar sobre las injusticias y la exclusi\u00f3n en las que viven millones de personas en todo el mundo derivadas del actual modelo de desarrollo. El objetivo final es generar espacios que promuevan la implicaci\u00f3n de los\/as universitarios\/as en la construcci\u00f3n de unas estructuras econ\u00f3micas y sociales justas y solidarias, en colaboraci\u00f3n con los colectivos y entidades sociales que trabajan en este \u00e1mbito. <strong>Las Jornadas contin\u00faan ma\u00f1ana<\/strong>\u00a0<strong>jueves 3<\/strong>, de 9 a 15 horas en el aula 3 del edificio 5 y de 16 a 21 horas en el aula 1 del edificio 10.<\/p>\n<p>Asimismo, pretende contribuir a generar cambios en las actitudes de los universitarios y universitarias en pos de estructuras econ\u00f3micas y sociales justas y solidarias. Para ello, las jornadas se realizan tambi\u00e9n en colaboraci\u00f3n con otras organizaciones que trabajan en materia de educaci\u00f3n para el desarrollo (ED) el \u00e1mbito universitario como ATTAC-Espa\u00f1a, Justicia Econ\u00f3mica Global, la Plataforma 2015 y M\u00e1s y Ecologistas en Acci\u00f3n.<\/p>\n<figure id=\"attachment_3353520\" aria-describedby=\"caption-attachment-3353520\" style=\"width: 320px\" class=\"wp-caption alignleft\"><img loading=\"lazy\" decoding=\"async\" class=\"size-medium wp-image-3353520 \" alt=\"Los derechos econ\u00f3micos, sociales y culturales, objeto de an\u00e1lisis durante los d\u00edas 2 y 3 de abril\" src=\"https:\/\/www.upo.es\/diario\/wp-content\/uploads\/2014\/04\/universitarios-econ-justa-320x209.jpg\" width=\"320\" height=\"209\" srcset=\"https:\/\/www.upo.es\/diario\/wp-content\/uploads\/2014\/04\/universitarios-econ-justa-320x209.jpg 320w, https:\/\/www.upo.es\/diario\/wp-content\/uploads\/2014\/04\/universitarios-econ-justa-600x393.jpg 600w, https:\/\/www.upo.es\/diario\/wp-content\/uploads\/2014\/04\/universitarios-econ-justa.jpg 924w\" sizes=\"auto, (max-width: 320px) 100vw, 320px\" \/><figcaption id=\"caption-attachment-3353520\" class=\"wp-caption-text\">Los derechos econ\u00f3micos, sociales y culturales, objeto de an\u00e1lisis durante los d\u00edas 2 y 3 de abril<\/figcaption><\/figure>\n<p>Por otra parte, estas jornadas han sido organizadas por <strong>Economistas sin Fronteras<\/strong> en colaboraci\u00f3n con las dos universidades sevillanas: el Consejo de Estudiantes de la Universidad Pablo Olavide y la Oficina de Cooperaci\u00f3n al Desarrollo de la Universidad de Sevilla, adem\u00e1s de tres entidades sociales: ATTAC, Ecologistas en Acci\u00f3n y Plataforma 2015 y m\u00e1s. Tambi\u00e9n participan colectivos sevillanos de \u00e1mbito estatal como OMAL, REAS, FIARE, PACD y Grupo de Transiciones Socio-ecol\u00f3gicas, as\u00ed como otros de \u00e1mbito local como Enjambre sin Reina.<\/p>\n","protected":false},"excerpt":{"rendered":"<p>Hoy mi\u00e9rcoles han comenzado, en el Paraninfo de la Universidad Pablo de Olavide, las III Jornadas \u201cUniversitarios por una Econom\u00eda m\u00e1s Justa\u201d, donde se buscar\u00e1 explicar a la comunidad universitaria de Sevilla qu\u00e9 son los derechos econ\u00f3micos, sociales y culturales (DESC) y hacer reflexionar sobre las injusticias y la exclusi\u00f3n en las que viven millones de personas en todo el mundo derivadas del actual modelo de desarrollo.<\/p>\n","protected":false},"author":6,"featured_media":0,"comment_status":"closed","ping_status":"open","sticky":false,"template":"","format":"standard","meta":{"_monsterinsights_skip_tracking":false,"_monsterinsights_sitenote_active":false,"_monsterinsights_sitenote_note":"","_monsterinsights_sitenote_category":0,"footnotes":""},"categories":[6],"tags":[100,51,144,63,21,455,84,613,76],"class_list":["post-3353519","post","type-post","status-publish","format-standard","hentry","category-institucional","tag-ceupo","tag-consejo-de-estudiantes","tag-crisis","tag-economia","tag-estudiantes","tag-exclusion-social","tag-jornadas","tag-justicia","tag-politica"],"_links":{"self":[{"href":"https:\/\/www.upo.es\/diario\/wp-json\/wp\/v2\/posts\/3353519","targetHints":{"allow":["GET"]}}],"collection":[{"href":"https:\/\/www.upo.es\/diario\/wp-json\/wp\/v2\/posts"}],"about":[{"href":"https:\/\/www.upo.es\/diario\/wp-json\/wp\/v2\/types\/post"}],"author":[{"embeddable":true,"href":"https:\/\/www.upo.es\/diario\/wp-json\/wp\/v2\/users\/6"}],"replies":[{"embeddable":true,"href":"https:\/\/www.upo.es\/diario\/wp-json\/wp\/v2\/comments?post=3353519"}],"version-history":[{"count":4,"href":"https:\/\/www.upo.es\/diario\/wp-json\/wp\/v2\/posts\/3353519\/revisions"}],"predecessor-version":[{"id":3362920,"href":"https:\/\/www.upo.es\/diario\/wp-json\/wp\/v2\/posts\/3353519\/revisions\/3362920"}],"wp:attachment":[{"href":"https:\/\/www.upo.es\/diario\/wp-json\/wp\/v2\/media?parent=3353519"}],"wp:term":[{"taxonomy":"category","embeddable":true,"href":"https:\/\/www.upo.es\/diario\/wp-json\/wp\/v2\/categories?post=3353519"},{"taxonomy":"post_tag","embeddable":true,"href":"https:\/\/www.upo.es\/diario\/wp-json\/wp\/v2\/tags?post=3353519"}],"curies":[{"name":"wp","href":"https:\/\/api.w.org\/{rel}","templated":true}]}}