{"id":3353531,"date":"2014-04-02T11:47:40","date_gmt":"2014-04-02T11:47:40","guid":{"rendered":"https:\/\/www.upo.es\/diario\/?p=3353531"},"modified":"2014-04-04T11:38:55","modified_gmt":"2014-04-04T11:38:55","slug":"la-presidenta-de-la-junta-y-el-rector-de-la-upo-inauguran-la-celebracion-del-x-aniversario-de-la-flora-tristan","status":"publish","type":"post","link":"https:\/\/www.upo.es\/diario\/institucional\/2014\/04\/la-presidenta-de-la-junta-y-el-rector-de-la-upo-inauguran-la-celebracion-del-x-aniversario-de-la-flora-tristan\/","title":{"rendered":"La presidenta de la Junta y el rector de la UPO inauguran la celebraci\u00f3n del X aniversario de la \u201cFlora Trist\u00e1n\u201d"},"content":{"rendered":"<figure id=\"attachment_3365419\" aria-describedby=\"caption-attachment-3365419\" style=\"width: 320px\" class=\"wp-caption alignright\"><a href=\"https:\/\/www.upo.es\/diario\/wp-content\/uploads\/2014\/04\/Flora1.jpg\"><img loading=\"lazy\" decoding=\"async\" class=\"size-medium wp-image-3365419\" alt=\"Susana D\u00edaz y Vicente Guzm\u00e1n descubren una placa en memoria de Rosario Valpuesta\" src=\"https:\/\/www.upo.es\/diario\/wp-content\/uploads\/2014\/04\/Flora1-320x221.jpg\" width=\"320\" height=\"221\" srcset=\"https:\/\/www.upo.es\/diario\/wp-content\/uploads\/2014\/04\/Flora1-320x221.jpg 320w, https:\/\/www.upo.es\/diario\/wp-content\/uploads\/2014\/04\/Flora1-1024x707.jpg 1024w, https:\/\/www.upo.es\/diario\/wp-content\/uploads\/2014\/04\/Flora1-600x414.jpg 600w\" sizes=\"auto, (max-width: 320px) 100vw, 320px\" \/><\/a><figcaption id=\"caption-attachment-3365419\" class=\"wp-caption-text\">Susana D\u00edaz y Vicente Guzm\u00e1n descubren una placa en memoria de Rosario Valpuesta<\/figcaption><\/figure>\n<p>Esta ma\u00f1ana en la residencia universitaria Flora Trist\u00e1n (calle Residencia de Estudiantes s\/n), en el barrio de Las Letan\u00edas del Pol\u00edgono Sur, <strong>la presidenta de la Junta de Andaluc\u00eda, Susana D\u00edaz, y el rector de la Universidad Pablo de Olavide, Vicente Guzm\u00e1n, han inaugurado el programa de actividades de celebraci\u00f3n del X aniversario de esta residencia<\/strong>, con el descubrimiento de una placa en memoria de Rosario Valpuesta, primera rectora de la UPO e impulsora de esta iniciativa pionera en Andaluc\u00eda que persigue la formaci\u00f3n integral de los estudiantes universitarios m\u00e1s all\u00e1 de la formaci\u00f3n acad\u00e9mica, adem\u00e1s de contribuir a la revitalizaci\u00f3n del Pol\u00edgono Sur a trav\u00e9s de la presencia cotidiana de los j\u00f3venes universitarios.<\/p>\n<p>El rector, quien ha agradecido a las instituciones su colaboraci\u00f3n activa en las actividades de la Residencia Flora Trist\u00e1n, \u201csobre todo las administraciones p\u00fablicas como la Junta de Andaluc\u00eda, Ayuntamiento de Sevilla, el apoyo incondicional del Comisionado para el Pol\u00edgono Sur, pero especialmente tambi\u00e9n a los directores, trabajadores y estudiantes de la Residencia por su entrega y dedicaci\u00f3n al Pol\u00edgono Sur, por creer firmemente en que el proyecto pod\u00eda hacerse real\u201d, ha tenido tambi\u00e9n palabras de agradecimiento para las asociaciones, colegios, institutos, y vecinos del barrio \u201cpor todo lo bueno que nos han aportado, lo que nos han ense\u00f1ado, por todo lo que hemos podido compartir en estos diez a\u00f1os\u201d.<\/p>\n<p>Para Vicente Guzm\u00e1n, \u201cla Residencia Flora Trist\u00e1n es el vivo ejemplo de que la uni\u00f3n de esfuerzos y voluntades para luchar contra la exclusi\u00f3n da resultado y que es necesario perseverar en este camino si queremos avanzar hacia una sociedad inclusiva, m\u00e1s justa, m\u00e1s equitativa, en la que cualquier persona haga realidad el derecho a vivir con dignidad\u201d. El rector ha subrayado que \u201cla Universidad Pablo de Olavide reafirma as\u00ed su compromiso de ser motor de transformaci\u00f3n social para lograr un mayor bienestar social para todos y todas sobre la base de la eliminaci\u00f3n de toda forma de discriminaci\u00f3n y exclusi\u00f3n\u201d.<\/p>\n<p>Por su parte, la presidenta de la Junta ha reafirmado su compromiso con el Pol\u00edgono Sur de Sevilla y con el trabajo \u201ctransversal\u201d que en este barrio se lleva a cabo por parte de la Oficina del Comisionado, al tiempo que ha alertado del \u201cpeligro de retrocesos\u201d en tiempos de crisis y ha pedido que \u201cninguna instituci\u00f3n d\u00e9 un paso atr\u00e1s\u201d.\u00a0Seg\u00fan la presidenta, el Pol\u00edgono Sur es un barrio con numerosas \u201cdificultades y necesidades\u201d y es preciso que las administraciones mantengan su trabajo en \u00e9l. En ese sentido, Susana D\u00edaz ha agradecido a la Universidad Pablo de Olavide (UPO) su apuesta \u201cconstante\u201d por el Pol\u00edgono Sur a trav\u00e9s de la residencia Flora Trist\u00e1n, en la conmemoraci\u00f3n de su d\u00e9cimo aniversario.<\/p>\n<figure id=\"attachment_3365420\" aria-describedby=\"caption-attachment-3365420\" style=\"width: 320px\" class=\"wp-caption alignleft\"><a href=\"https:\/\/www.upo.es\/diario\/wp-content\/uploads\/2014\/04\/Flora2_2.jpg\"><img loading=\"lazy\" decoding=\"async\" class=\"size-medium wp-image-3365420\" alt=\"La presidenta de la Junta ha reafirmado su compromiso con el Pol\u00edgono Sur de Sevilla y con el trabajo \u201ctransversal\u201d que en este barrio se lleva a cabo por parte de la Oficina del Comisionado\" src=\"https:\/\/www.upo.es\/diario\/wp-content\/uploads\/2014\/04\/Flora2_2-320x213.jpg\" width=\"320\" height=\"213\" srcset=\"https:\/\/www.upo.es\/diario\/wp-content\/uploads\/2014\/04\/Flora2_2-320x213.jpg 320w, https:\/\/www.upo.es\/diario\/wp-content\/uploads\/2014\/04\/Flora2_2-1024x683.jpg 1024w, https:\/\/www.upo.es\/diario\/wp-content\/uploads\/2014\/04\/Flora2_2-600x400.jpg 600w\" sizes=\"auto, (max-width: 320px) 100vw, 320px\" \/><\/a><figcaption id=\"caption-attachment-3365420\" class=\"wp-caption-text\">La presidenta de la Junta ha reafirmado su compromiso con el Pol\u00edgono Sur de Sevilla y con el trabajo \u201ctransversal\u201d que en este barrio se lleva a cabo por parte de la Oficina del Comisionado<\/figcaption><\/figure>\n<p>Tanto la presidenta de la Junta como el rector de la UPO han tenido palabras de recuerdo para la primera rectora de la UPO, Rosario Valpuesta, fallecida el a\u00f1o pasado. Ambos han coincidido en destacar su lucha, su entrega y su compromiso social.<\/p>\n<p>A continuaci\u00f3n, se ha celebrado en el sal\u00f3n de actos de la residencia un acto en el que han intervenido, adem\u00e1s de la presidenta de la Junta y del rector, el consejero de Econom\u00eda, Innovaci\u00f3n, Ciencia y Empleo, Jos\u00e9 S\u00e1nchez Maldonado, el Defensor del Pueblo Andaluz, Jes\u00fas Maeztu, y la comisionada para el Pol\u00edgono Sur, Mar\u00eda del Mar Gonz\u00e1lez. En este acto se ha proyectado un video sobre los diez a\u00f1os de la residencia Flora Trist\u00e1n, que ha sido presentado por la vicerrectora de Estudiantes, Cultura y Participaci\u00f3n Social de la UPO, Elodia Hern\u00e1ndez. Tambi\u00e9n ha intervenido la que fue primera directora de la residencia universitaria, Ana G\u00f3mez, quien ha realizado una emotiva semblanza de Rosario Valpuesta, promotora de este proyecto de compromiso social que hoy es una realidad consolidada. Finalmente, la presidenta Susana D\u00edaz y el rector Vicente Guzm\u00e1n han recorrido la exposici\u00f3n de fotograf\u00edas \u201c10 a\u00f1os de convivencia en el Pol\u00edgono Sur\u201d.<\/p>\n<p><b>M\u00c1S DE 2.000 RESIDENTES<\/b><\/p>\n<p>Desde que la residencia abri\u00f3 sus puertas el 26 de marzo de 2004, m\u00e1s de 2.000 estudiantes de la UPO han residido en ella, de los cuales 550 han sido becarios que han colaborado con los proyectos del barrio a trav\u00e9s del tejido asociativo del mismo. La residencia universitaria Flora Trist\u00e1n, dependiente del Vicerrectorado de Estudiantes, Cultura y Compromiso Social de la Universidad Pablo de Olavide, est\u00e1 presente en las plataformas vecinales de formaci\u00f3n, reivindicaci\u00f3n y de fomento de la cultura, continuando as\u00ed con la labor de cooperaci\u00f3n con los vecinos en sus procesos de cohesi\u00f3n social y superaci\u00f3n de los problemas que les aquejan. En estos 10 a\u00f1os, la residencia ha estado colaborando con una media de 24 entidades cada curso, habiendo actuado directamente en aproximadamente 32 proyectos por curso. Estos proyectos abarcan desde el trabajo con menores, al trabajo con j\u00f3venes, mujeres, personas adultas, comunidad gitana y personas mayores. A su vez, las intervenciones han estado orientadas desde el trabajo educativo al trabajo grupal, cohesi\u00f3n vecinal, trabajo comunitario, salud y mejora del entorno, y educaci\u00f3n de calle, como grandes l\u00edneas de actuaci\u00f3n, todos ellos concretados en proyectos y acciones concretas tanto puntuales como a lo largo del tiempo.<\/p>\n<p>El pasado mi\u00e9rcoles 26 de marzo la residencia universitaria Flora Trist\u00e1n de la Universidad Pablo de Olavide cumpli\u00f3 10 a\u00f1os en el Pol\u00edgono Sur, y para celebrar su aniversario la UPO ha organizado un programa de actividades que se desarrollar\u00e1 a lo largo de esta semana en la UPO, en la residencia y en el barrio. Las actividades previstas tienen como objetivo acercar el barrio del Pol\u00edgono Sur a la universidad, llevar la universidad al barrio y convivir con los vecinos de la zona. Para ello, el programa se ha inaugurado con el descubrimiento de la placa en homenaje a Rosario Valpuesta.<\/p>\n<p>El programa incluye la exposici\u00f3n fotogr\u00e1fica \u201c10 A\u00f1os de Convivencia en el Pol\u00edgono Sur\u201d que tendr\u00e1 lugar en la residencia universitaria, as\u00ed como la instalaci\u00f3n el jueves en la UPO de stands informativos para dar a conocer los proyectos sociales en los que participa la Flora Trist\u00e1n, y finalizar\u00e1 el s\u00e1bado 5 de abril con una fiesta vecinal con pasacalles y actuaciones en el barrio para celebrar el d\u00e9cimo cumplea\u00f1os de la residencia.<\/p>\n","protected":false},"excerpt":{"rendered":"<p>Susana D\u00edaz y Vicente Guzm\u00e1n descubren una placa en memoria de Rosario Valpuesta, primera rectora de la UPO e impulsora de esta iniciativa universitaria de compromiso social.<\/p>\n","protected":false},"author":6,"featured_media":0,"comment_status":"closed","ping_status":"open","sticky":false,"template":"","format":"standard","meta":{"_monsterinsights_skip_tracking":false,"_monsterinsights_sitenote_active":false,"_monsterinsights_sitenote_note":"","_monsterinsights_sitenote_category":0,"footnotes":""},"categories":[6],"tags":[568,203,357,536,55],"class_list":["post-3353531","post","type-post","status-publish","format-standard","hentry","category-institucional","tag-aniversario","tag-junta-de-andalucia","tag-poligono-sur","tag-rosario-valpuesta","tag-ru-flora-tristan"],"_links":{"self":[{"href":"https:\/\/www.upo.es\/diario\/wp-json\/wp\/v2\/posts\/3353531","targetHints":{"allow":["GET"]}}],"collection":[{"href":"https:\/\/www.upo.es\/diario\/wp-json\/wp\/v2\/posts"}],"about":[{"href":"https:\/\/www.upo.es\/diario\/wp-json\/wp\/v2\/types\/post"}],"author":[{"embeddable":true,"href":"https:\/\/www.upo.es\/diario\/wp-json\/wp\/v2\/users\/6"}],"replies":[{"embeddable":true,"href":"https:\/\/www.upo.es\/diario\/wp-json\/wp\/v2\/comments?post=3353531"}],"version-history":[{"count":6,"href":"https:\/\/www.upo.es\/diario\/wp-json\/wp\/v2\/posts\/3353531\/revisions"}],"predecessor-version":[{"id":3385952,"href":"https:\/\/www.upo.es\/diario\/wp-json\/wp\/v2\/posts\/3353531\/revisions\/3385952"}],"wp:attachment":[{"href":"https:\/\/www.upo.es\/diario\/wp-json\/wp\/v2\/media?parent=3353531"}],"wp:term":[{"taxonomy":"category","embeddable":true,"href":"https:\/\/www.upo.es\/diario\/wp-json\/wp\/v2\/categories?post=3353531"},{"taxonomy":"post_tag","embeddable":true,"href":"https:\/\/www.upo.es\/diario\/wp-json\/wp\/v2\/tags?post=3353531"}],"curies":[{"name":"wp","href":"https:\/\/api.w.org\/{rel}","templated":true}]}}