{"id":3354035,"date":"2014-04-02T06:45:29","date_gmt":"2014-04-02T06:45:29","guid":{"rendered":"https:\/\/www.upo.es\/diario\/?p=3354035"},"modified":"2014-04-02T06:49:51","modified_gmt":"2014-04-02T06:49:51","slug":"manana-en-la-upo-conferencia-de-jose-alvarez-junco-sobre-mito-e-historia-espana-y-cataluna","status":"publish","type":"post","link":"https:\/\/www.upo.es\/diario\/institucional\/2014\/04\/manana-en-la-upo-conferencia-de-jose-alvarez-junco-sobre-mito-e-historia-espana-y-cataluna\/","title":{"rendered":"Esta tarde en la UPO, conferencia de Jos\u00e9 \u00c1lvarez Junco sobre \u201cMito e historia. Espa\u00f1a y Catalu\u00f1a\u201d"},"content":{"rendered":"<p style=\"text-align: justify;\"><span style=\"text-decoration: underline;\">Hoy mi\u00e9rcoles, 2 de abril, a las 16.30 horas en la sala de grados del edifico 7 de la Universidad Pablo de Olavide<\/span>, Jos\u00e9 \u00c1lvarez Junco, escritor y catedr\u00e1tico de Historia del Pensamiento y los Movimientos Sociales en la \u00a0Universidad Complutense de Madrid impartir\u00e1 la conferencia \u201cMito e Historia. Espa\u00f1a y Catalu\u00f1a\u201d. Este encuentro tendr\u00e1 lugar en el marco del ciclo de conferencias \u00c1gora, organizado por el <a href=\"http:\/\/www.upo.es\/postgrado\/Master-Oficial-Sociedad-Administracion-y-Politica\">m\u00e1ster universitario Sociedad, Administraci\u00f3n y Pol\u00edtica <\/a>de la UPO.<\/p>\n<p style=\"text-align: justify;\"><b>Jos\u00e9 \u00c1lvarez Junco<\/b> es escritor y catedr\u00e1tico de Historia del Pensamiento y los Movimientos Sociales en la Universidad Complutense de Madrid. Estudi\u00f3 Ciencias Pol\u00edticas en Madrid, donde trabaj\u00f3 con\u00a0Jos\u00e9 Antonio Maravall, que le dirigi\u00f3 su tesis doctoral sobre el pensamiento pol\u00edtico del anarquismo espa\u00f1ol. Entre 1992 y 2000 ocup\u00f3 la C\u00e1tedra Pr\u00edncipe de Asturias de la\u00a0<a title=\"Universidad Tufts\" href=\"http:\/\/es.wikipedia.org\/wiki\/Universidad_Tufts\">Universidad Tufts<\/a>\u00a0(Boston), y dirigi\u00f3 el seminario de Estudios Ib\u00e9ricos del Centro de Estudios Europeos de la\u00a0<a title=\"Universidad de Harvard\" href=\"http:\/\/es.wikipedia.org\/wiki\/Universidad_de_Harvard\">Universidad de Harvard<\/a>. Fue tambi\u00e9n director del\u00a0<a title=\"Centro de Estudios Pol\u00edticos y Constitucionales\" href=\"http:\/\/es.wikipedia.org\/wiki\/Centro_de_Estudios_Pol%C3%ADticos_y_Constitucionales\">Centro de Estudios Pol\u00edticos y Constitucionales<\/a>\u00a0hasta mayo de 2008 y por virtud de ese cargo,\u00a0consejero de Estado. En\u00a02002\u00a0recibi\u00f3 el\u00a0Premio Nacional de Ensayo\u00a0que concede el\u00a0Ministerio de Cultura. Ha escrito numerosos obras entre las m\u00e1s recientes \u201cLas historias de Espa\u00f1a: visiones del pasado y construcci\u00f3n de identidad\u201d (2013), \u201cLa Guerra de la Independencia: h\u00e9roes, villanos y v\u00edctimas (1808-1814)\u201d\u00a0(2008) y \u201cEl nombre de la cosa: debate sobre el t\u00e9rmino \u00abnaci\u00f3n\u00bb y otros conceptos relacionados\u201d\u00a0(2005).<\/p>\n<p style=\"text-align: justify;\">La conferencia de Jos\u00e9 \u00c1lvarez Junco forma parte del ciclo de ponencias presentadas en el m\u00e1ster universitario Sociedad, Administraci\u00f3n y Pol\u00edtica de la UPO, que tiene como objetivo analizar los problemas sociopol\u00edticos actuales derivados de las relaciones cambiantes entre la pol\u00edtica, la administraci\u00f3n y una sociedad en transformaci\u00f3n continua. De este modo, el m\u00f3dulo \u00c1gora es un espacio de deliberaci\u00f3n p\u00fablica en el que acad\u00e9micos de prestigio ofrecen sus reflexiones sobre aspectos relevantes y actuales de la vida social y pol\u00edtica.<\/p>\n<p style=\"text-align: justify;\">\n","protected":false},"excerpt":{"rendered":"<p>Hoy mi\u00e9rcoles, 2 de abril, a las 16.30 horas en la sala de grados del edifico 7 de la Universidad Pablo de Olavide, Jos\u00e9 \u00c1lvarez Junco, escritor y catedr\u00e1tico de Historia del Pensamiento y los Movimientos Sociales en la  Universidad Complutense de Madrid impartir\u00e1 la conferencia \u201cMito e Historia. Espa\u00f1a y Catalu\u00f1a\u201d. Este encuentro tendr\u00e1 lugar en el marco del ciclo de conferencias \u00c1gora, organizado por el m\u00e1ster universitario Sociedad, Administraci\u00f3n y Pol\u00edtica de la UPO.<\/p>\n","protected":false},"author":4,"featured_media":0,"comment_status":"closed","ping_status":"open","sticky":false,"template":"","format":"standard","meta":{"_monsterinsights_skip_tracking":false,"_monsterinsights_sitenote_active":false,"_monsterinsights_sitenote_note":"","_monsterinsights_sitenote_category":0,"footnotes":""},"categories":[6],"tags":[85,1266,1267,82],"class_list":["post-3354035","post","type-post","status-publish","format-standard","hentry","category-institucional","tag-agora","tag-jose-alvarez-junco","tag-master-sociedad-administracion-y-politica","tag-postgrado"],"_links":{"self":[{"href":"https:\/\/www.upo.es\/diario\/wp-json\/wp\/v2\/posts\/3354035","targetHints":{"allow":["GET"]}}],"collection":[{"href":"https:\/\/www.upo.es\/diario\/wp-json\/wp\/v2\/posts"}],"about":[{"href":"https:\/\/www.upo.es\/diario\/wp-json\/wp\/v2\/types\/post"}],"author":[{"embeddable":true,"href":"https:\/\/www.upo.es\/diario\/wp-json\/wp\/v2\/users\/4"}],"replies":[{"embeddable":true,"href":"https:\/\/www.upo.es\/diario\/wp-json\/wp\/v2\/comments?post=3354035"}],"version-history":[{"count":3,"href":"https:\/\/www.upo.es\/diario\/wp-json\/wp\/v2\/posts\/3354035\/revisions"}],"predecessor-version":[{"id":3354037,"href":"https:\/\/www.upo.es\/diario\/wp-json\/wp\/v2\/posts\/3354035\/revisions\/3354037"}],"wp:attachment":[{"href":"https:\/\/www.upo.es\/diario\/wp-json\/wp\/v2\/media?parent=3354035"}],"wp:term":[{"taxonomy":"category","embeddable":true,"href":"https:\/\/www.upo.es\/diario\/wp-json\/wp\/v2\/categories?post=3354035"},{"taxonomy":"post_tag","embeddable":true,"href":"https:\/\/www.upo.es\/diario\/wp-json\/wp\/v2\/tags?post=3354035"}],"curies":[{"name":"wp","href":"https:\/\/api.w.org\/{rel}","templated":true}]}}