{"id":3365411,"date":"2014-04-03T06:46:33","date_gmt":"2014-04-03T06:46:33","guid":{"rendered":"https:\/\/www.upo.es\/diario\/?p=3365411"},"modified":"2014-04-03T11:36:05","modified_gmt":"2014-04-03T11:36:05","slug":"el-xxxii-congreso-de-linguistica-aplicada-reune-desde-manana-en-la-upo-a-mas-de-470-expertos","status":"publish","type":"post","link":"https:\/\/www.upo.es\/diario\/institucional\/2014\/04\/el-xxxii-congreso-de-linguistica-aplicada-reune-desde-manana-en-la-upo-a-mas-de-470-expertos\/","title":{"rendered":"El XXXII Congreso de Ling\u00fc\u00edstica Aplicada re\u00fane desde hoy en la UPO a m\u00e1s de 470 expertos"},"content":{"rendered":"<figure id=\"attachment_3306313\" aria-describedby=\"caption-attachment-3306313\" style=\"width: 229px\" class=\"wp-caption alignright\"><a href=\"https:\/\/www.upo.es\/diario\/wp-content\/uploads\/2014\/03\/cartel_aesla2014_3.jpg\"><img loading=\"lazy\" decoding=\"async\" class=\"size-medium wp-image-3306313\" alt=\"Se celebrar\u00e1 del 3 al 5 de abril en la Universidad Pablo de Olavide\" src=\"https:\/\/www.upo.es\/diario\/wp-content\/uploads\/2014\/03\/cartel_aesla2014_3-229x320.jpg\" width=\"229\" height=\"320\" srcset=\"https:\/\/www.upo.es\/diario\/wp-content\/uploads\/2014\/03\/cartel_aesla2014_3-229x320.jpg 229w, https:\/\/www.upo.es\/diario\/wp-content\/uploads\/2014\/03\/cartel_aesla2014_3.jpg 505w\" sizes=\"auto, (max-width: 229px) 100vw, 229px\" \/><\/a><figcaption id=\"caption-attachment-3306313\" class=\"wp-caption-text\">Se celebrar\u00e1 del 3 al 5 de abril en la Universidad Pablo de Olavide<\/figcaption><\/figure>\n<p style=\"text-align: justify;\">Hoy jueves, 3 de abril, a la 9 horas en el Paraninfo de la Universidad Pablo de Olavide, la vicerrectora de Internacionalizaci\u00f3n y Comunicaci\u00f3n, Pilar Rodr\u00edguez Reina; el presidente de la Asociaci\u00f3n Espa\u00f1ola de Ling\u00fc\u00edstica Aplicada (AESLA) y vicerrector de Investigaci\u00f3n de la UNED, Ricardo Mairal Us\u00f3n, y el profesor del Departamento de Filolog\u00eda y Traducci\u00f3n de la UPO, Francisco Lorenzo Bergillos, inaugurar\u00e1n el <b><a href=\"http:\/\/aesla2014.tucongreso.es\/es\/presentacion\">XXXII Congreso Internacional AESLA<\/a>, <\/b>que bajo el lema <b>\u201cLing\u00fc\u00edstica Aplicada: Industrias de la Lengua y Cambio Social\u201d<\/b>, se desarrollar\u00e1 en la UPO hasta el 5 de abril. Este encuentro est\u00e1 organizado por el Departamento de Filolog\u00eda y Traducci\u00f3n de la Universidad Pablo de Olavide y la Asociaci\u00f3n Espa\u00f1ola de Ling\u00fc\u00edstica Aplicada (AESLA).<\/p>\n<p style=\"text-align: justify;\">Tras la inauguraci\u00f3n, el catedr\u00e1tico Jan Blommaert de la Universidad de Tilburg (Pa\u00edses Bajos) impartir\u00e1 la conferencia inaugural \u201cComplex sociolinguistics, aka the post-Fishmanian Perpetuum Mobile\u201d en la que abordar\u00e1 la diversidad ling\u00fc\u00edstica en el mundo. A continuaci\u00f3n comenzar\u00e1n las sesiones de comunicaciones paralelas que se celebrar\u00e1n en los edificios 24 y 29. Por\u00a0 la tarde, a las 17 horas, comenzar\u00e1 la mesa redonda \u201cTecnolog\u00edas del lenguaje: presente y futuro\u201d con la participaci\u00f3n de Attensity, Indisys y SDL-Trados, empresas multinacionales de investigaci\u00f3n ling\u00fc\u00edstica con actividad en los parques tecnol\u00f3gicos andaluces.<\/p>\n<p style=\"text-align: justify;\">Este encuentro, que reunir\u00e1 durante tres d\u00edas a m\u00e1s de 470 profesores, investigadores y profesionales en Ling\u00fc\u00edstica a nivel nacional e internacional, tiene como objetivo presentar los nuevos desarrollos de investigaci\u00f3n ling\u00fc\u00edstica en relaci\u00f3n con la nuevas tecnolog\u00edas, analizar las soluciones a problemas actuales de la ling\u00fc\u00edstica de car\u00e1cter social y las nuevas formas de comunicaci\u00f3n debido a los desarrollos tecnol\u00f3gicos, as\u00ed como promover la transferencia en la investigaci\u00f3n ling\u00fc\u00edstica y las industrias de la lengua.<\/p>\n<p style=\"text-align: justify;\">Con car\u00e1cter general, esta edici\u00f3n se centrar\u00e1 en la relaci\u00f3n entra la ling\u00fc\u00edstica aplicada y los sectores productivos responsables del desarrollo econ\u00f3mico y humano, revisando de esta forma las relaciones entre lengua e industria, la econom\u00eda del multiling\u00fcismo, la lengua como capital y recurso, la lengua y la desigualdad, la estratificaci\u00f3n social y el capital ling\u00fc\u00edstico, entre otras cuestiones. Tres temas contar\u00e1n con especial atenci\u00f3n: el idioma espa\u00f1ol como industria, los modelos de educaci\u00f3n biling\u00fce y la transferencia de investigaci\u00f3n en las empresas de tecnolog\u00eda del lenguaje. Las redes de centros biling\u00fces europeas -y la andaluza en particular- tendr\u00e1n un especial protagonismo.<\/p>\n<p style=\"text-align: justify;\">El congreso se estructurar\u00e1 en conferencias plenarias, en las que participar\u00e1n profesores de renombrado prestigio en diversas disciplinas tales como Guadalupe Aguado, de la Universidad Polit\u00e9cnica de Madrid; Francisco Moreno, de la Universidad de Alcal\u00e1 y director acad\u00e9mico del Instituto Cervantes, y Fran\u00e7ois Grin de la Universidad de Ginebra (Suiza). Asimismo, se celebrar\u00e1n mesas redondas en las que se abordar\u00e1n la transferencia de la investigaci\u00f3n ling\u00fc\u00edstica en los parques tecnol\u00f3gicos de Andaluc\u00eda, los programas biling\u00fces y la industria cultural del espa\u00f1ol; y cerca de cuatrocientas comunicaciones simult\u00e1neas donde se presentar\u00e1n las nuevas investigaciones.<\/p>\n<p style=\"text-align: justify;\">El XXXII Congreso Internacional AESLA, cuyo comit\u00e9 organizador est\u00e1 compuesto por profesores del Departamento de Filolog\u00eda y Traducci\u00f3n de la Universidad Pablo de Olavide y presidido por el profesor Francisco Lorenzo, cuenta con la colaboraci\u00f3n y patrocinio de Extenda (Agencia Andaluza de Promoci\u00f3n Exterior), la Comisi\u00f3n Europea, OPEN Schools of English , la Fundaci\u00f3n Universidad-Sociedad de la UPO, la Asociaci\u00f3n Profesional de Traductores e Int\u00e9rpretes Judiciales y Jurados (APTIJ), la editorial John Benjamins, el Centro Universitario Internacional de la UPO y la empresa SDL.<\/p>\n<p style=\"text-align: justify;\">\n","protected":false},"excerpt":{"rendered":"<p>Hoy jueves, 3 de abril, a la 9 horas en el Paraninfo de la Universidad Pablo de Olavide, la vicerrectora de Internacionalizaci\u00f3n y Comunicaci\u00f3n, Pilar Rodr\u00edguez Reina; el presidente de la Asociaci\u00f3n Espa\u00f1ola de Ling\u00fc\u00edstica Aplicada (AESLA) y vicerrector de Investigaci\u00f3n de la UNED, Ricardo Mairal Us\u00f3n, y el profesor del Departamento de Filolog\u00eda y Traducci\u00f3n de la UPO, Francisco Lorenzo Bergillos, inaugurar\u00e1n el XXXII Congreso Internacional AESLA, que bajo el lema \u201cLing\u00fc\u00edstica Aplicada: Industrias de la Lengua y Cambio Social\u201d, se desarrollar\u00e1 en la UPO hasta el 5 de abril.<\/p>\n","protected":false},"author":4,"featured_media":0,"comment_status":"closed","ping_status":"open","sticky":false,"template":"","format":"standard","meta":{"_monsterinsights_skip_tracking":false,"_monsterinsights_sitenote_active":false,"_monsterinsights_sitenote_note":"","_monsterinsights_sitenote_category":0,"footnotes":""},"categories":[6],"tags":[1258,354,1116,1268],"class_list":["post-3365411","post","type-post","status-publish","format-standard","hentry","category-institucional","tag-aesla","tag-congreso","tag-departamento-de-filologia-y-traduccion","tag-linguistica-aplicada"],"_links":{"self":[{"href":"https:\/\/www.upo.es\/diario\/wp-json\/wp\/v2\/posts\/3365411","targetHints":{"allow":["GET"]}}],"collection":[{"href":"https:\/\/www.upo.es\/diario\/wp-json\/wp\/v2\/posts"}],"about":[{"href":"https:\/\/www.upo.es\/diario\/wp-json\/wp\/v2\/types\/post"}],"author":[{"embeddable":true,"href":"https:\/\/www.upo.es\/diario\/wp-json\/wp\/v2\/users\/4"}],"replies":[{"embeddable":true,"href":"https:\/\/www.upo.es\/diario\/wp-json\/wp\/v2\/comments?post=3365411"}],"version-history":[{"count":6,"href":"https:\/\/www.upo.es\/diario\/wp-json\/wp\/v2\/posts\/3365411\/revisions"}],"predecessor-version":[{"id":3376924,"href":"https:\/\/www.upo.es\/diario\/wp-json\/wp\/v2\/posts\/3365411\/revisions\/3376924"}],"wp:attachment":[{"href":"https:\/\/www.upo.es\/diario\/wp-json\/wp\/v2\/media?parent=3365411"}],"wp:term":[{"taxonomy":"category","embeddable":true,"href":"https:\/\/www.upo.es\/diario\/wp-json\/wp\/v2\/categories?post=3365411"},{"taxonomy":"post_tag","embeddable":true,"href":"https:\/\/www.upo.es\/diario\/wp-json\/wp\/v2\/tags?post=3365411"}],"curies":[{"name":"wp","href":"https:\/\/api.w.org\/{rel}","templated":true}]}}