{"id":3365930,"date":"2014-04-03T06:43:28","date_gmt":"2014-04-03T06:43:28","guid":{"rendered":"https:\/\/www.upo.es\/diario\/?p=3365930"},"modified":"2014-04-03T06:53:55","modified_gmt":"2014-04-03T06:53:55","slug":"manana-prosigue-el-ciclo-de-conferencias-sobre-trabajo-social-con-la-intervencion-social-con-comunidades","status":"publish","type":"post","link":"https:\/\/www.upo.es\/diario\/institucional\/2014\/04\/manana-prosigue-el-ciclo-de-conferencias-sobre-trabajo-social-con-la-intervencion-social-con-comunidades\/","title":{"rendered":"Esta tarde prosigue el ciclo de conferencias sobre Trabajo Social con \u201cLa intervenci\u00f3n social con comunidades\u201d"},"content":{"rendered":"<p>Hoy jueves 3 de abril, <strong>a las 17 horas, en la sala de Grados del Edificio 7<\/strong> de la Universidad Pablo de Olavide, continuar\u00e1 el ciclo de conferencias <strong>Nuevos escenarios: desaf\u00edos y oportunidades para el Trabajo Social<\/strong> con el panel<strong> \u201cLa intervenci\u00f3n social con comunidades\u201d<\/strong>. En este contexto, intervendr\u00e1n Joaqu\u00edn Garc\u00eda Roca con su conferencia \u201cUniversidad, Exclusi\u00f3n Social y Creatividad de las Periferias\u201d, y Juan Blanco L\u00f3pez con \u201cResidencia Universitaria Flora Trist\u00e1n. Diez a\u00f1os compartiendo experiencias comunitarias\u201d.<\/p>\n<p>Este ciclo, que se celebrar\u00e1 hasta el mes de mayo, tiene como objetivo favorecer un espacio de reflexi\u00f3n y discusi\u00f3n acerca de las transformaciones en el contexto de intervenci\u00f3n social y su impacto en el hacer profesional del Trabajo Social. Esta actividad est\u00e1 dirigida tanto a profesionales y profesorado como a estudiantes de Trabajo Social.<\/p>\n<p>El ciclo adem\u00e1s est\u00e1 organizado por la Facultad de Ciencias Sociales y el Departamento de Trabajo Social y Servicios Sociales de la UPO y por el Colegio Oficial de Diplomados en Trabajo Social y Asistentes Sociales de Sevilla. La actividad se compone de cuatro conferencias y concluye con un taller de reflexi\u00f3n y evaluaci\u00f3n acerca de los nuevos escenarios para el Trabajo Social.<\/p>\n<p>Joaqu\u00edn Garc\u00eda Roca es licenciado en filosof\u00eda por la Universidad Aut\u00f3noma de Barcelona, licenciado en teolog\u00eda por la Universidad de Salamanca, doctor en teolog\u00eda por la Universidad Gregoriana de Roma y doctor en filosof\u00eda social por la Universidad Santo Tom\u00e1s de Roma, adem\u00e1s de haber desempe\u00f1ado diversas funciones en los servicios sociales de la Generalitat Valenciana y escrito libros y art\u00edculos sobre los valores y la pr\u00e1ctica de esta especialidad. Mientras que Juan Blanco L\u00f3pez es el director de la Residencia Universitaria Flora Trist\u00e1n y profesor colaborador en el Departamento de Trabajo Social y Servicios Sociales de la Universidad Pablo de Olavide.<\/p>\n","protected":false},"excerpt":{"rendered":"<p>Hoy jueves 3 de abril, a las 17 horas, en la sala de Grados del Edificio 7 de la Universidad Pablo de Olavide, continuar\u00e1 el ciclo de conferencias Nuevos escenarios: desaf\u00edos y oportunidades para el Trabajo Social con el panel \u201cLa intervenci\u00f3n social con comunidades\u201d. En este contexto, intervendr\u00e1n Joaqu\u00edn Garc\u00eda Roca con su conferencia \u201cUniversidad, Exclusi\u00f3n Social y Creatividad de las Periferias\u201d, y Juan Blanco L\u00f3pez con \u201cResidencia Universitaria Flora Trist\u00e1n. Diez a\u00f1os compartiendo experiencias comunitarias\u201d.<\/p>\n","protected":false},"author":6,"featured_media":0,"comment_status":"closed","ping_status":"open","sticky":false,"template":"","format":"standard","meta":{"_monsterinsights_skip_tracking":false,"_monsterinsights_sitenote_active":false,"_monsterinsights_sitenote_note":"","_monsterinsights_sitenote_category":0,"footnotes":""},"categories":[6],"tags":[793,84,55,103],"class_list":["post-3365930","post","type-post","status-publish","format-standard","hentry","category-institucional","tag-intervencion-social","tag-jornadas","tag-ru-flora-tristan","tag-trabajo-social"],"_links":{"self":[{"href":"https:\/\/www.upo.es\/diario\/wp-json\/wp\/v2\/posts\/3365930","targetHints":{"allow":["GET"]}}],"collection":[{"href":"https:\/\/www.upo.es\/diario\/wp-json\/wp\/v2\/posts"}],"about":[{"href":"https:\/\/www.upo.es\/diario\/wp-json\/wp\/v2\/types\/post"}],"author":[{"embeddable":true,"href":"https:\/\/www.upo.es\/diario\/wp-json\/wp\/v2\/users\/6"}],"replies":[{"embeddable":true,"href":"https:\/\/www.upo.es\/diario\/wp-json\/wp\/v2\/comments?post=3365930"}],"version-history":[{"count":4,"href":"https:\/\/www.upo.es\/diario\/wp-json\/wp\/v2\/posts\/3365930\/revisions"}],"predecessor-version":[{"id":3365932,"href":"https:\/\/www.upo.es\/diario\/wp-json\/wp\/v2\/posts\/3365930\/revisions\/3365932"}],"wp:attachment":[{"href":"https:\/\/www.upo.es\/diario\/wp-json\/wp\/v2\/media?parent=3365930"}],"wp:term":[{"taxonomy":"category","embeddable":true,"href":"https:\/\/www.upo.es\/diario\/wp-json\/wp\/v2\/categories?post=3365930"},{"taxonomy":"post_tag","embeddable":true,"href":"https:\/\/www.upo.es\/diario\/wp-json\/wp\/v2\/tags?post=3365930"}],"curies":[{"name":"wp","href":"https:\/\/api.w.org\/{rel}","templated":true}]}}