{"id":3377430,"date":"2014-04-04T00:45:57","date_gmt":"2014-04-04T00:45:57","guid":{"rendered":"https:\/\/www.upo.es\/diario\/?p=3377430"},"modified":"2014-04-04T13:04:52","modified_gmt":"2014-04-04T13:04:52","slug":"investigadores-y-empresas-se-dan-cita-manana-en-la-iii-jornada-de-biotecnologia-de-los-masteres-de-la-upo","status":"publish","type":"post","link":"https:\/\/www.upo.es\/diario\/institucional\/2014\/04\/investigadores-y-empresas-se-dan-cita-manana-en-la-iii-jornada-de-biotecnologia-de-los-masteres-de-la-upo\/","title":{"rendered":"Investigadores y empresas se dan cita en la III Jornada de Biotecnolog\u00eda de los M\u00e1steres de la UPO"},"content":{"rendered":"<figure id=\"attachment_3384436\" aria-describedby=\"caption-attachment-3384436\" style=\"width: 320px\" class=\"wp-caption alignright\"><a href=\"https:\/\/www.upo.es\/diario\/wp-content\/uploads\/2014\/04\/jmastersBiotecnologia0017.jpg\"><img loading=\"lazy\" decoding=\"async\" class=\"size-medium wp-image-3384436 \" alt=\"El vicerrector de Postgrado, Formaci\u00f3n Permanente y Empleo, Miguel \u00c1ngel Gual, ha inaugurado la jornada\" src=\"https:\/\/www.upo.es\/diario\/wp-content\/uploads\/2014\/04\/jmastersBiotecnologia0017-320x243.jpg\" width=\"320\" height=\"243\" srcset=\"https:\/\/www.upo.es\/diario\/wp-content\/uploads\/2014\/04\/jmastersBiotecnologia0017-320x243.jpg 320w, https:\/\/www.upo.es\/diario\/wp-content\/uploads\/2014\/04\/jmastersBiotecnologia0017-1024x778.jpg 1024w, https:\/\/www.upo.es\/diario\/wp-content\/uploads\/2014\/04\/jmastersBiotecnologia0017-600x456.jpg 600w\" sizes=\"auto, (max-width: 320px) 100vw, 320px\" \/><\/a><figcaption id=\"caption-attachment-3384436\" class=\"wp-caption-text\">El vicerrector de Postgrado, Formaci\u00f3n Permanente y Empleo, Miguel \u00c1ngel Gual, ha inaugurado la jornada<\/figcaption><\/figure>\n<p style=\"text-align: justify;\"><span style=\"text-decoration: underline;\">Hoy viernes 4 de abril, a las 9 horas, en la sala B11 del Edificio 45 de la Universidad Pablo de Olavide<\/span>, el vicerrector de Postgrado, Formaci\u00f3n Permanente y Empleo, Miguel \u00c1ngel Gual Font, la directora del m\u00e1ster de Biotecnolog\u00eda Ambiental, Industrial y Alimentaria, Francisca Reyes Ram\u00edrez, y el director del m\u00e1ster de Biotecnolog\u00eda Sanitaria, Antonio J. P\u00e9rez Pulido, han inaugurado la III edici\u00f3n de la Jornada de Biotecnolog\u00eda de los M\u00e1steres de la UPO.<\/p>\n<p style=\"text-align: justify;\">Esta jornada, organizada por los m\u00e1steres en Biotecnolog\u00eda Ambiental, Industrial y Alimentaria y en Biotecnolog\u00eda Sanitaria de la UPO, est\u00e1 orientada a mostrar a los estudiantes de los m\u00e1steres implicados c\u00f3mo funciona un congreso cient\u00edfico, haci\u00e9ndolos part\u00edcipes de todas las actividades organizadas, y difundiendo los resultados obtenidos en sus trabajos fin de m\u00e1ster. De hecho, sus presentaciones en la jornada, bien en forma de comunicaci\u00f3n oral o bien como p\u00f3ster, ser\u00e1n publicadas en la revista Biosaia.<\/p>\n<p style=\"text-align: justify;\">Esta edici\u00f3n contar\u00e1 con interesantes charlas invitadas de expertos en biotecnolog\u00eda sanitaria y ambiental, comunicaciones orales de trabajos fin de m\u00e1ster, sesi\u00f3n de p\u00f3steres y una presentaci\u00f3n final de las empresas biotecnol\u00f3gicas andaluzas NBT y Bionaturis.<\/p>\n<p style=\"text-align: justify;\">Entre los investigadores y especialistas en Biotecnolog\u00eda que participan en la jornada se encuentran Daniel P\u00e9rez-Mendoza, del Departamento de Microbiolog\u00eda del Suelo y Sistemas Simbi\u00f3ticos, de la Estaci\u00f3n Experimental del Zaid\u00edn y del CSIC (Granada), con su ponencia \u201cActivaci\u00f3n de la Producci\u00f3n de Exopolisac\u00e1ridos de Inter\u00e9s Industrial por c-di-GMP en Bacterias que Interaccionan con Plantas\u201d; Javier P\u00e9rez Florido, de Genomics and Bioinformatics Platform of Andalusia (GBPA), con su charla \u201cGBPA: una plataforma de investigaci\u00f3n en el \u00e1mbito de la gen\u00f3mica y la bioinform\u00e1tica en Andaluc\u00eda\u201d; \u00a0Jos\u00e9 Julio Ortega, del Instituto de Recursos Naturales y Agrobiolog\u00eda de Sevilla (IRNAS-CSIC), con \u201cBiorremediaci\u00f3n y biodisponibilidad: \u00bfD\u00f3nde est\u00e1n los l\u00edmites?\u201d, y Francisco Oliva Bl\u00e1zquez del Departamento de Derecho Privado de la UPO con la conferencia \u201cBio\u00e9tica y Bioderecho de la biotecnolog\u00eda\u201d, entre otros.<\/p>\n<p style=\"text-align: justify;\"><a href=\"https:\/\/www.dropbox.com\/s\/c4s378yn4h1eayp\/IIIJBMU.pdf\">Programa de la III Jornada de Biotecnolog\u00eda de los M\u00e1steres de la UPO<\/a><\/p>\n","protected":false},"excerpt":{"rendered":"<p>Esta jornada, organizada por los m\u00e1steres en Biotecnolog\u00eda Ambiental, Industrial y Alimentaria y en Biotecnolog\u00eda Sanitaria de la UPO, est\u00e1 orientada a mostrar a los estudiantes de los m\u00e1steres implicados c\u00f3mo funciona un congreso cient\u00edfico, haci\u00e9ndolos part\u00edcipes de todas las actividades organizadas, y difundiendo los resultados obtenidos en sus trabajos fin de m\u00e1ster. De hecho, sus presentaciones en la jornada, bien en forma de comunicaci\u00f3n oral o bien como p\u00f3ster, ser\u00e1n publicadas en la revista Biosaia.<\/p>\n","protected":false},"author":4,"featured_media":0,"comment_status":"closed","ping_status":"open","sticky":false,"template":"","format":"standard","meta":{"_monsterinsights_skip_tracking":false,"_monsterinsights_sitenote_active":false,"_monsterinsights_sitenote_note":"","_monsterinsights_sitenote_category":0,"footnotes":""},"categories":[6],"tags":[121,514,1273,82],"class_list":["post-3377430","post","type-post","status-publish","format-standard","hentry","category-institucional","tag-biotecnologia","tag-jornada","tag-masteres","tag-postgrado"],"_links":{"self":[{"href":"https:\/\/www.upo.es\/diario\/wp-json\/wp\/v2\/posts\/3377430","targetHints":{"allow":["GET"]}}],"collection":[{"href":"https:\/\/www.upo.es\/diario\/wp-json\/wp\/v2\/posts"}],"about":[{"href":"https:\/\/www.upo.es\/diario\/wp-json\/wp\/v2\/types\/post"}],"author":[{"embeddable":true,"href":"https:\/\/www.upo.es\/diario\/wp-json\/wp\/v2\/users\/4"}],"replies":[{"embeddable":true,"href":"https:\/\/www.upo.es\/diario\/wp-json\/wp\/v2\/comments?post=3377430"}],"version-history":[{"count":7,"href":"https:\/\/www.upo.es\/diario\/wp-json\/wp\/v2\/posts\/3377430\/revisions"}],"predecessor-version":[{"id":3386973,"href":"https:\/\/www.upo.es\/diario\/wp-json\/wp\/v2\/posts\/3377430\/revisions\/3386973"}],"wp:attachment":[{"href":"https:\/\/www.upo.es\/diario\/wp-json\/wp\/v2\/media?parent=3377430"}],"wp:term":[{"taxonomy":"category","embeddable":true,"href":"https:\/\/www.upo.es\/diario\/wp-json\/wp\/v2\/categories?post=3377430"},{"taxonomy":"post_tag","embeddable":true,"href":"https:\/\/www.upo.es\/diario\/wp-json\/wp\/v2\/tags?post=3377430"}],"curies":[{"name":"wp","href":"https:\/\/api.w.org\/{rel}","templated":true}]}}