{"id":3385943,"date":"2014-04-04T11:05:33","date_gmt":"2014-04-04T11:05:33","guid":{"rendered":"https:\/\/www.upo.es\/diario\/?p=3385943"},"modified":"2014-04-04T13:06:32","modified_gmt":"2014-04-04T13:06:32","slug":"una-fiesta-vecinal-pondra-fin-manana-sabado-a-los-actos-de-celebracion-del-x-aniversario-de-la-residencia-universitaria-de-la-upo-flora-tristan","status":"publish","type":"post","link":"https:\/\/www.upo.es\/diario\/institucional\/2014\/04\/una-fiesta-vecinal-pondra-fin-manana-sabado-a-los-actos-de-celebracion-del-x-aniversario-de-la-residencia-universitaria-de-la-upo-flora-tristan\/","title":{"rendered":"Una fiesta vecinal pondr\u00e1 fin ma\u00f1ana s\u00e1bado a los actos de celebraci\u00f3n del X aniversario de la residencia universitaria de la UPO \u00abFlora Trist\u00e1n\u00bb"},"content":{"rendered":"<figure id=\"attachment_3386968\" aria-describedby=\"caption-attachment-3386968\" style=\"width: 320px\" class=\"wp-caption alignleft\"><img loading=\"lazy\" decoding=\"async\" class=\"size-medium wp-image-3386968\" alt=\"Susana D\u00edaz visit\u00f3 la residencia el pasado martes con motivo del X aniversario\" src=\"https:\/\/www.upo.es\/diario\/wp-content\/uploads\/2014\/04\/13597582025_2bf1c9e57c_k-320x213.jpg\" width=\"320\" height=\"213\" srcset=\"https:\/\/www.upo.es\/diario\/wp-content\/uploads\/2014\/04\/13597582025_2bf1c9e57c_k-320x213.jpg 320w, https:\/\/www.upo.es\/diario\/wp-content\/uploads\/2014\/04\/13597582025_2bf1c9e57c_k-1024x683.jpg 1024w, https:\/\/www.upo.es\/diario\/wp-content\/uploads\/2014\/04\/13597582025_2bf1c9e57c_k-600x400.jpg 600w, https:\/\/www.upo.es\/diario\/wp-content\/uploads\/2014\/04\/13597582025_2bf1c9e57c_k.jpg 2048w\" sizes=\"auto, (max-width: 320px) 100vw, 320px\" \/><figcaption id=\"caption-attachment-3386968\" class=\"wp-caption-text\">Susana D\u00edaz visit\u00f3 la residencia el pasado martes con motivo del X aniversario<\/figcaption><\/figure>\n<p style=\"text-align: justify;\">Ma\u00f1ana s\u00e1bado, 5 de abril, a las 11 horas en la residencia universitaria Flora Trist\u00e1n, comenzar\u00e1 un pasacalle acompa\u00f1ado por la \u201cAgrupaci\u00f3n musical Santa Cecilia y Jes\u00fas del Consuelo\u201d que pasear\u00e1 por las calles del Pol\u00edgono Sur hasta las 13 horas. Con este pasacalle empezar\u00e1n las actividades que pondr\u00e1n el broche final a la celebraci\u00f3n del X aniversario de la residencia universitaria Flora Trist\u00e1n, y que comenzaron el pasado el martes con el objetivo de acercar el barrio del Pol\u00edgono Sur a la universidad, llevar la universidad al barrio y convivir con los vecinos de la zona.<\/p>\n<p style=\"text-align: justify;\">Tras el pasacalle, a las 13 horas en la calle Madre Teresa de Calcuta se realizar\u00e1 un flashmob en el que participar\u00e1n estudiantes de la Flora Trist\u00e1n as\u00ed como vecinos del barrio. A continuaci\u00f3n y hasta las 20 horas, se celebrar\u00e1n diversas actuaciones, como la\u00a0 actuaci\u00f3n de la academia de baile Flamenco Vanessa Monta\u00f1o, el homenaje a Rafael Garc\u00eda \u201cEl El\u00e9ctrico\u201d, la actuaci\u00f3n de Son del Sur, m\u00fasica africana a cargo de residentes de Gab\u00f3n, masterclass de salsa y de zumba, as\u00ed como juegos populares y otras actividades en las que participar\u00e1n residentes as\u00ed como vecinos del barrio.<\/p>\n<p style=\"text-align: justify;\">El pasado mi\u00e9rcoles 26 de marzo la residencia universitaria Flora Trist\u00e1n de la Universidad Pablo de Olavide cumpli\u00f3 10 a\u00f1os en el Pol\u00edgono Sur, y para celebrar su aniversario la UPO organiz\u00f3 un programa de actividades que se ha desarrollado a lo largo de la semana en la UPO, en la residencia y en el barrio. El programa se inaugur\u00f3 el pasado martes con el descubrimiento por parte de la presidenta de la Junta, Susana D\u00edaz, y del rector Vicente Guzm\u00e1n de una placa en homenaje a Rosario Valpuesta Fern\u00e1dez, primero rectora de la Universidad Pablo de Olavide e impulsora de esta iniciativa pionera en Andaluc\u00eda que busca la formaci\u00f3n integral de los estudiantes universitarios m\u00e1s all\u00e1 de la formaci\u00f3n acad\u00e9mica, adem\u00e1s de contribuir a la revitalizaci\u00f3n del Pol\u00edgono Sur a trav\u00e9s de la presencia cotidiana de los j\u00f3venes universitarios.<\/p>\n<p style=\"text-align: justify;\">El programa ha incluido la exposici\u00f3n fotogr\u00e1fica \u201c10 A\u00f1os de Convivencia en el Pol\u00edgono Sur\u201d que tiene lugar en la residencia universitaria, as\u00ed como la instalaci\u00f3n en la UPO de stands informativos para dar a conocer los proyectos sociales en los que participa la Flora Trist\u00e1n, y la celebraci\u00f3n de una ruta de la tapa por el Pol\u00edgono Sur.<\/p>\n<p style=\"text-align: justify;\">La residencia universitaria Flora Trist\u00e1n, dependiente del Vicerrectorado de Estudiantes, Cultura y Compromiso Social de la Universidad Pablo de Olavide, est\u00e1 presente en las plataformas vecinales de formaci\u00f3n, reivindicaci\u00f3n y de fomento de la cultura, continuando as\u00ed con la labor de cooperaci\u00f3n con los vecinos en sus procesos de cohesi\u00f3n social y superaci\u00f3n de los problemas que les aquejan. En estos 10 a\u00f1os, m\u00e1s de 2.000 estudiantes de la UPO han residido en la Flora Trist\u00e1n, de los cuales 550 han sido becarios que han colaborado con los proyectos del barrio a trav\u00e9s del tejido asociativo del mismo. Asimismo, la residencia ha estado colaborando con una media de 24 entidades cada curso, habiendo actuado directamente en aproximadamente 32 proyectos por curso. Estos proyectos abarcan desde el trabajo con menores, al trabajo con j\u00f3venes, mujeres, personas adultas, comunidad gitana y personas mayores. A su vez, las intervenciones han estado orientadas desde el trabajo educativo al trabajo grupal, cohesi\u00f3n vecinal, trabajo comunitario, salud y mejora del entorno, y educaci\u00f3n de calle, como grandes l\u00edneas de actuaci\u00f3n, todos ellos concretados en proyectos y acciones concretas tanto puntuales como a lo largo del tiempo.<\/p>\n","protected":false},"excerpt":{"rendered":"<p>Ma\u00f1ana s\u00e1bado, 5 de abril, a las 11 horas en la residencia universitaria Flora Trist\u00e1n, comenzar\u00e1 un pasacalle acompa\u00f1ado por la \u201cAgrupaci\u00f3n musical Santa Cecilia y Jes\u00fas del Consuelo\u201d que pasear\u00e1 por las calles del Pol\u00edgono Sur hasta las 13 horas. Con este pasacalle empezar\u00e1n las actividades que pondr\u00e1n el broche final a la celebraci\u00f3n del X aniversario de la residencia universitaria Flora Trist\u00e1n.<\/p>\n","protected":false},"author":4,"featured_media":0,"comment_status":"closed","ping_status":"open","sticky":false,"template":"","format":"standard","meta":{"_monsterinsights_skip_tracking":false,"_monsterinsights_sitenote_active":false,"_monsterinsights_sitenote_note":"","_monsterinsights_sitenote_category":0,"footnotes":""},"categories":[6],"tags":[568,353,357,1064],"class_list":["post-3385943","post","type-post","status-publish","format-standard","hentry","category-institucional","tag-aniversario","tag-flora-tristan","tag-poligono-sur","tag-residencia-flora-tristan"],"_links":{"self":[{"href":"https:\/\/www.upo.es\/diario\/wp-json\/wp\/v2\/posts\/3385943","targetHints":{"allow":["GET"]}}],"collection":[{"href":"https:\/\/www.upo.es\/diario\/wp-json\/wp\/v2\/posts"}],"about":[{"href":"https:\/\/www.upo.es\/diario\/wp-json\/wp\/v2\/types\/post"}],"author":[{"embeddable":true,"href":"https:\/\/www.upo.es\/diario\/wp-json\/wp\/v2\/users\/4"}],"replies":[{"embeddable":true,"href":"https:\/\/www.upo.es\/diario\/wp-json\/wp\/v2\/comments?post=3385943"}],"version-history":[{"count":7,"href":"https:\/\/www.upo.es\/diario\/wp-json\/wp\/v2\/posts\/3385943\/revisions"}],"predecessor-version":[{"id":3386975,"href":"https:\/\/www.upo.es\/diario\/wp-json\/wp\/v2\/posts\/3385943\/revisions\/3386975"}],"wp:attachment":[{"href":"https:\/\/www.upo.es\/diario\/wp-json\/wp\/v2\/media?parent=3385943"}],"wp:term":[{"taxonomy":"category","embeddable":true,"href":"https:\/\/www.upo.es\/diario\/wp-json\/wp\/v2\/categories?post=3385943"},{"taxonomy":"post_tag","embeddable":true,"href":"https:\/\/www.upo.es\/diario\/wp-json\/wp\/v2\/tags?post=3385943"}],"curies":[{"name":"wp","href":"https:\/\/api.w.org\/{rel}","templated":true}]}}