{"id":3386458,"date":"2014-04-07T05:44:30","date_gmt":"2014-04-07T05:44:30","guid":{"rendered":"https:\/\/www.upo.es\/diario\/?p=3386458"},"modified":"2014-04-07T06:42:30","modified_gmt":"2014-04-07T06:42:30","slug":"el-rector-de-la-upo-inaugura-el-lunes-las-xi-jornadas-sobre-presente-y-futuro-de-la-mediacion-en-espana","status":"publish","type":"post","link":"https:\/\/www.upo.es\/diario\/institucional\/2014\/04\/el-rector-de-la-upo-inaugura-el-lunes-las-xi-jornadas-sobre-presente-y-futuro-de-la-mediacion-en-espana\/","title":{"rendered":"El rector de la UPO inaugura hoy las XI Jornadas sobre Presente y Futuro de la Mediaci\u00f3n en Espa\u00f1a"},"content":{"rendered":"<p>Hoy lunes 7 de abril, <strong>a las 17.00 horas, en el Paraninfo<\/strong> de la Universidad Pablo de Olavide, se inaugurar\u00e1n las \u201cXI Jornadas Presente y Futuro de la Mediaci\u00f3n en Espa\u00f1a\u201d, que tienen como lema <strong>\u201cLa cultura del acuerdo\u201d<\/strong> y han sido organizadas por el Departamento de Derecho P\u00fablico de la UPO a trav\u00e9s del \u00c1rea de Formaci\u00f3n Permanente. El acto oficial de inauguraci\u00f3n estar\u00e1 presidido por Vicente Guzm\u00e1n, rector de la UPO, Beltr\u00e1n P\u00e9rez, delegado de Participaci\u00f3n Ciudadana del Ayuntamiento de Sevilla, y Javier Al\u00e9s, profesor de Derecho Administrativo de la UPO y director acad\u00e9mico de las presentes jornadas.<\/p>\n<p>M\u00e1s de 200 profesionales asistir\u00e1n a este encuentro, que se celebrar\u00e1 hasta el 9 de abril, y entre los que se encuentran mediadores familiares, jueces, abogados, trabajadores sociales, psic\u00f3logos, educadores sociales, orientadores, pedagogos, psicopedagogos, profesores, estudiantes y otros agentes sociales.<\/p>\n<p>La <strong>conferencia inaugural correr\u00e1 a cargo de Jos\u00e9 Luis Utrera G\u00f3me<\/strong>z, magistrado-juez de Familia, quien disertar\u00e1 a las 17,30 horas sobre \u201cLa mediaci\u00f3n como in06stituci\u00f3n jur\u00eddica: Nuevos retos para operadores jur\u00eddicos, mediadores y administraciones\u201d.<\/p>\n<p>El principal objetivo de estas jornadas, seg\u00fan Javier Al\u00e9s, que tambi\u00e9n es profesor de Derecho Administrativo de la UPO, es ofrecer un espacio de debate de car\u00e1cter multidisciplinar que permita que los profesionales de la mediaci\u00f3n compartan sus experiencias en este \u00e1mbito, logrando dise\u00f1ar un modelo andaluz. Asimismo, se tratar\u00e1 de sensibilizar a la sociedad andaluza de la necesidad de este procedimiento de atenci\u00f3n a los distintos sectores en conflicto, para conseguir que se pueda hablar en un futuro de la<strong> cultura del acuerdo<\/strong>, abandonando la mentalidad del litigio y la confrontaci\u00f3n.<\/p>\n<p>Entre los temas que se tratar\u00e1n figuran las novedades legislativas producidas en nuestro pa\u00eds y nuestra comunidad aut\u00f3noma, como el Decreto Ley de Mediaci\u00f3n en el \u00c1mbito Civil y Mercantil de diciembre de 2013 y la reciente apertura del Registro de Mediadores Nacionales el 1 de abril de 2014.<\/p>\n<p>Estas jornadas han sido dise\u00f1adas entendiendo que la mediaci\u00f3n, como herramienta de soluci\u00f3n de conflictos, debe concebirse como cultura. \u201cEl \u00e9xito de participaci\u00f3n de estas jornadas refuerza el concepto cultural de la mediaci\u00f3n, ya que pone de manifiesto que son muchos los interesados en aprender a desarrollar sus habilidades para aplicar estas t\u00e9cnicas en la resoluci\u00f3n de problemas\u201d, explica el director de las jornadas.<\/p>\n<p>Asimismo, <strong>Javier Al\u00e9s<\/strong> asegura que la importancia de la mediaci\u00f3n es inminente, al tiempo que apuesta por extenderla de forma progresiva a todos los \u00f3rdenes jurisdiccionales, ya que se ha demostrado que la resoluci\u00f3n de conflictos en cualquier \u00e1mbito aumenta la eficacia y celeridad de la Administraci\u00f3n de Justicia.<\/p>\n<p>A lo largo de las jornadas se desarrollar\u00e1n conferencias y talleres impartidos \u00a0por especialistas de distintas \u00e1reas de conocimiento relacionadas con la mediaci\u00f3n, entre los que destacan Julio Fuentes, subdirector general de Pol\u00edticas Legislativas del Ministerio de Justicia; Jos\u00e9 Miguel Valle, profesor de la Escuela de Negociaci\u00f3n de Salamanca; Mar\u00eda Teresa Garc\u00eda, de Solucion@ y Alfonso Fabregat, de Acuerdo Justo de Alicante, entre otros.<\/p>\n<p>El encuentro cuenta con la colaboraci\u00f3n de la Fundaci\u00f3n Cereco de Argentina (Tucum\u00e1n), The World Forum Mediation, el Ayuntamiento de Sevilla, la Universidad de Granada, la Revista Universitaria Mediatio, la Asociaci\u00f3n Andaluza de Mediaci\u00f3n Familiar y la Escuela Sevillana de Mediaci\u00f3n, entre otras entidades.<\/p>\n<p>M\u00e1s informaci\u00f3n:<br \/>\n<a href=\"http:\/\/www.upo.es\/postgrado\/titulos-propios\/texto\/d63e48bd-9892-11e3-965d-11bdca50d69c\/XI-JORNADAS-SOBRE-EL-PRESENTE-Y-EL-FUTURO-DE-LA-MEDIACION-CONSTRUYENDO-LA-CULTURA-DEL-ACUERDO\" target=\"_blank\">www.upo.es\/postgrado\/titulos-propios\/texto\/d63e48bd-9892-11e3-965d-11bdca50d69c\/XI-JORNADAS-SOBRE-EL-PRESENTE-Y-EL-FUTURO-DE-LA-MEDIACION-CONSTRUYENDO-LA-CULTURA-DEL-ACUERDO<\/a><\/p>\n<p><iframe loading=\"lazy\" src=\"\/\/www.youtube.com\/embed\/3d-tPNz89b0\" height=\"465\" width=\"620\" allowfullscreen=\"\" frameborder=\"0\"><\/iframe><\/p>\n","protected":false},"excerpt":{"rendered":"<p>El principal objetivo de estas jornadas, seg\u00fan su director Javier Al\u00e9s, es ofrecer un espacio de debate de car\u00e1cter multidisciplinar que permita que los profesionales de la mediaci\u00f3n compartan sus experiencias en este \u00e1mbito, logrando dise\u00f1ar un modelo andaluz. Asimismo, se tratar\u00e1 de sensibilizar a la sociedad andaluza de la necesidad de este procedimiento de atenci\u00f3n a los distintos sectores en conflicto, para conseguir que se pueda hablar en un futuro de la cultura del acuerdo, abandonando la mentalidad del litigio y la confrontaci\u00f3n.<\/p>\n","protected":false},"author":6,"featured_media":0,"comment_status":"closed","ping_status":"open","sticky":false,"template":"","format":"standard","meta":{"_monsterinsights_skip_tracking":false,"_monsterinsights_sitenote_active":false,"_monsterinsights_sitenote_note":"","_monsterinsights_sitenote_category":0,"footnotes":""},"categories":[6],"tags":[633,87,84,157],"class_list":["post-3386458","post","type-post","status-publish","format-standard","hentry","category-institucional","tag-conflictos","tag-derecho","tag-jornadas","tag-mediacion"],"_links":{"self":[{"href":"https:\/\/www.upo.es\/diario\/wp-json\/wp\/v2\/posts\/3386458","targetHints":{"allow":["GET"]}}],"collection":[{"href":"https:\/\/www.upo.es\/diario\/wp-json\/wp\/v2\/posts"}],"about":[{"href":"https:\/\/www.upo.es\/diario\/wp-json\/wp\/v2\/types\/post"}],"author":[{"embeddable":true,"href":"https:\/\/www.upo.es\/diario\/wp-json\/wp\/v2\/users\/6"}],"replies":[{"embeddable":true,"href":"https:\/\/www.upo.es\/diario\/wp-json\/wp\/v2\/comments?post=3386458"}],"version-history":[{"count":4,"href":"https:\/\/www.upo.es\/diario\/wp-json\/wp\/v2\/posts\/3386458\/revisions"}],"predecessor-version":[{"id":3421014,"href":"https:\/\/www.upo.es\/diario\/wp-json\/wp\/v2\/posts\/3386458\/revisions\/3421014"}],"wp:attachment":[{"href":"https:\/\/www.upo.es\/diario\/wp-json\/wp\/v2\/media?parent=3386458"}],"wp:term":[{"taxonomy":"category","embeddable":true,"href":"https:\/\/www.upo.es\/diario\/wp-json\/wp\/v2\/categories?post=3386458"},{"taxonomy":"post_tag","embeddable":true,"href":"https:\/\/www.upo.es\/diario\/wp-json\/wp\/v2\/tags?post=3386458"}],"curies":[{"name":"wp","href":"https:\/\/api.w.org\/{rel}","templated":true}]}}