{"id":3386976,"date":"2014-04-04T19:15:41","date_gmt":"2014-04-04T19:15:41","guid":{"rendered":"https:\/\/www.upo.es\/diario\/?p=3386976"},"modified":"2014-04-07T07:47:08","modified_gmt":"2014-04-07T07:47:08","slug":"convocadas-las-ayudas-erasmus-del-ministerio-de-educacion-para-el-curso-2014-15","status":"publish","type":"post","link":"https:\/\/www.upo.es\/diario\/infoupo\/2014\/04\/convocadas-las-ayudas-erasmus-del-ministerio-de-educacion-para-el-curso-2014-15\/","title":{"rendered":"Convocadas las ayudas Erasmus del Ministerio de Educaci\u00f3n para el curso 2014-15"},"content":{"rendered":"<figure id=\"attachment_3386977\" aria-describedby=\"caption-attachment-3386977\" style=\"width: 320px\" class=\"wp-caption alignright\"><img loading=\"lazy\" decoding=\"async\" class=\"size-medium wp-image-3386977 \" alt=\"Imagen: Rem Koolhaas\" src=\"https:\/\/www.upo.es\/diario\/wp-content\/uploads\/2014\/04\/500px-Union-europea_segun_rem-koolhaas-320x199.png\" width=\"320\" height=\"199\" srcset=\"https:\/\/www.upo.es\/diario\/wp-content\/uploads\/2014\/04\/500px-Union-europea_segun_rem-koolhaas-320x199.png 320w, https:\/\/www.upo.es\/diario\/wp-content\/uploads\/2014\/04\/500px-Union-europea_segun_rem-koolhaas.png 500w\" sizes=\"auto, (max-width: 320px) 100vw, 320px\" \/><figcaption id=\"caption-attachment-3386977\" class=\"wp-caption-text\">Imagen: Rem Koolhaas<\/figcaption><\/figure>\n<p>Los estudiantes universitarios que vayan a participar en el <b>programa Erasmus+ el pr\u00f3ximo curso 2014-15<\/b> pueden solicitar desde hoy, y hasta el 23 de abril, las ayudas que el <b>Ministerio de Educaci\u00f3n, Cultura y Deporte<\/b> destina a este programa de movilidad. Con una financiaci\u00f3n de 18 millones de euros y <b>10.000 becas para estudios o pr\u00e1cticas<\/b>, estas ayudas son incompatibles con las concedidas por la Uni\u00f3n Europea (Organismo Aut\u00f3nomo Programas Educativos Europeos \u2013OAPEE\u2013).<\/p>\n<p>As\u00ed consta en la convocatoria, publicada ayer jueves en el BOE \u2013n\u00famero 81, de 3 de abril de 2014\u2013, que denomina estas ayudas como &#8216;Erasmus.es&#8217;, y establece requisitos acad\u00e9micos y de idiomas m\u00e1s exigentes que las 30.000 financiadas por la Uni\u00f3n Europea, adem\u00e1s de una cuant\u00eda superior al mes. Para los estudiantes universitarios el Gobierno <b>establece como m\u00ednimo acreditar un nivel B2 o equivalente<\/b> en el idioma en el que se va a impartir y recibir la docencia en la universidad o centro de destino. Las becas tendr\u00e1n una duraci\u00f3n de cinco meses \u2013un semestre\u2013 para la realizaci\u00f3n de estudios y de tres para pr\u00e1cticas en empresas.<\/p>\n<p>Cada una de las cinco ramas de conocimiento de los estudios universitarios \u2013Artes y Humanidades, Ciencias, Ciencias de la Salud, Ciencias Sociales y Jur\u00eddicas e Ingenier\u00eda y Arquitectura\u2013 tendr\u00e1 asignado el 20% de las becas. <b>La cuant\u00eda de las ayudas var\u00eda desde los 300 euros mensuales hasta los 400<\/b>, en funci\u00f3n del pa\u00eds de destino, que podr\u00e1 ser incrementada con 100 euros para estudiantes que hayan sido beneficiario de una beca general. Tambi\u00e9n, los estudiantes que realicen pr\u00e1cticas obtendr\u00e1n 100 euros adicionales. El pago ser\u00e1 \u00fanico, una vez comenzada la estancia, \u00a0presentando el certificado que justifica la incorporaci\u00f3n a la instituci\u00f3n de destino o centro de realizaci\u00f3n de las pr\u00e1cticas.<\/p>\n<p>Para la adjudicaci\u00f3n de las ayudas ser\u00e1n valorados el expediente acad\u00e9mico; el programa de estudios a realizar durante la estancia; el n\u00famero de cr\u00e9ditos cursados en el momento de presentar la solicitud y el nivel de idiomas acreditado. El Gobierno asignar\u00e1 a cada universidad un n\u00famero de ayudas proporcional a las movilidades que haya gestionado en el curso acad\u00e9mico 2012-13. Las solicitudes pueden presentarse v\u00eda telem\u00e1tica a trav\u00e9s de la sede electr\u00f3nica del Ministerio: <a href=\"https:\/\/sede.educacion.gob.es\/\">https:\/\/sede.educacion.gob.es\/<\/a><\/p>\n<p>M\u00e1s informaci\u00f3n:<\/p>\n<ul>\n<li><a href=\"http:\/\/www.mecd.gob.es\/servicios-al-ciudadano-mecd\/catalogo-servicios\/becas-ayudas-subvenciones\/movilidad\/de-estudiantes\/universitarios\/grado\/erasmus-es.html\">http:\/\/www.mecd.gob.es\/servicios-al-ciudadano-mecd\/catalogo-servicios\/becas-ayudas-subvenciones\/movilidad\/de-estudiantes\/universitarios\/grado\/erasmus-es.html<\/a><\/li>\n<li><a href=\"http:\/\/www.boe.es\/diario_boe\/txt.php?id=BOE-A-2014-3572\">http:\/\/www.boe.es\/diario_boe\/txt.php?id=BOE-A-2014-3572<\/a><\/li>\n<\/ul>\n<p>Fuente: MECD \/ Europa Press<\/p>\n","protected":false},"excerpt":{"rendered":"<p>Los estudiantes universitarios que vayan a participar en el programa Erasmus+ el pr\u00f3ximo curso 2014-15 pueden solicitar desde hoy, y hasta el 23 de abril, las ayudas que el Ministerio de Educaci\u00f3n, Cultura y Deporte destina a este programa de movilidad.<\/p>\n","protected":false},"author":6,"featured_media":0,"comment_status":"closed","ping_status":"open","sticky":false,"template":"","format":"standard","meta":{"_monsterinsights_skip_tracking":false,"_monsterinsights_sitenote_active":false,"_monsterinsights_sitenote_note":"","_monsterinsights_sitenote_category":0,"footnotes":""},"categories":[5],"tags":[847,64,1233,846,21,35,244,1056,65,68,39],"class_list":["post-3386976","post","type-post","status-publish","format-standard","hentry","category-infoupo","tag-aric","tag-becas","tag-curso-2014-2015","tag-erasmus","tag-estudiantes","tag-idiomas","tag-ministerio-de-educacion","tag-movilidad","tag-practicas","tag-union-europea","tag-universidades"],"_links":{"self":[{"href":"https:\/\/www.upo.es\/diario\/wp-json\/wp\/v2\/posts\/3386976","targetHints":{"allow":["GET"]}}],"collection":[{"href":"https:\/\/www.upo.es\/diario\/wp-json\/wp\/v2\/posts"}],"about":[{"href":"https:\/\/www.upo.es\/diario\/wp-json\/wp\/v2\/types\/post"}],"author":[{"embeddable":true,"href":"https:\/\/www.upo.es\/diario\/wp-json\/wp\/v2\/users\/6"}],"replies":[{"embeddable":true,"href":"https:\/\/www.upo.es\/diario\/wp-json\/wp\/v2\/comments?post=3386976"}],"version-history":[{"count":3,"href":"https:\/\/www.upo.es\/diario\/wp-json\/wp\/v2\/posts\/3386976\/revisions"}],"predecessor-version":[{"id":3421517,"href":"https:\/\/www.upo.es\/diario\/wp-json\/wp\/v2\/posts\/3386976\/revisions\/3421517"}],"wp:attachment":[{"href":"https:\/\/www.upo.es\/diario\/wp-json\/wp\/v2\/media?parent=3386976"}],"wp:term":[{"taxonomy":"category","embeddable":true,"href":"https:\/\/www.upo.es\/diario\/wp-json\/wp\/v2\/categories?post=3386976"},{"taxonomy":"post_tag","embeddable":true,"href":"https:\/\/www.upo.es\/diario\/wp-json\/wp\/v2\/tags?post=3386976"}],"curies":[{"name":"wp","href":"https:\/\/api.w.org\/{rel}","templated":true}]}}