{"id":3424043,"date":"2014-04-07T00:22:44","date_gmt":"2014-04-07T00:22:44","guid":{"rendered":"https:\/\/www.upo.es\/diario\/?p=3424043"},"modified":"2014-04-08T12:34:39","modified_gmt":"2014-04-08T12:34:39","slug":"el-dia-del-reciclaje-abre-la-viii-semana-verde-de-la-universidad-pablo-de-olavide","status":"publish","type":"post","link":"https:\/\/www.upo.es\/diario\/institucional\/2014\/04\/el-dia-del-reciclaje-abre-la-viii-semana-verde-de-la-universidad-pablo-de-olavide\/","title":{"rendered":"El D\u00eda del Reciclaje abre la VIII Semana Verde de la Universidad Pablo de Olavide"},"content":{"rendered":"<figure id=\"attachment_3424046\" aria-describedby=\"caption-attachment-3424046\" style=\"width: 320px\" class=\"wp-caption alignright\"><a href=\"https:\/\/www.upo.es\/diario\/wp-content\/uploads\/2014\/04\/taller-reciclaje-creativo.jpg\"><img loading=\"lazy\" decoding=\"async\" class=\"size-medium wp-image-3424046\" alt=\"Estudiantes en el taller de &quot;Reciclaje Creativo&quot; que se ha celebrado esta ma\u00f1ana en la Olavide\" src=\"https:\/\/www.upo.es\/diario\/wp-content\/uploads\/2014\/04\/taller-reciclaje-creativo-320x213.jpg\" width=\"320\" height=\"213\" srcset=\"https:\/\/www.upo.es\/diario\/wp-content\/uploads\/2014\/04\/taller-reciclaje-creativo-320x213.jpg 320w, https:\/\/www.upo.es\/diario\/wp-content\/uploads\/2014\/04\/taller-reciclaje-creativo-1024x682.jpg 1024w, https:\/\/www.upo.es\/diario\/wp-content\/uploads\/2014\/04\/taller-reciclaje-creativo-600x400.jpg 600w\" sizes=\"auto, (max-width: 320px) 100vw, 320px\" \/><\/a><figcaption id=\"caption-attachment-3424046\" class=\"wp-caption-text\">Estudiantes en el taller de \u00abReciclaje Creativo\u00bb que se ha celebrado esta ma\u00f1ana en la Olavide<\/figcaption><\/figure>\n<p>La Universidad Pablo de Olavide celebra desde hoy lunes 8 de abril y hasta el pr\u00f3ximo viernes d\u00eda 11 la octava edici\u00f3n de la <a href=\"http:\/\/www.upo.es\/semanaverde\/\">Semana Verde<\/a>, un encuentro organizado por el Vicerrectorado de Cultura, Participaci\u00f3n y Compromiso Social, a trav\u00e9s de su l\u00ednea de actuaci\u00f3n de Salud Integral y Medio Ambiente, en el que tienen lugar diversas actividades para concienciar a la comunidad universitaria sobre los problemas socioambientales.<\/p>\n<p>Con el D\u00eda del Reciclaje ha arrancado hoy esta Semana Verde, en el que busca explicar a la comunidad universitaria c\u00f3mo es la gesti\u00f3n de los residuos s\u00f3lidos en Andaluc\u00eda, a trav\u00e9s de un taller de \u201c<b>Reciclaje Creativo\u201d<\/b>, de la exposici\u00f3n \u201cRecapacicla\u201d, de un punto de informaci\u00f3n y un rinc\u00f3n de ocio, entre las actividades que se han celebrado. Tambi\u00e9n se ha impartido la charla \u201cNuestra Huella ecol\u00f3gica: sostenibilidad y decrecimiento\u201d, en la que el socioec\u00f3logo Manuel Clavo ha hablado sobre las distintas formas de reducir el impacto del consumo de recursos naturales para asegurar\u00a0 as\u00ed un futuro sostenible<\/p>\n<p><a href=\"https:\/\/www.upo.es\/diario\/wp-content\/uploads\/2014\/04\/semana_verde.jpg\"><img loading=\"lazy\" decoding=\"async\" class=\"size-medium wp-image-3386963 alignleft\" alt=\"Cartel informativo sobre la Semana Verde\" src=\"https:\/\/www.upo.es\/diario\/wp-content\/uploads\/2014\/04\/semana_verde-320x227.jpg\" width=\"320\" height=\"227\" srcset=\"https:\/\/www.upo.es\/diario\/wp-content\/uploads\/2014\/04\/semana_verde-320x227.jpg 320w, https:\/\/www.upo.es\/diario\/wp-content\/uploads\/2014\/04\/semana_verde-1024x728.jpg 1024w, https:\/\/www.upo.es\/diario\/wp-content\/uploads\/2014\/04\/semana_verde-600x426.jpg 600w\" sizes=\"auto, (max-width: 320px) 100vw, 320px\" \/><\/a>Adem\u00e1s, hoy lunes han dado comienzo el mercadillo del trueque y la exposici\u00f3n Mujeres y Medio Ambiente, que estar\u00e1n durante toda la Semana Verde. El <b>mercadillo del trueque<\/b>, disponible de 10 a 14 horas en la entrada del edificio Celestino Mutis, es una iniciativa propuesta por el alumnado del curso de formaci\u00f3n en Educaci\u00f3n y Voluntariado Ambiental. Por su parte, la exposici\u00f3n <b>Mujeres y Medio Ambiente<\/b>, en la sala de exposiciones de la Biblioteca, tiene por objetivo comunicar temas ambientales desde una perspectiva de g\u00e9nero para evidenciar la necesidad de que las mujeres tambi\u00e9n est\u00e9n presentes en la toma de decisiones y en la definici\u00f3n de nuevas estrategias de relaci\u00f3n con el medio ambiente. Tambi\u00e9n habr\u00e1 durante toda la semana en la entrada del edificio Celestino Mutis un <b>Stand del Comit\u00e9 de Calidad y Certificaci\u00f3n<\/b>, en el que, de 10 a 13:30 horas, se dar\u00e1 informaci\u00f3n sobre el Sistema de Gesti\u00f3n Ambiental del campus, as\u00ed como sobre la certificaci\u00f3n de la Facultad de Ciencias Experimentales.<\/p>\n<p>Por otra parte y a lo largo de esta semana continuar\u00e1n las actividades de esta campa\u00f1a. Para ma\u00f1ana martes 8 de abril, de 10 a 13:30 horas, est\u00e1 prevista la celebraci\u00f3n del taller de<b> \u201cCreaci\u00f3n con Vidrio Ensamblado\u201d<\/b>, en la Plaza de Andaluc\u00eda; y de 11 a 13:30 tendr\u00e1 lugar el taller de<b> \u201cMovilidad sostenible: Aprende a arreglar tu bicicleta\u201d<\/b>, en la Plaza de Am\u00e9rica.<\/p>\n<p>El mi\u00e9rcoles 9 de abril se celebrar\u00e1 el taller<b> \u201cReciclam\u00fasica\u201d<\/b>, un taller de percusi\u00f3n y construcci\u00f3n de instrumentos con envases y vidrio que dar\u00e1 comienzo a las 10 hasta las 13 horas en la Plaza de Andaluc\u00eda. Tambi\u00e9n se realizar\u00e1n otras actividades como \u201c<b>Experiencias Urbanas Sostenibles\u201d<\/b>, una actividad colectiva para mostrar alternativas sostenibles que sean \u00fatiles para la sociedad y que contar\u00e1 con un <b>Video-Forum<\/b> de 10:30 a 11:30 horas, seguido de una <b>Mesa de Experiencias <\/b>donde se comentar\u00e1n los aspectos del v\u00eddeo, de 11:45 a 14:00, ambas en el aula 107 del Edificio 45.<\/p>\n<p>La jornada del jueves 10 de abril acoger\u00e1 dos actividades. A las 10 horas y hasta las 13:30 en la Plaza de Am\u00e9rica comenzar\u00e1 el tallerde<b> \u201cEsculturas ensambladas\u201d<\/b>, donde Luis Cruz ense\u00f1ar\u00e1 como reutilizar materiales y residuos con intenci\u00f3n art\u00edstica; y de 12 a 14 horas en el au\u00f1a 107 del Edificio 45 se celebrar\u00e1 la charla<b> \u201cAlimentaci\u00f3n sana para un mundo consciente\u201d<\/b>, impartida por Paloma Gonz\u00e1lez.<\/p>\n<p>Todas estas actividades, abiertas a la comunidad universitaria y a la poblaci\u00f3n en general, est\u00e1n organizadas por el Vicerrectorado de Cultura, Participaci\u00f3n y Compromiso Social, a trav\u00e9s de su l\u00ednea de actuaci\u00f3n de Salud Integral y Medio Ambiente, con el apoyo de la <a href=\"http:\/\/www.juntadeandalucia.es\/organismos\/agriculturapescaymedioambiente.html\">Consejer\u00eda de Agricultura, Pesca y Medio Ambiente<\/a> en el marco del Convenio Andaluc\u00eda Ecocampus firmado en el a\u00f1o 2010.<\/p>\n<p>M\u00e1s informaci\u00f3n: <strong><a href=\"http:\/\/www.upo.es\/semanaverde\">www.upo.es\/semanaverde<\/a><\/strong><\/p>\n<p>&nbsp;<\/p>\n<p align=\"center\"><b>VIII SEMANA VERDE<br \/>\n<\/b><b>Universidad Pablo de Olavide &#8211;\u00a0<\/b><b>\u00a07 al 11 de Abril<\/b><\/p>\n<p align=\"center\"><b>\u00a0<\/b><\/p>\n<table width=\"659\" border=\"0\" cellspacing=\"0\" cellpadding=\"0\">\n<tbody>\n<tr>\n<td valign=\"top\" width=\"149\">\n<p align=\"center\"><b>Lunes 7<\/b><\/p>\n<\/td>\n<td valign=\"top\" width=\"132\">\n<p align=\"center\"><b>Martes 8<\/b><\/p>\n<\/td>\n<td valign=\"top\" width=\"132\">\n<p align=\"center\"><b>Mi\u00e9rcoles 9<\/b><\/p>\n<\/td>\n<td valign=\"top\" width=\"151\">\n<p align=\"center\"><b>Jueves 10<\/b><\/p>\n<\/td>\n<td valign=\"top\" width=\"94\">\n<p align=\"center\"><b>Viernes 11<\/b><\/p>\n<\/td>\n<\/tr>\n<tr>\n<td colspan=\"5\" valign=\"top\" width=\"659\">\n<p align=\"center\"><b>\u00a0<\/b><\/p>\n<p align=\"center\"><b>Sala de exposiciones de la Biblioteca. Edificio 25. Durante todo el d\u00eda.<\/b><\/p>\n<p align=\"center\">Exposici\u00f3n \u201cMujeres y Medio Ambiente\u201d<\/p>\n<p align=\"center\"><b>\u00a0<\/b><\/p>\n<\/td>\n<\/tr>\n<tr>\n<td colspan=\"5\" valign=\"top\" width=\"659\">\n<p align=\"center\"><b>\u00a0<\/b><\/p>\n<p align=\"center\"><b>10:00-14:00 \/ 10:00-13:30<\/b><\/p>\n<p align=\"center\"><b>Pasaje de la Ilustraci\u00f3n- Entrada Edificio Celestino Mutis<\/b><\/p>\n<p align=\"center\">Mercadillo del trueque Y Stand del Comit\u00e9 de Calidad de la Facultad de Ciencias Experimentales<\/p>\n<p align=\"center\"><b>\u00a0<\/b><\/p>\n<\/td>\n<\/tr>\n<tr>\n<td valign=\"top\" width=\"149\">\n<p align=\"center\"><b>10:00-18:00<\/b><\/p>\n<p align=\"center\"><b>Entrada Edificio Celestino Mutis<\/b><\/p>\n<p>&nbsp;<\/p>\n<p align=\"center\">TALLERES DE RECICLAJE CREATIVO, JUEGOS, EXPOSICI\u00d3N \u201cRECAPACICLA\u201d, PUNTO DE INFORMACI\u00d3N Y RINC\u00d3N DEL OCIO<\/p>\n<\/td>\n<td valign=\"top\" width=\"132\">\n<p align=\"center\"><b>10:00-13:30<\/b><\/p>\n<p align=\"center\"><b>Plaza de Andaluc\u00eda. Celestino Mutis planta s\u00f3tano<\/b><\/p>\n<p align=\"center\"><b>\u00a0<\/b><\/p>\n<p align=\"center\">Taller de Creaci\u00f3n con Vidrios ensamblado<\/p>\n<\/td>\n<td valign=\"top\" width=\"132\">\n<p align=\"center\"><b>10:00-13:30<\/b><\/p>\n<p align=\"center\"><b>Plaza de Andaluc\u00eda. Celestino Mutis planta s\u00f3tano<\/b><\/p>\n<p align=\"center\">Taller de Percusi\u00f3n \u201cReciclam\u00fasica\u201d<\/p>\n<\/td>\n<td valign=\"top\" width=\"151\"><b>\u00a0\u00a0\u00a0\u00a0\u00a0\u00a0\u00a0\u00a0\u00a0\u00a0\u00a0 10:00-13:30<\/b><\/p>\n<p align=\"center\"><b>Plaza de Am\u00e9rica. Celestino Mutis planta s\u00f3tano<\/b><\/p>\n<p align=\"center\">Taller escult\u00f3rico \u201cEsculturas Ensambladas\u201d<\/p>\n<p align=\"center\"><b>\u00a0<\/b><\/p>\n<\/td>\n<td rowspan=\"2\" valign=\"top\" width=\"94\"><\/td>\n<\/tr>\n<tr>\n<td valign=\"top\" width=\"149\">\n<p align=\"center\"><b>12:00-13:30<\/b><\/p>\n<p align=\"center\"><b>Aula 107, edificio 45<\/b><\/p>\n<p align=\"center\">charla \u201cNuestra huella ecol\u00f3gica: sostenibilidad y decrecimiento\u201d<\/p>\n<\/td>\n<td valign=\"top\" width=\"132\">\n<p align=\"center\"><b>11:00-13:30<\/b><\/p>\n<p align=\"center\"><b>Plaza de Andaluc\u00eda<\/b><\/p>\n<p align=\"center\"><b>\u00a0<\/b><\/p>\n<p align=\"center\">taller \u201cMovilidad sostenible: aprende a arreglar tu bicicleta\u201d<\/p>\n<\/td>\n<td valign=\"top\" width=\"132\">\n<p align=\"center\"><b>10:30-11:30 \/ 11:45-14:00<\/b><\/p>\n<p align=\"center\"><b>Aula 107, edificio 45<\/b><\/p>\n<p align=\"center\"><b>\u00a0<\/b><\/p>\n<p align=\"center\">Experiencias Urbanas Sostenibles:<\/p>\n<p align=\"center\">-Video-Forum<\/p>\n<p align=\"center\">-Mesa de Experiencias<\/p>\n<\/td>\n<td valign=\"top\" width=\"151\">\n<p align=\"center\"><b>12:0-14:00<\/b><\/p>\n<p align=\"center\"><b>Aula 107, edificio 45<\/b><\/p>\n<p align=\"center\">Charla \u201calimentaci\u00f3n para un mundo consciente\u201d<\/p>\n<\/td>\n<\/tr>\n<\/tbody>\n<\/table>\n","protected":false},"excerpt":{"rendered":"<p>La Universidad Pablo de Olavide celebra desde hoy lunes 8 de abril y hasta el pr\u00f3ximo viernes d\u00eda 11 la octava edici\u00f3n de la Semana Verde, un encuentro organizado por el Vicerrectorado de Cultura, Participaci\u00f3n y Compromiso Social, a trav\u00e9s de su l\u00ednea de actuaci\u00f3n de Salud Integral y Medio Ambiente, en el que tienen lugar diversas actividades para concienciar a la comunidad universitaria sobre los problemas socioambientales. <\/p>\n","protected":false},"author":6,"featured_media":0,"comment_status":"closed","ping_status":"open","sticky":false,"template":"","format":"standard","meta":{"_monsterinsights_skip_tracking":false,"_monsterinsights_sitenote_active":false,"_monsterinsights_sitenote_note":"","_monsterinsights_sitenote_category":0,"footnotes":""},"categories":[6],"tags":[544,74,429,447,441,549],"class_list":["post-3424043","post","type-post","status-publish","format-standard","hentry","category-institucional","tag-conferencias","tag-exposiciones","tag-medio-ambiente","tag-reciclaje","tag-semana-verde","tag-talleres"],"_links":{"self":[{"href":"https:\/\/www.upo.es\/diario\/wp-json\/wp\/v2\/posts\/3424043","targetHints":{"allow":["GET"]}}],"collection":[{"href":"https:\/\/www.upo.es\/diario\/wp-json\/wp\/v2\/posts"}],"about":[{"href":"https:\/\/www.upo.es\/diario\/wp-json\/wp\/v2\/types\/post"}],"author":[{"embeddable":true,"href":"https:\/\/www.upo.es\/diario\/wp-json\/wp\/v2\/users\/6"}],"replies":[{"embeddable":true,"href":"https:\/\/www.upo.es\/diario\/wp-json\/wp\/v2\/comments?post=3424043"}],"version-history":[{"count":8,"href":"https:\/\/www.upo.es\/diario\/wp-json\/wp\/v2\/posts\/3424043\/revisions"}],"predecessor-version":[{"id":3435587,"href":"https:\/\/www.upo.es\/diario\/wp-json\/wp\/v2\/posts\/3424043\/revisions\/3435587"}],"wp:attachment":[{"href":"https:\/\/www.upo.es\/diario\/wp-json\/wp\/v2\/media?parent=3424043"}],"wp:term":[{"taxonomy":"category","embeddable":true,"href":"https:\/\/www.upo.es\/diario\/wp-json\/wp\/v2\/categories?post=3424043"},{"taxonomy":"post_tag","embeddable":true,"href":"https:\/\/www.upo.es\/diario\/wp-json\/wp\/v2\/tags?post=3424043"}],"curies":[{"name":"wp","href":"https:\/\/api.w.org\/{rel}","templated":true}]}}