{"id":3434075,"date":"2014-04-08T09:01:09","date_gmt":"2014-04-08T09:01:09","guid":{"rendered":"https:\/\/www.upo.es\/diario\/?p=3434075"},"modified":"2014-04-08T09:01:09","modified_gmt":"2014-04-08T09:01:09","slug":"el-rector-de-la-upo-apuesta-por-una-justicia-de-proximidad-donde-la-mediacion-este-al-servicio-de-los-ciudadanos","status":"publish","type":"post","link":"https:\/\/www.upo.es\/diario\/institucional\/2014\/04\/el-rector-de-la-upo-apuesta-por-una-justicia-de-proximidad-donde-la-mediacion-este-al-servicio-de-los-ciudadanos\/","title":{"rendered":"El rector de la UPO apuesta por una justicia de proximidad donde la mediaci\u00f3n est\u00e9 al servicio de los ciudadanos"},"content":{"rendered":"<figure id=\"attachment_3434076\" aria-describedby=\"caption-attachment-3434076\" style=\"width: 320px\" class=\"wp-caption alignright\"><a href=\"https:\/\/www.upo.es\/diario\/wp-content\/uploads\/2014\/04\/xi_jornadas_mediacion_2014-011.jpg\"><img loading=\"lazy\" decoding=\"async\" class=\"size-medium wp-image-3434076\" alt=\"El rector, Vicente Guzm\u00e1n, junto con Beltr\u00e1n P\u00e9rez, delegado de Participaci\u00f3n Ciudadana del Ayuntamiento de Sevilla, y Javier Al\u00e9s, profesor de Derecho Administrativo de la UPO inauguraron las jornadas\" src=\"https:\/\/www.upo.es\/diario\/wp-content\/uploads\/2014\/04\/xi_jornadas_mediacion_2014-011-320x213.jpg\" width=\"320\" height=\"213\" srcset=\"https:\/\/www.upo.es\/diario\/wp-content\/uploads\/2014\/04\/xi_jornadas_mediacion_2014-011-320x213.jpg 320w, https:\/\/www.upo.es\/diario\/wp-content\/uploads\/2014\/04\/xi_jornadas_mediacion_2014-011-600x400.jpg 600w, https:\/\/www.upo.es\/diario\/wp-content\/uploads\/2014\/04\/xi_jornadas_mediacion_2014-011.jpg 700w\" sizes=\"auto, (max-width: 320px) 100vw, 320px\" \/><\/a><figcaption id=\"caption-attachment-3434076\" class=\"wp-caption-text\">El rector, Vicente Guzm\u00e1n, junto con Beltr\u00e1n P\u00e9rez, delegado de Participaci\u00f3n Ciudadana del Ayuntamiento de Sevilla, y Javier Al\u00e9s, profesor de Derecho Administrativo de la UPO, inauguraron las jornadas<\/figcaption><\/figure>\n<p style=\"text-align: justify;\">El rector de la Universida Pablo de Olavide, Vicente Guzm\u00e1n, inaugur\u00f3 en la tarde de ayer las \u201cXI Jornadas Presente y Futuro de la Mediaci\u00f3n en Espa\u00f1a\u201d, un encuentro que se celebrar\u00e1 hasta el pr\u00f3ximo mi\u00e9rcoles, 9 de abril, y que ha sido organizado por el Departamento de Derecho P\u00fablico de la UPO a trav\u00e9s del \u00c1rea de Formaci\u00f3n Permanente. En el acto oficial, el rector estuvo acompa\u00f1ado por Beltr\u00e1n P\u00e9rez, delegado de Participaci\u00f3n Ciudadana del Ayuntamiento de Sevilla, y Javier Al\u00e9s, profesor de Derecho Administrativo de la UPO y director acad\u00e9mico de las presentes jornadas.<\/p>\n<p style=\"text-align: justify;\">Durante su intervenci\u00f3n, el rector apost\u00f3 por la creaci\u00f3n de sistemas integrales de soluci\u00f3n de conflictos donde la mediaci\u00f3n desempe\u00f1a un papel fundamental ya que \u201cla cultura de evitar el conficto es una tarea ingente pero necesaria\u201d. Adem\u00e1s, destac\u00f3 la importancia de \u201cuna justicia de proximidad que permita poner al alncace de los ciudadanos recursos como la mediaci\u00f3n para que la resoluci\u00f3n de sus problemas se realice de la manera m\u00e1s emp\u00e1tica posible\u201d. Y en este sentido, aplaudi\u00f3 las iniciativas que se est\u00e1n impulsando desde las administraciones p\u00fablicas como el Ayuntamiento de Sevilla.<\/p>\n<p style=\"text-align: justify;\">Por su parte, Javier Al\u00e9s explic\u00f3 que las jornadas deben ser un espacio de debate de car\u00e1cter multidisciplinar que permita que los profesionales de la mediaci\u00f3n compartan sus experiencias en este \u00e1mbito, logrando dise\u00f1ar un modelo andaluz. Asimismo, afirm\u00f3 que se tratar\u00e1 de sensibilizar a la sociedad andaluza de la necesidad de este procedimiento de atenci\u00f3n a los distintos sectores en conflicto, para conseguir que se pueda hablar en un futuro de la cultura del acuerdo, abandonando la mentalidad del litigio y la confrontaci\u00f3n.<\/p>\n<p style=\"text-align: justify;\">Por \u00faltimo, Beltr\u00e1n P\u00e9rez felicit\u00f3 a la Universidad Pablo de Olavide por alcanzar ya la und\u00e9cima edici\u00f3n y anim\u00f3 a todos los asistentes al encuentro a quienes les dijo que eran \u201cpieza clave para el futuro de esta ciudad ya que cada d\u00eda es m\u00e1s necesaria una sociedad que tiene que entenderse y avanzar a trav\u00e9s del acuerdo\u201d.<\/p>\n<p style=\"text-align: justify;\">Tras el acto de inauguraci\u00f3n, Jos\u00e9 Luis Utrera G\u00f3mez, magistrado-juez de Familia, imparti\u00f3 la primera conferencia bajo el t\u00edtulo \u201cLa mediaci\u00f3n como instituci\u00f3n jur\u00eddica: Nuevos retos para operadores jur\u00eddicos, mediadores y administraciones\u201d.<\/p>\n<p style=\"text-align: justify;\">Druante tres d\u00edas, m\u00e1s de 200 profesionales asistir\u00e1n a este encuentro, entre los que se encuentran mediadores familiares, jueces, abogados, trabajadores sociales, psic\u00f3logos, educadores sociales, orientadores, pedagogos, psicopedagogos, profesores, estudiantes y otros agentes sociales.<\/p>\n<p style=\"text-align: justify;\">Entre los temas que se tratar\u00e1n figuran las novedades legislativas producidas en nuestro pa\u00eds y nuestra comunidad aut\u00f3noma, como el Decreto Ley de Mediaci\u00f3n en el \u00c1mbito Civil y Mercantil de diciembre de 2013 y la reciente apertura del Registro de Mediadores Nacionales el 1 de abril de 2014.<\/p>\n<p style=\"text-align: justify;\">Estas jornadas han sido dise\u00f1adas entendiendo que la mediaci\u00f3n, como herramienta de soluci\u00f3n de conflictos, debe concebirse como cultura. \u201cEl \u00e9xito de participaci\u00f3n de estas jornadas refuerza el concepto cultural de la mediaci\u00f3n, ya que pone de manifiesto que son muchos los interesados en aprender a desarrollar sus habilidades para aplicar estas t\u00e9cnicas en la resoluci\u00f3n de problemas\u201d, explica el director de las jornadas.<\/p>\n<p style=\"text-align: justify;\">Asimismo, Javier Al\u00e9s asegura que la importancia de la mediaci\u00f3n es inminente, al tiempo que apuesta por extenderla de forma progresiva a todos los \u00f3rdenes jurisdiccionales, ya que se ha demostrado que la resoluci\u00f3n de conflictos en cualquier \u00e1mbito aumenta la eficacia y celeridad de la Administraci\u00f3n de Justicia.<\/p>\n<p style=\"text-align: justify;\">A lo largo de las jornadas se desarrollar\u00e1n conferencias y talleres impartidos por especialistas de distintas \u00e1reas de conocimiento relacionadas con la mediaci\u00f3n, entre los que destacan Julio Fuentes, subdirector general de Pol\u00edticas Legislativas del Ministerio de Justicia; Jos\u00e9 Miguel Valle, profesor de la Escuela de Negociaci\u00f3n de Salamanca; Mar\u00eda Teresa Garc\u00eda, de Solucion@ y Alfonso Fabregat, de Acuerdo Justo de Alicante, entre otros.<\/p>\n<p style=\"text-align: justify;\">El encuentro cuenta con la colaboraci\u00f3n de la Fundaci\u00f3n Cereco de Argentina (Tucum\u00e1n), The World Forum Mediation, el Ayuntamiento de Sevilla, la Universidad de Granada, la Revista Universitaria Mediatio, la Asociaci\u00f3n Andaluza de Mediaci\u00f3n Familiar y la Escuela Sevillana de Mediaci\u00f3n, entre otras entidades.<\/p>\n<p style=\"text-align: justify;\">M\u00e1s informaci\u00f3n en <a href=\"http:\/\/bit.ly\/1hbrkpG\">http:\/\/bit.ly\/1hbrkpG<\/a><\/p>\n","protected":false},"excerpt":{"rendered":"<p>El rector de la Universida Pablo de Olavide, Vicente Guzm\u00e1n, inaugur\u00f3 en la tarde de ayer las \u201cXI Jornadas Presente y Futuro de la Mediaci\u00f3n en Espa\u00f1a\u201d, un encuentro que se celebrar\u00e1 hasta el pr\u00f3ximo mi\u00e9rcoles, 9 de abril, y que ha sido organizado por el Departamento de Derecho P\u00fablico de la UPO a trav\u00e9s del \u00c1rea de Formaci\u00f3n Permanente. En el acto oficial, el rector estuvo acompa\u00f1ado por Beltr\u00e1n P\u00e9rez, delegado de Participaci\u00f3n Ciudadana del Ayuntamiento de Sevilla, y Javier Al\u00e9s, profesor de Derecho Administrativo de la UPO y director acad\u00e9mico de las presentes jornadas.<\/p>\n","protected":false},"author":4,"featured_media":0,"comment_status":"closed","ping_status":"open","sticky":false,"template":"","format":"standard","meta":{"_monsterinsights_skip_tracking":false,"_monsterinsights_sitenote_active":false,"_monsterinsights_sitenote_note":"","_monsterinsights_sitenote_category":0,"footnotes":""},"categories":[6],"tags":[777,84,157,38],"class_list":["post-3434075","post","type-post","status-publish","format-standard","hentry","category-institucional","tag-javier-ales","tag-jornadas","tag-mediacion","tag-rector"],"_links":{"self":[{"href":"https:\/\/www.upo.es\/diario\/wp-json\/wp\/v2\/posts\/3434075","targetHints":{"allow":["GET"]}}],"collection":[{"href":"https:\/\/www.upo.es\/diario\/wp-json\/wp\/v2\/posts"}],"about":[{"href":"https:\/\/www.upo.es\/diario\/wp-json\/wp\/v2\/types\/post"}],"author":[{"embeddable":true,"href":"https:\/\/www.upo.es\/diario\/wp-json\/wp\/v2\/users\/4"}],"replies":[{"embeddable":true,"href":"https:\/\/www.upo.es\/diario\/wp-json\/wp\/v2\/comments?post=3434075"}],"version-history":[{"count":1,"href":"https:\/\/www.upo.es\/diario\/wp-json\/wp\/v2\/posts\/3434075\/revisions"}],"predecessor-version":[{"id":3434077,"href":"https:\/\/www.upo.es\/diario\/wp-json\/wp\/v2\/posts\/3434075\/revisions\/3434077"}],"wp:attachment":[{"href":"https:\/\/www.upo.es\/diario\/wp-json\/wp\/v2\/media?parent=3434075"}],"wp:term":[{"taxonomy":"category","embeddable":true,"href":"https:\/\/www.upo.es\/diario\/wp-json\/wp\/v2\/categories?post=3434075"},{"taxonomy":"post_tag","embeddable":true,"href":"https:\/\/www.upo.es\/diario\/wp-json\/wp\/v2\/tags?post=3434075"}],"curies":[{"name":"wp","href":"https:\/\/api.w.org\/{rel}","templated":true}]}}