{"id":3448144,"date":"2014-04-09T01:46:26","date_gmt":"2014-04-09T01:46:26","guid":{"rendered":"https:\/\/www.upo.es\/diario\/?p=3448144"},"modified":"2014-04-10T13:00:56","modified_gmt":"2014-04-10T13:00:56","slug":"manana-en-la-upo-conferencia-sobre-los-movimientos-antipoliticos-en-italia","status":"publish","type":"post","link":"https:\/\/www.upo.es\/diario\/institucional\/2014\/04\/manana-en-la-upo-conferencia-sobre-los-movimientos-antipoliticos-en-italia\/","title":{"rendered":"Ma\u00f1ana en la UPO, conferencia sobre los movimientos antipol\u00edticos en Italia"},"content":{"rendered":"<figure id=\"attachment_3449679\" aria-describedby=\"caption-attachment-3449679\" style=\"width: 320px\" class=\"wp-caption alignleft\"><img loading=\"lazy\" decoding=\"async\" class=\"size-full wp-image-3449679\" alt=\"Beppe Grillo in Turin (2010)Foto: Giorgio Brida\" src=\"https:\/\/www.upo.es\/diario\/wp-content\/uploads\/2014\/04\/320px-Beppe_To_2010.jpg\" width=\"320\" height=\"213\" \/><figcaption id=\"caption-attachment-3449679\" class=\"wp-caption-text\">Beppe Grillo in Turin (2010)<br \/>Foto: Giorgio Brida<\/figcaption><\/figure>\n<p style=\"text-align: justify;\">Ma\u00f1ana jueves, <strong>de 12 a 14 horas y por la tarde de 16 a 18 horas, en el aula 7 del edificio 11<\/strong>, el profesor y doctor <strong>Gianluca Vagnarelli<\/strong>, de la Universidad italiana de Macerata, impartir\u00e1 dos conferencias sobre los <strong>\u201cMovimientos antipol\u00edticos y liderazgos: el caso del Movimiento de Beppe Grillo en Italia\u201d<\/strong>, que se desarrollan en el marco de su estancia Erasmus de Movilidad Docente.<\/p>\n<p style=\"text-align: justify;\">El tema principal de las conferencias ser\u00e1 la antipol\u00edtica, un concepto dif\u00edcil de definir dada su creciente popularidad en el discurso p\u00fablico. En Italia y otros pa\u00edses se extiende su uso a fen\u00f3menos muy diferenciados, lo cual aumenta la confusi\u00f3n sem\u00e1ntica en torno a este t\u00e9rmino. Fen\u00f3menos como el populismo, la ret\u00f3rica antiestatal, la etnizaci\u00f3n del conflicto, el descontento con los partidos y la representaci\u00f3n pol\u00edtica y el retorno a m\u00faltiples formas de irracionalismo se agrupan a menudo bajo la definici\u00f3n de la antipol\u00edtica. Debido a estas dificultades, sin embargo, no podemos limitarnos a llevar la antipol\u00edtica a un mero derivado de la pol\u00edtica y su crisis. Sin embargo, merece la pena analizar los rasgos peculiares y distintivos de la antipol\u00edtica, as\u00ed como analizar los casos emp\u00edricos en los que se manifiesta. Partiendo de esta base, en las conferencias se analizar\u00e1 el caso concreto del movimiento antipol\u00edtico liderado por Beppe Grillo en Italia en los \u00faltimos tiempos: el denominado Movimiento Cinco Estrellas.<\/p>\n<p style=\"text-align: justify;\">Gianluca Vagnarelli es doctor en Teor\u00eda del Derecho y de la Pol\u00edtica por la Universidad de Macerata (Italia). Actualmente, desarrolla sus l\u00edneas de investigaci\u00f3n dentro de la Teor\u00eda Pol\u00edtica francesa de la segunda mitad del siglo XX, en la que estudia los innovadores enfoques sobre el poder pol\u00edtico de Jean Paul Sartre y Michel Foucault, analizando la superaci\u00f3n del enfoque jur\u00eddico predominante en la tradici\u00f3n occidental de la Teor\u00eda Pol\u00edtica. Asimismo, el doctor Vagnarelli imparte docencia en la Universidad de Macerata en las asignaturas An\u00e1lisis del Lenguaje Pol\u00edtico, y Teor\u00eda y Pr\u00e1ctica de la Ciudadan\u00eda. Entre sus \u00faltimas obras destacan \u201cMedicalizaci\u00f3n, vigilancia y biopol\u00edtica. A partir de Foucault\u201d (2012); \u201cLa democracia turbulenta. Sobre la filosof\u00eda pol\u00edtica de Jean Paul Sartre\u201d (2010), y \u201cSartre y el siglo XX\u201d (2011).<\/p>\n","protected":false},"excerpt":{"rendered":"<p>Ma\u00f1ana jueves, de 12 a 14 horas y por la tarde de 16 a 18 horas, en el aula 7 del edificio 11, el profesor y doctor Gianluca Vagnarelli, de la Universidad italiana de Macerata, impartir\u00e1 dos conferencias sobre los \u201cMovimientos antipol\u00edticos y liderazgos: el caso del Movimiento de Beppe Grillo en Italia\u201d, que se desarrollan en el marco de su estancia Erasmus de Movilidad Docente.<\/p>\n","protected":false},"author":4,"featured_media":0,"comment_status":"closed","ping_status":"open","sticky":false,"template":"","format":"standard","meta":{"_monsterinsights_skip_tracking":false,"_monsterinsights_sitenote_active":false,"_monsterinsights_sitenote_note":"","_monsterinsights_sitenote_category":0,"footnotes":""},"categories":[6],"tags":[227,144,982,76],"class_list":["post-3448144","post","type-post","status-publish","format-standard","hentry","category-institucional","tag-conferencia","tag-crisis","tag-italia","tag-politica"],"_links":{"self":[{"href":"https:\/\/www.upo.es\/diario\/wp-json\/wp\/v2\/posts\/3448144","targetHints":{"allow":["GET"]}}],"collection":[{"href":"https:\/\/www.upo.es\/diario\/wp-json\/wp\/v2\/posts"}],"about":[{"href":"https:\/\/www.upo.es\/diario\/wp-json\/wp\/v2\/types\/post"}],"author":[{"embeddable":true,"href":"https:\/\/www.upo.es\/diario\/wp-json\/wp\/v2\/users\/4"}],"replies":[{"embeddable":true,"href":"https:\/\/www.upo.es\/diario\/wp-json\/wp\/v2\/comments?post=3448144"}],"version-history":[{"count":9,"href":"https:\/\/www.upo.es\/diario\/wp-json\/wp\/v2\/posts\/3448144\/revisions"}],"predecessor-version":[{"id":3461794,"href":"https:\/\/www.upo.es\/diario\/wp-json\/wp\/v2\/posts\/3448144\/revisions\/3461794"}],"wp:attachment":[{"href":"https:\/\/www.upo.es\/diario\/wp-json\/wp\/v2\/media?parent=3448144"}],"wp:term":[{"taxonomy":"category","embeddable":true,"href":"https:\/\/www.upo.es\/diario\/wp-json\/wp\/v2\/categories?post=3448144"},{"taxonomy":"post_tag","embeddable":true,"href":"https:\/\/www.upo.es\/diario\/wp-json\/wp\/v2\/tags?post=3448144"}],"curies":[{"name":"wp","href":"https:\/\/api.w.org\/{rel}","templated":true}]}}