{"id":3448658,"date":"2014-04-09T00:47:28","date_gmt":"2014-04-09T00:47:28","guid":{"rendered":"https:\/\/www.upo.es\/diario\/?p=3448658"},"modified":"2014-04-10T12:54:17","modified_gmt":"2014-04-10T12:54:17","slug":"la-semana-verde-de-la-upo-continua-manana-con-un-taller-de-esculturas-ensambladas","status":"publish","type":"post","link":"https:\/\/www.upo.es\/diario\/institucional\/2014\/04\/la-semana-verde-de-la-upo-continua-manana-con-un-taller-de-esculturas-ensambladas\/","title":{"rendered":"La Semana Verde de la UPO contin\u00faa ma\u00f1ana con un taller de esculturas ensambladas"},"content":{"rendered":"<figure id=\"attachment_3448659\" aria-describedby=\"caption-attachment-3448659\" style=\"width: 320px\" class=\"wp-caption alignright\"><a href=\"https:\/\/www.upo.es\/diario\/wp-content\/uploads\/2014\/04\/recicla-musica01.jpg\"><img loading=\"lazy\" decoding=\"async\" class=\"size-medium wp-image-3448659\" alt=\"Taller de percusi\u00f3n 'Reciclam\u00fasica', hoy en la UPO\" src=\"https:\/\/www.upo.es\/diario\/wp-content\/uploads\/2014\/04\/recicla-musica01-320x213.jpg\" width=\"320\" height=\"213\" srcset=\"https:\/\/www.upo.es\/diario\/wp-content\/uploads\/2014\/04\/recicla-musica01-320x213.jpg 320w, https:\/\/www.upo.es\/diario\/wp-content\/uploads\/2014\/04\/recicla-musica01-1024x682.jpg 1024w, https:\/\/www.upo.es\/diario\/wp-content\/uploads\/2014\/04\/recicla-musica01-600x399.jpg 600w\" sizes=\"auto, (max-width: 320px) 100vw, 320px\" \/><\/a><figcaption id=\"caption-attachment-3448659\" class=\"wp-caption-text\">Taller de percusi\u00f3n &#8216;Reciclam\u00fasica&#8217;, hoy en la UPO<\/figcaption><\/figure>\n<p>Ma\u00f1ana jueves, 10 de abril, la comunidad universitaria podr\u00e1 asistir a las actividades con las que contin\u00faa la VIII edici\u00f3n de la <a href=\"http:\/\/www.upo.es\/semanaverde\/\">Semana Verde<\/a> de la Universidad Pablo de Olavide: A las 10 horas y hasta las 13:30 en la Plaza de Am\u00e9rica comenzar\u00e1 el taller<b> \u201cEsculturas ensambladas\u201d<\/b>, donde Luis Cruz ense\u00f1ar\u00e1 c\u00f3mo reutilizar materiales y residuos con intenci\u00f3n art\u00edstica, y se celebrar\u00e1 la charla<b> \u201cAlimentaci\u00f3n sana para un mundo consciente\u201d<\/b>, impartida por Paloma Gonz\u00e1lez, de 12 a 14 horas, en el aula 107 del edificio 45. Ser\u00e1n las \u00faltimas actividades que se realizan cada jornada con motivo de la Semana Verde, que a\u00fan contin\u00faa con las actividades previstas para toda la semana y que estar\u00e1n hasta el viernes 11.<\/p>\n<p>Hoy mi\u00e9rcoles ha tenido lugar el taller<b> \u201cReciclam\u00fasica\u201d<\/b>, un taller de percusi\u00f3n y construcci\u00f3n de instrumentos con envases y vidrio en la Plaza de Andaluc\u00eda. Tambi\u00e9n se ha llevado a cabo \u201c<b>Experiencias urbanas sostenibles\u201d<\/b>, una actividad colectiva para mostrar alternativas sostenibles \u00fatiles para la sociedad y que ha contado con un \u201c<b>Video-Forum\u201d<\/b> seguido de una \u201c<b>Mesa de experiencias\u201d, <\/b>donde se han comentado los aspectos del v\u00eddeo.<\/p>\n<p>Adem\u00e1s, contin\u00faan a lo largo de toda la Semana Verde las actividades \u201cMercadillo del trueque\u201d, el \u201cStand del Comit\u00e9 de Calidad y Certificaci\u00f3n\u201d y la exposici\u00f3n \u201cMujeres y medio ambiente\u201d. El \u201c<b>Mercadillo del trueque\u201d<\/b>, disponible de 10 a 14 horas en la entrada del Edificio Celestino Mutis, es una iniciativa propuesta por el alumnado del curso de formaci\u00f3n en Educaci\u00f3n y Voluntariado Ambiental y para cuya participaci\u00f3n s\u00f3lo hace falta traer art\u00edculos como libros, camisetas, pa\u00f1uelos, bolsos, carpetas o joyeros; los encargados tasar\u00e1n tu art\u00edculo y podr\u00e1s cambiarlo por otro que tenga el mismo valor. En el \u201c<b>Stand del Comit\u00e9 de Calidad y Certificaci\u00f3n\u201d<\/b>, tambi\u00e9n en la entrada del Edificio Celestino Mutis y casi con el mismo horario (de 10 a 13:30 horas), se da informaci\u00f3n sobre el Sistema de Gesti\u00f3n Ambiental del campus, as\u00ed como sobre la certificaci\u00f3n de la Facultad de Ciencias Experimentales. Y por \u00faltimo, la exposici\u00f3n semanal \u201c<b>Mujeres y medio ambiente<\/b>, en la sala de exposiciones de la Biblioteca durante todo el d\u00eda, una exposici\u00f3n que tiene por objetivo comunicar temas ambientales desde una perspectiva de g\u00e9nero para evidenciar la necesidad de que las mujeres tambi\u00e9n est\u00e9n presentes en la toma de decisiones y en la definici\u00f3n de nuevas estrategias de relaci\u00f3n con el medio ambiente.<\/p>\n<p><a href=\"https:\/\/www.upo.es\/diario\/wp-content\/uploads\/2014\/04\/semana-verde-300.png\"><img loading=\"lazy\" decoding=\"async\" class=\"alignleft size-full wp-image-3436611\" alt=\"semana-verde-300\" src=\"https:\/\/www.upo.es\/diario\/wp-content\/uploads\/2014\/04\/semana-verde-300.png\" width=\"300\" height=\"213\" \/><\/a>Todas estas actividades, abiertas a la comunidad universitaria y a la poblaci\u00f3n en general, est\u00e1n organizadas por el Vicerrectorado de Cultura, Participaci\u00f3n y Compromiso Social, a trav\u00e9s de su l\u00ednea de actuaci\u00f3n de Salud Integral y Medio Ambiente, con el apoyo de la <a href=\"http:\/\/www.juntadeandalucia.es\/organismos\/agriculturapescaymedioambiente.html\">Consejer\u00eda de Agricultura, Pesca y Medio Ambiente<\/a> en el marco del Convenio Andaluc\u00eda Ecocampus firmado en el a\u00f1o 2010.<\/p>\n<p>M\u00e1s informaci\u00f3n: <strong><a href=\"http:\/\/www.upo.es\/semanaverde\/\">www.upo.es\/semanaverde\/<\/a><\/strong><\/p>\n<p align=\"center\"><b>VIII SEMANA VERDE <\/b><\/p>\n<p align=\"center\"><b>Universidad Pablo de Olavide &#8211;\u00a0<\/b><b>\u00a07 al 11 de Abril<\/b><\/p>\n<table width=\"659\" border=\"0\" cellspacing=\"0\" cellpadding=\"0\">\n<tbody>\n<tr>\n<td valign=\"top\" width=\"149\">\n<p align=\"center\"><b>Lunes 7<\/b><\/p>\n<\/td>\n<td valign=\"top\" width=\"132\">\n<p align=\"center\"><b>Martes 8<\/b><\/p>\n<\/td>\n<td valign=\"top\" width=\"132\">\n<p align=\"center\"><b>Mi\u00e9rcoles 9<\/b><\/p>\n<\/td>\n<td valign=\"top\" width=\"151\">\n<p align=\"center\"><b>Jueves 10<\/b><\/p>\n<\/td>\n<td valign=\"top\" width=\"94\">\n<p align=\"center\"><b>Viernes 11<\/b><\/p>\n<\/td>\n<\/tr>\n<tr>\n<td colspan=\"5\" valign=\"top\" width=\"659\">\n<p align=\"center\"><b>\u00a0<\/b><\/p>\n<p align=\"center\"><b>Sala de exposiciones de la Biblioteca. Edificio 25. Durante todo el d\u00eda.<\/b><\/p>\n<p align=\"center\">Exposici\u00f3n \u201cMujeres y Medio Ambiente\u201d<\/p>\n<p align=\"center\"><b>\u00a0<\/b><\/p>\n<\/td>\n<\/tr>\n<tr>\n<td colspan=\"5\" valign=\"top\" width=\"659\">\n<p align=\"center\"><b>\u00a0<\/b><\/p>\n<p align=\"center\"><b>10:00-14:00 \/ 10:00-13:30<\/b><\/p>\n<p align=\"center\"><b>Pasaje de la Ilustraci\u00f3n- Entrada Edificio Celestino Mutis<\/b><\/p>\n<p align=\"center\">Mercadillo del trueque Y Stand del Comit\u00e9 de Calidad de la Facultad de Ciencias Experimentales<\/p>\n<p align=\"center\"><b>\u00a0<\/b><\/p>\n<\/td>\n<\/tr>\n<tr>\n<td valign=\"top\" width=\"149\">\n<p align=\"center\"><b>10:00-18:00<\/b><\/p>\n<p align=\"center\"><b>Entrada Edificio Celestino Mutis<\/b><\/p>\n<p>&nbsp;<\/p>\n<p align=\"center\">TALLERES DE RECICLAJE CREATIVO, JUEGOS, EXPOSICI\u00d3N \u201cRECAPACICLA\u201d, PUNTO DE INFORMACI\u00d3N Y RINC\u00d3N DEL OCIO<\/p>\n<\/td>\n<td valign=\"top\" width=\"132\">\n<p align=\"center\"><b>10:00-13:30<\/b><\/p>\n<p align=\"center\"><b>Plaza de Andaluc\u00eda. Celestino Mutis planta s\u00f3tano<\/b><\/p>\n<p align=\"center\"><b>\u00a0<\/b><\/p>\n<p align=\"center\">Taller de Creaci\u00f3n con Vidrios ensamblado<\/p>\n<\/td>\n<td valign=\"top\" width=\"132\">\n<p align=\"center\"><b>10:00-13:30<\/b><\/p>\n<p align=\"center\"><b>Plaza de Andaluc\u00eda. Celestino Mutis planta s\u00f3tano<\/b><\/p>\n<p align=\"center\">Taller de Percusi\u00f3n \u201cReciclam\u00fasica\u201d<\/p>\n<\/td>\n<td valign=\"top\" width=\"151\"><b>\u00a0\u00a0\u00a0\u00a0\u00a0\u00a0\u00a0\u00a0\u00a0\u00a0\u00a0 10:00-13:30<\/b><\/p>\n<p align=\"center\"><b>Plaza de Am\u00e9rica. Celestino Mutis planta s\u00f3tano<\/b><\/p>\n<p align=\"center\">Taller escult\u00f3rico \u201cEsculturas Ensambladas\u201d<\/p>\n<p align=\"center\"><b>\u00a0<\/b><\/p>\n<\/td>\n<td rowspan=\"2\" valign=\"top\" width=\"94\"><\/td>\n<\/tr>\n<tr>\n<td valign=\"top\" width=\"149\">\n<p align=\"center\"><b>12:00-13:30<\/b><\/p>\n<p align=\"center\"><b>Aula 107, edificio 45<\/b><\/p>\n<p align=\"center\">charla \u201cNuestra huella ecol\u00f3gica: sostenibilidad y decrecimiento\u201d<\/p>\n<\/td>\n<td valign=\"top\" width=\"132\">\n<p align=\"center\"><b>11:00-13:30<\/b><\/p>\n<p align=\"center\"><b>Plaza de Andaluc\u00eda<\/b><\/p>\n<p align=\"center\"><b>\u00a0<\/b><\/p>\n<p align=\"center\">taller \u201cMovilidad sostenible: aprende a arreglar tu bicicleta\u201d<\/p>\n<\/td>\n<td valign=\"top\" width=\"132\">\n<p align=\"center\"><b>10:30-11:30 \/ 11:45-14:00<\/b><\/p>\n<p align=\"center\"><b>Aula 107, edificio 45<\/b><\/p>\n<p align=\"center\"><b>\u00a0<\/b><\/p>\n<p align=\"center\">Experiencias Urbanas Sostenibles:<\/p>\n<p align=\"center\">-Video-Forum<\/p>\n<p align=\"center\">-Mesa de Experiencias<\/p>\n<\/td>\n<td valign=\"top\" width=\"151\">\n<p align=\"center\"><b>12:0-14:00<\/b><\/p>\n<p align=\"center\"><b>Aula 107, edificio 45<\/b><\/p>\n<p align=\"center\">Charla \u201calimentaci\u00f3n para un mundo consciente\u201d<\/p>\n<\/td>\n<\/tr>\n<\/tbody>\n<\/table>\n","protected":false},"excerpt":{"rendered":"<p>Ma\u00f1ana jueves, 10 de abril, la comunidad universitaria podr\u00e1 asistir a las actividades con las que contin\u00faa la VIII edici\u00f3n de la Semana Verde de la Universidad Pablo de Olavide: A las 10 horas y hasta las 13:30 en la Plaza de Am\u00e9rica comenzar\u00e1 el taller \u201cEsculturas ensambladas\u201d, donde Luis Cruz ense\u00f1ar\u00e1 c\u00f3mo reutilizar materiales y residuos con intenci\u00f3n art\u00edstica, y se celebrar\u00e1 la charla \u201cAlimentaci\u00f3n sana para un mundo consciente\u201d, impartida por Paloma Gonz\u00e1lez, de 12 a 14 horas, en el aula 107 del edificio 45. Ser\u00e1n las \u00faltimas actividades que se realizan cada jornada con motivo de la Semana Verde, que a\u00fan contin\u00faa con las actividades previstas para toda la semana y que estar\u00e1n hasta el viernes 11.<\/p>\n","protected":false},"author":6,"featured_media":0,"comment_status":"closed","ping_status":"open","sticky":false,"template":"","format":"standard","meta":{"_monsterinsights_skip_tracking":false,"_monsterinsights_sitenote_active":false,"_monsterinsights_sitenote_note":"","_monsterinsights_sitenote_category":0,"footnotes":""},"categories":[6],"tags":[265,194,394,447,441,549,1265],"class_list":["post-3448658","post","type-post","status-publish","format-standard","hentry","category-institucional","tag-arte","tag-ecologia","tag-participacion-social","tag-reciclaje","tag-semana-verde","tag-talleres","tag-vicerrectorado-de-estudiantes-cultura-y-compromiso-social"],"_links":{"self":[{"href":"https:\/\/www.upo.es\/diario\/wp-json\/wp\/v2\/posts\/3448658","targetHints":{"allow":["GET"]}}],"collection":[{"href":"https:\/\/www.upo.es\/diario\/wp-json\/wp\/v2\/posts"}],"about":[{"href":"https:\/\/www.upo.es\/diario\/wp-json\/wp\/v2\/types\/post"}],"author":[{"embeddable":true,"href":"https:\/\/www.upo.es\/diario\/wp-json\/wp\/v2\/users\/6"}],"replies":[{"embeddable":true,"href":"https:\/\/www.upo.es\/diario\/wp-json\/wp\/v2\/comments?post=3448658"}],"version-history":[{"count":6,"href":"https:\/\/www.upo.es\/diario\/wp-json\/wp\/v2\/posts\/3448658\/revisions"}],"predecessor-version":[{"id":3461788,"href":"https:\/\/www.upo.es\/diario\/wp-json\/wp\/v2\/posts\/3448658\/revisions\/3461788"}],"wp:attachment":[{"href":"https:\/\/www.upo.es\/diario\/wp-json\/wp\/v2\/media?parent=3448658"}],"wp:term":[{"taxonomy":"category","embeddable":true,"href":"https:\/\/www.upo.es\/diario\/wp-json\/wp\/v2\/categories?post=3448658"},{"taxonomy":"post_tag","embeddable":true,"href":"https:\/\/www.upo.es\/diario\/wp-json\/wp\/v2\/tags?post=3448658"}],"curies":[{"name":"wp","href":"https:\/\/api.w.org\/{rel}","templated":true}]}}