{"id":3461277,"date":"2014-04-10T12:10:08","date_gmt":"2014-04-10T12:10:08","guid":{"rendered":"https:\/\/www.upo.es\/diario\/?p=3461277"},"modified":"2014-04-11T07:01:23","modified_gmt":"2014-04-11T07:01:23","slug":"estudiantes-de-la-universidad-pablo-de-olavide-haran-practicas-en-la-mutua-fraternidad-muprespa","status":"publish","type":"post","link":"https:\/\/www.upo.es\/diario\/institucional\/2014\/04\/estudiantes-de-la-universidad-pablo-de-olavide-haran-practicas-en-la-mutua-fraternidad-muprespa\/","title":{"rendered":"Estudiantes de la Universidad Pablo de Olavide har\u00e1n pr\u00e1cticas en la mutua Fraternidad Muprespa"},"content":{"rendered":"<figure id=\"attachment_3461278\" aria-describedby=\"caption-attachment-3461278\" style=\"width: 320px\" class=\"wp-caption alignleft\"><img loading=\"lazy\" decoding=\"async\" class=\"size-medium wp-image-3461278\" alt=\"El rector de la Universidad Pablo de Olavide, Vicente Guzm\u00e1n, y la directora provincial de Fraternidad Muprespa, Lola Jariego, han firmado esta ma\u00f1ana un convenio de cooperaci\u00f3n educativa\" src=\"https:\/\/www.upo.es\/diario\/wp-content\/uploads\/2014\/04\/conv-muprespa-320x213.jpg\" width=\"320\" height=\"213\" srcset=\"https:\/\/www.upo.es\/diario\/wp-content\/uploads\/2014\/04\/conv-muprespa-320x213.jpg 320w, https:\/\/www.upo.es\/diario\/wp-content\/uploads\/2014\/04\/conv-muprespa-1024x682.jpg 1024w, https:\/\/www.upo.es\/diario\/wp-content\/uploads\/2014\/04\/conv-muprespa-600x400.jpg 600w\" sizes=\"auto, (max-width: 320px) 100vw, 320px\" \/><figcaption id=\"caption-attachment-3461278\" class=\"wp-caption-text\">El rector de la UPO, Vicente Guzm\u00e1n, y la directora provincial de Fraternidad Muprespa, Lola Jariego<\/figcaption><\/figure>\n<p>El rector de la Universidad Pablo de Olavide, Vicente Guzm\u00e1n Fluja, y la directora provincial de Fraternidad Muprespa, Lola Jariego Oyola, en representaci\u00f3n de Manuel Porr\u00faa Garc\u00eda, director del Centro de Recursos Humanos de dicha entidad, han firmado esta ma\u00f1ana un convenio de cooperaci\u00f3n educativa por el cual los<strong> estudiantes de grado y postgrado de la UPO podr\u00e1n hacer pr\u00e1cticas profesionales en esta mutua de accidentes de trabajo y enfermedades profesionale<\/strong>s.<\/p>\n<p>Durante el acto, el rector ha destacado la apuesta de la Universidad Pablo de Olavide por la formaci\u00f3n pr\u00e1ctica de sus estudiantes, a trav\u00e9s de la cual complementan su formaci\u00f3n acad\u00e9mica y adquieren una experiencia valiosa para su futura incorporaci\u00f3n al mercado laboral. En este sentido, ha subrayado la importancia del acuerdo ya que permitir\u00e1 contar con las instalaciones y los profesionales de esta mutua. Asimismo, el rector ha expresado su deseo de que este convenio sea un primer paso para desarrollar nuevos proyectos de colaboraci\u00f3n entre la UPO y Fraternidad Muprespa.<\/p>\n<p>Por su parte, la directora provincial de Fraternidad Muprespa ha mostrado su satisfacci\u00f3n por la firma del convenio, al tiempo que ha hecho p\u00fablico su compromiso de poder colaborar con la formaci\u00f3n de los estudiantes de la Universidad Pablo de Olavide.<\/p>\n<p>En el acto celebrado en la Universidad Pablo de Olavide han estado presentes el presidente del Colegio de Graduados Sociales de Sevilla, Rafael Hidalgo; el vicerrector de Investigaci\u00f3n y Transferencia de Tecnolog\u00eda de la UPO, Bruno Mart\u00ednez Haya; el secretario general de la UPO, Jos\u00e9 Mar\u00eda Seco Mart\u00ednez; la directora de la Oficina de Transferencia de Resultados de Investigaci\u00f3n (OTRI), Rosario Jim\u00e9nez Rodr\u00edguez, y Laura L\u00f3pez de la Cruz, vicepresidenta ejecutiva de la Fundaci\u00f3n Universidad-Sociedad, que ser\u00e1 la entidad encargada de gestionar las pr\u00e1cticas formativas de los alumnos.<\/p>\n","protected":false},"excerpt":{"rendered":"<p>El rector de la Universidad Pablo de Olavide, Vicente Guzm\u00e1n Fluja, y la directora provincial de Fraternidad Muprespa, Lola Jariego Oyola, en representaci\u00f3n de Manuel Porr\u00faa Garc\u00eda, director del Centro de Recursos Humanos de dicha entidad, han firmado un convenio de cooperaci\u00f3n educativa por el cual los estudiantes de grado y postgrado de la UPO podr\u00e1n hacer pr\u00e1cticas profesionales en esta mutua de accidentes de trabajo y enfermedades profesionales.<\/p>\n","protected":false},"author":6,"featured_media":0,"comment_status":"closed","ping_status":"open","sticky":false,"template":"","format":"standard","meta":{"_monsterinsights_skip_tracking":false,"_monsterinsights_sitenote_active":false,"_monsterinsights_sitenote_note":"","_monsterinsights_sitenote_category":0,"footnotes":""},"categories":[6],"tags":[326,624,21,266,65],"class_list":["post-3461277","post","type-post","status-publish","format-standard","hentry","category-institucional","tag-convenio","tag-cooperacion","tag-estudiantes","tag-grados","tag-practicas"],"_links":{"self":[{"href":"https:\/\/www.upo.es\/diario\/wp-json\/wp\/v2\/posts\/3461277","targetHints":{"allow":["GET"]}}],"collection":[{"href":"https:\/\/www.upo.es\/diario\/wp-json\/wp\/v2\/posts"}],"about":[{"href":"https:\/\/www.upo.es\/diario\/wp-json\/wp\/v2\/types\/post"}],"author":[{"embeddable":true,"href":"https:\/\/www.upo.es\/diario\/wp-json\/wp\/v2\/users\/6"}],"replies":[{"embeddable":true,"href":"https:\/\/www.upo.es\/diario\/wp-json\/wp\/v2\/comments?post=3461277"}],"version-history":[{"count":3,"href":"https:\/\/www.upo.es\/diario\/wp-json\/wp\/v2\/posts\/3461277\/revisions"}],"predecessor-version":[{"id":3461280,"href":"https:\/\/www.upo.es\/diario\/wp-json\/wp\/v2\/posts\/3461277\/revisions\/3461280"}],"wp:attachment":[{"href":"https:\/\/www.upo.es\/diario\/wp-json\/wp\/v2\/media?parent=3461277"}],"wp:term":[{"taxonomy":"category","embeddable":true,"href":"https:\/\/www.upo.es\/diario\/wp-json\/wp\/v2\/categories?post=3461277"},{"taxonomy":"post_tag","embeddable":true,"href":"https:\/\/www.upo.es\/diario\/wp-json\/wp\/v2\/tags?post=3461277"}],"curies":[{"name":"wp","href":"https:\/\/api.w.org\/{rel}","templated":true}]}}