{"id":3461789,"date":"2014-04-10T05:58:42","date_gmt":"2014-04-10T05:58:42","guid":{"rendered":"https:\/\/www.upo.es\/diario\/?p=3461789"},"modified":"2014-04-10T13:04:15","modified_gmt":"2014-04-10T13:04:15","slug":"la-exposicion-mujeres-y-medio-ambiente-y-el-mercadillo-del-trueque-cierran-manana-la-semana-verde-de-la-upo","status":"publish","type":"post","link":"https:\/\/www.upo.es\/diario\/institucional\/2014\/04\/la-exposicion-mujeres-y-medio-ambiente-y-el-mercadillo-del-trueque-cierran-manana-la-semana-verde-de-la-upo\/","title":{"rendered":"La exposici\u00f3n \u201cMujeres y medio ambiente\u201d y el mercadillo del trueque cierran ma\u00f1ana la Semana Verde de la UPO"},"content":{"rendered":"<figure id=\"attachment_3461790\" aria-describedby=\"caption-attachment-3461790\" style=\"width: 320px\" class=\"wp-caption alignleft\"><img loading=\"lazy\" decoding=\"async\" class=\"size-medium wp-image-3461790\" alt=\"En el taller 'Esculturas ensambladas', Luis Cruz ha ense\u00f1ado a los asistentes c\u00f3mo reutilizar materiales y residuos con intenci\u00f3n art\u00edstica\" src=\"https:\/\/www.upo.es\/diario\/wp-content\/uploads\/2014\/04\/taller-esculturas-ensambladas-320x213.jpg\" width=\"320\" height=\"213\" srcset=\"https:\/\/www.upo.es\/diario\/wp-content\/uploads\/2014\/04\/taller-esculturas-ensambladas-320x213.jpg 320w, https:\/\/www.upo.es\/diario\/wp-content\/uploads\/2014\/04\/taller-esculturas-ensambladas-1024x682.jpg 1024w, https:\/\/www.upo.es\/diario\/wp-content\/uploads\/2014\/04\/taller-esculturas-ensambladas-600x400.jpg 600w\" sizes=\"auto, (max-width: 320px) 100vw, 320px\" \/><figcaption id=\"caption-attachment-3461790\" class=\"wp-caption-text\">En el taller &#8216;Esculturas ensambladas&#8217;, Luis Cruz ha ense\u00f1ado a los asistentes c\u00f3mo reutilizar materiales y residuos con intenci\u00f3n art\u00edstica<\/figcaption><\/figure>\n<p>La exposici\u00f3n \u201cMujeres y medio ambiente\u201d y el \u201cMercadillo del trueque\u201d cerrar\u00e1n ma\u00f1ana viernes la <a href=\"http:\/\/www.upo.es\/semanaverde\/\">Semana Verde<\/a> de la Universidad Pablo de Olavide que comenz\u00f3 el pasado lunes y que ha contado con\u00a0 numerosas actividades, entre ellas talleres y conferencias. La exposici\u00f3n semanal \u201c<b>Mujeres y medio ambiente\u201d<\/b>, ubicada en la Biblioteca, busca comunicar temas ambientales desde una perspectiva de g\u00e9nero para evidenciar la necesidad de que las mujeres tambi\u00e9n est\u00e9n presentes en la toma de decisiones y en la definici\u00f3n de nuevas estrategias de relaci\u00f3n con el medio ambiente. Por su parte, el \u201c<b>Mercadillo del trueque\u201d<\/b>, en la entrada del Edificio Celestino Mutis, es una iniciativa propuesta por el alumnado del curso de formaci\u00f3n en Educaci\u00f3n y Voluntariado Ambiental.<\/p>\n<p>A lo largo de la ma\u00f1ana de hoy jueves se ha llevado a cabo el taller<b> \u201cEsculturas ensambladas\u201d<\/b>, donde Luis Cruz ha ense\u00f1ado a los asistentes c\u00f3mo reutilizar materiales y residuos con intenci\u00f3n art\u00edstica, y tambi\u00e9n se ha celebrado la charla<b> \u201cAlimentaci\u00f3n sana para un mundo consciente\u201d<\/b>, impartida por Paloma Gonz\u00e1lez.<\/p>\n<p>La Semana Verde se ha celebrado en la UPO desde el pasado lunes 7 de abril, d\u00eda en que se celebr\u00f3 el D\u00eda del Reciclaje, para explicar a la comunidad universitaria c\u00f3mo es la gesti\u00f3n de los residuos s\u00f3lidos en Andaluc\u00eda y abordar las distintas formas de reducir el impacto del consumo de recursos naturales para asegurar\u00a0 as\u00ed un futuro sostenible. El martes se impartieron los talleres <b>\u201cCreaci\u00f3n con Vidrio Ensamblado\u201d<\/b> y <b>\u201cMovilidad sostenible: Aprende a arreglar tu bicicleta\u201d<\/b>, y el mi\u00e9rcoles <b>\u201cReciclam\u00fasica\u201d<\/b>, un taller de percusi\u00f3n y construcci\u00f3n de instrumentos con envases y vidrio, entre otras actividades programadas a lo largo de la semana.<\/p>\n<p>Adem\u00e1s, desde el lunes hasta ma\u00f1ana viernes, en la entrada del edificio Celestino Mutis, est\u00e1 instalado un <b>Stand del Comit\u00e9 de Calidad y Certificaci\u00f3n<\/b>, en el que se da informaci\u00f3n sobre el Sistema de Gesti\u00f3n Ambiental del campus, as\u00ed como sobre la certificaci\u00f3n de la Facultad de Ciencias Experimentales.<\/p>\n<p>Todas estas actividades, abiertas a la comunidad universitaria y a la poblaci\u00f3n en general, han sido organizadas por el Vicerrectorado de Cultura, Participaci\u00f3n y Compromiso Social, a trav\u00e9s de su l\u00ednea de actuaci\u00f3n de Salud Integral y Medio Ambiente, con el apoyo de la <a href=\"http:\/\/www.juntadeandalucia.es\/organismos\/agriculturapescaymedioambiente.html\">Consejer\u00eda de Agricultura, Pesca y Medio Ambiente<\/a> en el marco del Convenio Andaluc\u00eda Ecocampus firmado en el a\u00f1o 2010.<\/p>\n<p>M\u00e1s informaci\u00f3n: <strong><a href=\"http:\/\/www.upo.es\/semanaverde\/\">www.upo.es\/semanaverde<\/a><\/strong><\/p>\n","protected":false},"excerpt":{"rendered":"<p>A lo largo de la ma\u00f1ana de hoy jueves se ha llevado a cabo el taller \u201cEsculturas ensambladas\u201d, donde Luis Cruz ha ense\u00f1ado a los asistentes c\u00f3mo reutilizar materiales y residuos con intenci\u00f3n art\u00edstica, y tambi\u00e9n se ha celebrado la charla \u201cAlimentaci\u00f3n sana para un mundo consciente\u201d, impartida por Paloma Gonz\u00e1lez.<\/p>\n","protected":false},"author":6,"featured_media":0,"comment_status":"closed","ping_status":"open","sticky":false,"template":"","format":"standard","meta":{"_monsterinsights_skip_tracking":false,"_monsterinsights_sitenote_active":false,"_monsterinsights_sitenote_note":"","_monsterinsights_sitenote_category":0,"footnotes":""},"categories":[6],"tags":[265,194,429,447,441,549,1265],"class_list":["post-3461789","post","type-post","status-publish","format-standard","hentry","category-institucional","tag-arte","tag-ecologia","tag-medio-ambiente","tag-reciclaje","tag-semana-verde","tag-talleres","tag-vicerrectorado-de-estudiantes-cultura-y-compromiso-social"],"_links":{"self":[{"href":"https:\/\/www.upo.es\/diario\/wp-json\/wp\/v2\/posts\/3461789","targetHints":{"allow":["GET"]}}],"collection":[{"href":"https:\/\/www.upo.es\/diario\/wp-json\/wp\/v2\/posts"}],"about":[{"href":"https:\/\/www.upo.es\/diario\/wp-json\/wp\/v2\/types\/post"}],"author":[{"embeddable":true,"href":"https:\/\/www.upo.es\/diario\/wp-json\/wp\/v2\/users\/6"}],"replies":[{"embeddable":true,"href":"https:\/\/www.upo.es\/diario\/wp-json\/wp\/v2\/comments?post=3461789"}],"version-history":[{"count":3,"href":"https:\/\/www.upo.es\/diario\/wp-json\/wp\/v2\/posts\/3461789\/revisions"}],"predecessor-version":[{"id":3461799,"href":"https:\/\/www.upo.es\/diario\/wp-json\/wp\/v2\/posts\/3461789\/revisions\/3461799"}],"wp:attachment":[{"href":"https:\/\/www.upo.es\/diario\/wp-json\/wp\/v2\/media?parent=3461789"}],"wp:term":[{"taxonomy":"category","embeddable":true,"href":"https:\/\/www.upo.es\/diario\/wp-json\/wp\/v2\/categories?post=3461789"},{"taxonomy":"post_tag","embeddable":true,"href":"https:\/\/www.upo.es\/diario\/wp-json\/wp\/v2\/tags?post=3461789"}],"curies":[{"name":"wp","href":"https:\/\/api.w.org\/{rel}","templated":true}]}}