{"id":3461805,"date":"2014-04-10T13:41:19","date_gmt":"2014-04-10T13:41:19","guid":{"rendered":"https:\/\/www.upo.es\/diario\/?p=3461805"},"modified":"2014-04-14T10:54:32","modified_gmt":"2014-04-14T10:54:32","slug":"inaugurado-el-mural-viajando-el-paraiso-upo-de-la-artista-maria-ortega","status":"publish","type":"post","link":"https:\/\/www.upo.es\/diario\/institucional\/2014\/04\/inaugurado-el-mural-viajando-el-paraiso-upo-de-la-artista-maria-ortega\/","title":{"rendered":"Inaugurado el mural \u201cViajando el Para\u00edso: UPO\u201d  de la artista Mar\u00eda Ortega"},"content":{"rendered":"<figure id=\"attachment_3461807\" aria-describedby=\"caption-attachment-3461807\" style=\"width: 320px\" class=\"wp-caption alignleft\"><a href=\"https:\/\/www.upo.es\/diario\/wp-content\/uploads\/2014\/04\/inaug_muralmortega2.jpg\"><img loading=\"lazy\" decoding=\"async\" class=\"size-medium wp-image-3461807 \" alt=\"Durante la inauguraci\u00f3n. La vicerrectora de Estudiantes, Cultura y Compromiso Social, Elodia Hern\u00e1nez junto a Mar\u00eda Ortega (en el centro)\" src=\"https:\/\/www.upo.es\/diario\/wp-content\/uploads\/2014\/04\/inaug_muralmortega2-320x225.jpg\" width=\"320\" height=\"225\" srcset=\"https:\/\/www.upo.es\/diario\/wp-content\/uploads\/2014\/04\/inaug_muralmortega2-320x225.jpg 320w, https:\/\/www.upo.es\/diario\/wp-content\/uploads\/2014\/04\/inaug_muralmortega2-1024x721.jpg 1024w, https:\/\/www.upo.es\/diario\/wp-content\/uploads\/2014\/04\/inaug_muralmortega2-600x422.jpg 600w\" sizes=\"auto, (max-width: 320px) 100vw, 320px\" \/><\/a><figcaption id=\"caption-attachment-3461807\" class=\"wp-caption-text\">Durante la inauguraci\u00f3n. La vicerrectora de Estudiantes, Cultura y Compromiso Social, Elodia Hern\u00e1nez junto a Mar\u00eda Ortega (en el centro)<\/figcaption><\/figure>\n<p style=\"text-align: justify;\">Este mediod\u00eda se ha inaugurado en la Plaza de Andaluc\u00eda de la Universidad Pablo de Olavide el mural \u201cViajando el Para\u00edso: UPO\u201d de la artista Mar\u00eda Ortega. Con la presencia de la autora, el mural ha sido inaugurado por la vicerrectora de Estudiantes, Cultura y Participaci\u00f3n Social, Elodia Hern\u00e1ndez, la profesora de la Facultad de Bellas Artes y mentora de la artista, Carmen Andreu, la coordinadora t\u00e9cnica de la Oficina para la Igualdad de la UPO, Candelaria Terce\u00f1o, y el director general de Infraestructuras y Espacios, Ignacio Contreras.<\/p>\n<figure id=\"attachment_3461806\" aria-describedby=\"caption-attachment-3461806\" style=\"width: 205px\" class=\"wp-caption alignright\"><a href=\"https:\/\/www.upo.es\/diario\/wp-content\/uploads\/2014\/04\/inaug_muralmortega6.jpg\"><img loading=\"lazy\" decoding=\"async\" class=\"size-medium wp-image-3461806 \" alt=\"Mar\u00eda Ortega junto a su mural \u201cViajando el Para\u00edso: UPO\u201d\" src=\"https:\/\/www.upo.es\/diario\/wp-content\/uploads\/2014\/04\/inaug_muralmortega6-205x320.jpg\" width=\"205\" height=\"320\" srcset=\"https:\/\/www.upo.es\/diario\/wp-content\/uploads\/2014\/04\/inaug_muralmortega6-205x320.jpg 205w, https:\/\/www.upo.es\/diario\/wp-content\/uploads\/2014\/04\/inaug_muralmortega6-658x1024.jpg 658w, https:\/\/www.upo.es\/diario\/wp-content\/uploads\/2014\/04\/inaug_muralmortega6-600x933.jpg 600w, https:\/\/www.upo.es\/diario\/wp-content\/uploads\/2014\/04\/inaug_muralmortega6.jpg 1500w\" sizes=\"auto, (max-width: 205px) 100vw, 205px\" \/><\/a><figcaption id=\"caption-attachment-3461806\" class=\"wp-caption-text\">Mar\u00eda Ortega junto a su mural \u201cViajando el Para\u00edso: UPO\u201d<\/figcaption><\/figure>\n<p>Mar\u00eda Ortega comenz\u00f3 el mural \u201cViajando el Para\u00edso: UPO\u201d el pasado 27 de marzo, y lo finaliz\u00f3 el d\u00eda 4 de abril, dentro del proyecto Atalaya \u201cArte y Compromiso. Experiencias para el Cambio Social\u201d, coordinado por el Vicerrectorado de Estudiantes, Cultura y Compromiso Social de la UPO, y en el marco del III <a href=\"http:\/\/festivalmiradasdemujeres.es\/\">Festival Miradas de Mujeres<\/a>. La presencia de Mar\u00eda Ortega ha dinamizado la Plaza de Andaluc\u00eda durante los d\u00edas que ha estado pintando el mural -la intervenci\u00f3n art\u00edstica se ha prolongado m\u00e1s de lo previsto debido a las inclemencias del tiempo-, dando a la comunidad universitaria la oportunidad de ver a la artista en pleno proceso pict\u00f3rico.<\/p>\n<p style=\"text-align: justify;\">Esta intervenci\u00f3n art\u00edstica forma parte del proyecto que Mar\u00eda Ortega empez\u00f3 en 2008, \u2018Viajando al Para\u00edso-Travelling Paradise\u201d, y se suma a las otras obras vinculadas al compromiso social que ya ha creado la artista en el S\u00e1hara Occidental, Madrid, Barcelona, Huelva y Alicante.<\/p>\n<p style=\"text-align: justify;\">Las acciones de la propuesta \u201cViajando el Para\u00edso\u201d buscan poner en valor los proyectos de intervenci\u00f3n social a trav\u00e9s de las artes y est\u00e1n estructuradas en contextos de conflicto pol\u00edtico, de intervenci\u00f3n social, as\u00ed como en contextos expositivos, subrayando las relaciones entre arte y sociedad, contexto del proyecto Atalaya \u201cArte y Compromiso\u201d.<\/p>\n<p>&nbsp;<\/p>\n<p><iframe loading=\"lazy\" src=\"\/\/www.youtube.com\/embed\/e2zr8AJ9_qc\" height=\"349\" width=\"620\" allowfullscreen=\"\" frameborder=\"0\"><\/iframe><\/p>\n","protected":false},"excerpt":{"rendered":"<p>El mural \u201cViajando el Para\u00edso: UPO\u201d de la artista Mar\u00eda Ortega, ha sido inaugurado  en la Plaza de Andaluc\u00eda de la Universidad Pablo de Olavide. Esta intervenci\u00f3n art\u00edstica forma parte del proyecto que la artista empez\u00f3 en 2008, \u2018Viajando al Para\u00edso-Travelling Paradise\u201d, y se suma a las otras obras vinculadas al compromiso social que ya ha creado Mar\u00eda Ortega en el S\u00e1hara Occidental, Madrid, Barcelona, Huelva y Alicante.<\/p>\n","protected":false},"author":4,"featured_media":0,"comment_status":"closed","ping_status":"open","sticky":false,"template":"","format":"standard","meta":{"_monsterinsights_skip_tracking":false,"_monsterinsights_sitenote_active":false,"_monsterinsights_sitenote_note":"","_monsterinsights_sitenote_category":0,"footnotes":""},"categories":[6],"tags":[349,1290,1292,94,1291],"class_list":["post-3461805","post","type-post","status-publish","format-standard","hentry","category-institucional","tag-inauguracion","tag-maria-ortega","tag-mural","tag-proyecto-atalaya","tag-viajando-al-paraiso"],"_links":{"self":[{"href":"https:\/\/www.upo.es\/diario\/wp-json\/wp\/v2\/posts\/3461805","targetHints":{"allow":["GET"]}}],"collection":[{"href":"https:\/\/www.upo.es\/diario\/wp-json\/wp\/v2\/posts"}],"about":[{"href":"https:\/\/www.upo.es\/diario\/wp-json\/wp\/v2\/types\/post"}],"author":[{"embeddable":true,"href":"https:\/\/www.upo.es\/diario\/wp-json\/wp\/v2\/users\/4"}],"replies":[{"embeddable":true,"href":"https:\/\/www.upo.es\/diario\/wp-json\/wp\/v2\/comments?post=3461805"}],"version-history":[{"count":9,"href":"https:\/\/www.upo.es\/diario\/wp-json\/wp\/v2\/posts\/3461805\/revisions"}],"predecessor-version":[{"id":3509908,"href":"https:\/\/www.upo.es\/diario\/wp-json\/wp\/v2\/posts\/3461805\/revisions\/3509908"}],"wp:attachment":[{"href":"https:\/\/www.upo.es\/diario\/wp-json\/wp\/v2\/media?parent=3461805"}],"wp:term":[{"taxonomy":"category","embeddable":true,"href":"https:\/\/www.upo.es\/diario\/wp-json\/wp\/v2\/categories?post=3461805"},{"taxonomy":"post_tag","embeddable":true,"href":"https:\/\/www.upo.es\/diario\/wp-json\/wp\/v2\/tags?post=3461805"}],"curies":[{"name":"wp","href":"https:\/\/api.w.org\/{rel}","templated":true}]}}