{"id":3474936,"date":"2014-04-11T08:23:51","date_gmt":"2014-04-11T06:23:51","guid":{"rendered":"https:\/\/www.upo.es\/diario\/?p=3474936"},"modified":"2020-10-27T16:54:58","modified_gmt":"2020-10-27T15:54:58","slug":"la-exposicion-mujeres-y-medio-ambiente-y-el-mercadillo-del-trueque-cierran-la-semana-verde-de-la-upo","status":"publish","type":"post","link":"https:\/\/www.upo.es\/diario\/cultura-social\/2014\/04\/la-exposicion-mujeres-y-medio-ambiente-y-el-mercadillo-del-trueque-cierran-la-semana-verde-de-la-upo\/","title":{"rendered":"La exposici\u00f3n \u201cMujeres y medio ambiente\u201d y el mercadillo del trueque cierran la Semana Verde de la UPO"},"content":{"rendered":"<figure id=\"attachment_3474937\" aria-describedby=\"caption-attachment-3474937\" style=\"width: 320px\" class=\"wp-caption alignright\"><img loading=\"lazy\" decoding=\"async\" class=\"size-medium wp-image-3474937\" alt=\"Taller 'Reciclam\u00fasica'\" src=\"https:\/\/www.upo.es\/diario\/wp-content\/uploads\/2014\/04\/taller_reciclamusica-320x213.jpg\" width=\"320\" height=\"213\" srcset=\"https:\/\/www.upo.es\/diario\/wp-content\/uploads\/2014\/04\/taller_reciclamusica-320x213.jpg 320w, https:\/\/www.upo.es\/diario\/wp-content\/uploads\/2014\/04\/taller_reciclamusica-1024x682.jpg 1024w, https:\/\/www.upo.es\/diario\/wp-content\/uploads\/2014\/04\/taller_reciclamusica-600x399.jpg 600w\" sizes=\"auto, (max-width: 320px) 100vw, 320px\" \/><figcaption id=\"caption-attachment-3474937\" class=\"wp-caption-text\">Taller &#8216;Reciclam\u00fasica&#8217;<\/figcaption><\/figure>\n<p>La exposici\u00f3n <b>\u201cMujeres y medio ambiente\u201d<\/b> y el <b>\u201cMercadillo del trueque\u201d<\/b> han cerrado este viernes la <a href=\"http:\/\/www.upo.es\/semanaverde\/\">Semana Verde<\/a> de la Universidad Pablo de Olavide que comenz\u00f3 el pasado lunes y que ha contado con\u00a0 numerosas actividades, entre ellas talleres y conferencias.<\/p>\n<p>La Semana Verde se ha celebrado en la UPO desde el pasado lunes 7 de abril, d\u00eda en que se celebr\u00f3 el <b>D\u00eda del Reciclaje<\/b>, para explicar a la comunidad universitaria c\u00f3mo es la gesti\u00f3n de los residuos s\u00f3lidos en Andaluc\u00eda y abordar las distintas formas de reducir el impacto del consumo de recursos naturales para asegurar\u00a0 as\u00ed un futuro sostenible. El martes se impartieron los talleres <b>\u201cCreaci\u00f3n con Vidrio Ensamblado\u201d<\/b> y <b>\u201cMovilidad sostenible: Aprende a arreglar tu bicicleta\u201d<\/b>, el mi\u00e9rcoles <b>\u201cReciclam\u00fasica\u201d<\/b>, un taller de percusi\u00f3n y construcci\u00f3n de instrumentos con envases y vidrio, y ayer jueves el taller<b> \u201cEsculturas ensambladas\u201d<\/b>, para reutilizar materiales y residuos con intenci\u00f3n art\u00edstica, entre otras actividades programadas a lo largo de la semana.<\/p>\n<p>Adem\u00e1s, desde el lunes hasta el viernes ha estado abierta en la Biblioteca la exposici\u00f3n \u201c<b>Mujeres y medio ambiente\u201d<\/b>, con el fin de comunicar temas ambientales desde una perspectiva de g\u00e9nero para evidenciar la necesidad de que las mujeres tambi\u00e9n est\u00e9n presentes en la toma de decisiones y en la definici\u00f3n de nuevas estrategias de relaci\u00f3n con el medio ambiente. Por su parte, en la entrada del edificio Celestino Mutis, se ha celebrado toda la semana el \u201c<b>Mercadillo del trueque\u201d<\/b>, una iniciativa propuesta por el alumnado del curso de formaci\u00f3n en Educaci\u00f3n y Voluntariado Ambiental, y se ha instalado un <b>Stand del Comit\u00e9 de Calidad y Certificaci\u00f3n<\/b>, para dar informaci\u00f3n sobre el Sistema de Gesti\u00f3n Ambiental del campus as\u00ed como sobre la certificaci\u00f3n de la Facultad de Ciencias Experimentales.<\/p>\n<p>Todas las actividades, abiertas a la comunidad universitaria y a la poblaci\u00f3n en general, han sido organizadas por el Vicerrectorado de Cultura, Participaci\u00f3n y Compromiso Social, a trav\u00e9s de su l\u00ednea de actuaci\u00f3n de Salud Integral y Medio Ambiente, con el apoyo de la <a href=\"http:\/\/www.juntadeandalucia.es\/organismos\/agriculturapescaymedioambiente.html\">Consejer\u00eda de Agricultura, Pesca y Medio Ambiente<\/a> en el marco del Convenio Andaluc\u00eda Ecocampus firmado en el a\u00f1o 2010.<\/p>\n<p><iframe loading=\"lazy\" src=\"\/\/www.youtube.com\/embed\/TjdcXOAH5Qo?rel=0\" height=\"349\" width=\"620\" allowfullscreen=\"\" frameborder=\"0\"><\/iframe><\/p>\n","protected":false},"excerpt":{"rendered":"<p>La exposici\u00f3n \u201cMujeres y medio ambiente\u201d y el \u201cMercadillo del trueque\u201d han cerrado la Semana Verde de la Universidad Pablo de Olavide que comenz\u00f3 el pasado lunes y que ha contado con  numerosas actividades, entre ellas talleres y conferencias. <\/p>\n","protected":false},"author":6,"featured_media":0,"comment_status":"closed","ping_status":"open","sticky":false,"template":"","format":"standard","meta":{"_monsterinsights_skip_tracking":false,"_monsterinsights_sitenote_active":false,"_monsterinsights_sitenote_note":"","_monsterinsights_sitenote_category":0,"footnotes":""},"categories":[5843],"tags":[194,429,394,447,441],"class_list":["post-3474936","post","type-post","status-publish","format-standard","hentry","category-cultura-social","tag-ecologia","tag-medio-ambiente","tag-participacion-social","tag-reciclaje","tag-semana-verde"],"_links":{"self":[{"href":"https:\/\/www.upo.es\/diario\/wp-json\/wp\/v2\/posts\/3474936","targetHints":{"allow":["GET"]}}],"collection":[{"href":"https:\/\/www.upo.es\/diario\/wp-json\/wp\/v2\/posts"}],"about":[{"href":"https:\/\/www.upo.es\/diario\/wp-json\/wp\/v2\/types\/post"}],"author":[{"embeddable":true,"href":"https:\/\/www.upo.es\/diario\/wp-json\/wp\/v2\/users\/6"}],"replies":[{"embeddable":true,"href":"https:\/\/www.upo.es\/diario\/wp-json\/wp\/v2\/comments?post=3474936"}],"version-history":[{"count":4,"href":"https:\/\/www.upo.es\/diario\/wp-json\/wp\/v2\/posts\/3474936\/revisions"}],"predecessor-version":[{"id":3474940,"href":"https:\/\/www.upo.es\/diario\/wp-json\/wp\/v2\/posts\/3474936\/revisions\/3474940"}],"wp:attachment":[{"href":"https:\/\/www.upo.es\/diario\/wp-json\/wp\/v2\/media?parent=3474936"}],"wp:term":[{"taxonomy":"category","embeddable":true,"href":"https:\/\/www.upo.es\/diario\/wp-json\/wp\/v2\/categories?post=3474936"},{"taxonomy":"post_tag","embeddable":true,"href":"https:\/\/www.upo.es\/diario\/wp-json\/wp\/v2\/tags?post=3474936"}],"curies":[{"name":"wp","href":"https:\/\/api.w.org\/{rel}","templated":true}]}}