{"id":3594370,"date":"2014-04-21T00:04:20","date_gmt":"2014-04-21T00:04:20","guid":{"rendered":"https:\/\/www.upo.es\/diario\/?p=3594370"},"modified":"2014-04-21T08:10:58","modified_gmt":"2014-04-21T08:10:58","slug":"erasmus-sigamos-construyendo-europa","status":"publish","type":"post","link":"https:\/\/www.upo.es\/diario\/institucional\/2014\/04\/erasmus-sigamos-construyendo-europa\/","title":{"rendered":"Erasmus: Sigamos construyendo Europa"},"content":{"rendered":"<figure id=\"attachment_3386977\" aria-describedby=\"caption-attachment-3386977\" style=\"width: 320px\" class=\"wp-caption alignright\"><img loading=\"lazy\" decoding=\"async\" class=\"size-medium wp-image-3386977\" alt=\"Imagen: Rem Koolhaas\" src=\"https:\/\/www.upo.es\/diario\/wp-content\/uploads\/2014\/04\/500px-Union-europea_segun_rem-koolhaas-320x199.png\" width=\"320\" height=\"199\" srcset=\"https:\/\/www.upo.es\/diario\/wp-content\/uploads\/2014\/04\/500px-Union-europea_segun_rem-koolhaas-320x199.png 320w, https:\/\/www.upo.es\/diario\/wp-content\/uploads\/2014\/04\/500px-Union-europea_segun_rem-koolhaas.png 500w\" sizes=\"auto, (max-width: 320px) 100vw, 320px\" \/><figcaption id=\"caption-attachment-3386977\" class=\"wp-caption-text\">Imagen: Rem Koolhaas<\/figcaption><\/figure>\n<p>Por primera vez, con el lanzamiento del nuevo <strong>programa Erasmus+<\/strong> de la Comisi\u00f3n Europea, el <strong>Ministerio de Educaci\u00f3n Cultura y Deport<\/strong>e, ha publicado una nueva convocatoria propia complementaria de la habitual de la UE. Las <strong>becas Erasmus<\/strong> para estudiar en universidades europeas ser\u00e1n en Espa\u00f1a, a partir del pr\u00f3ximo curso, <strong>dos becas distintas bajo el mismo nombre<\/strong>. Los alumnos con mejores notas y un alto dominio del idioma del pa\u00eds de destino recibir\u00e1n 350 euros mensuales. Los que tengan un expediente m\u00e1s pobre y menos nivel en la lengua extranjera, solo 250 euros.<\/p>\n<p>Unos 10.000 estudiantes podr\u00e1n concurrir a esta convocatoria de ayudas denominadas Erasmus.es, financiadas por el Ministerio de Educaci\u00f3n en el marco del Programa Erasmus+. Esta convocatoria exige, no obstante, requisitos adicionales, entre los que se encuentra el que el estudiante aporte un diploma acreditativo del nivel B2 de la lengua de la docencia de la universidad de destino, medida que al no haberse conocido con antelaci\u00f3n, imposibilita el acceso a estas becas a los estudiantes que no poseen este t\u00edtulo.\u00a0 Las universidades no podemos estar de acuerdo con todos aquellos cambios que impliquen una merma en la duraci\u00f3n de las estancias, -tal y como indican las directrices del gobierno, con respecto a la aplicaci\u00f3n del Erasmus+ de la CE y al del programa Erasmus.es-, en el n\u00famero de los estudiantes beneficiados o en la ayuda econ\u00f3mica percibida.<\/p>\n<p><b>Erasmus y el lugar de las universidades espa\u00f1olas en el mundo<\/b><\/p>\n<p>El programa Erasmus se inici\u00f3 a finales de los a\u00f1os ochenta, cuando apenas hab\u00eda estudiantes en Espa\u00f1a que hubieran viajado al extranjero; y desde entonces se ha convertido en la gran referencia de la cohesi\u00f3n social y cultural de la UE, que ha permitido, en el \u00faltimo curso, a 36.889 estudiantes beneficiarse de una experiencia vital, acad\u00e9mica y profesional. Adem\u00e1s, cabe destacar que hoy en d\u00eda, nuestro pa\u00eds es el origen y destino preferente de estudiantes Erasmus de toda Europa. Los \u00faltimos datos indican que 39.300 alumnos extranjeros escogieron a una universidad espa\u00f1ola para ampliar su formaci\u00f3n.<\/p>\n<p>En base a los reconocidos \u00e9xitos cosechados por este programa, durante los \u00faltimos a\u00f1os se ha producido un notable esfuerzo de financiaci\u00f3n, no solo por parte de la Comisi\u00f3n Europea, sino por el Ministerio de Educaci\u00f3n, las Comunidades Aut\u00f3nomas y tambi\u00e9n por las universidades.<\/p>\n<p>El programa Erasmus, reconocido hace 10 a\u00f1os con el Premio Pr\u00edncipe de Asturias a la Cooperaci\u00f3n Internacional por ser uno de los programas de intercambio cultural m\u00e1s importantes de la historia de la humanidad, ha sido el motor fundamental de la internacionalizaci\u00f3n de las universidades espa\u00f1olas.<\/p>\n<p>Este programa de intercambio ha sido un elemento dinamizador en los procesos de internacionalizaci\u00f3n y de modernizaci\u00f3n de la docencia, la investigaci\u00f3n, la innovaci\u00f3n, y la gesti\u00f3n, ya que a los programas de intercambio de estudiantes hay que sumar los programas de intercambio de profesores y personal de administraci\u00f3n.<\/p>\n<p>Se han creado estructuras de apoyo y acogida de los estudiantes y del personal extranjero, y se han internacionalizado los curr\u00edcula y los procesos, para adaptarlos a las necesidades y a los controles de calidad internacionales. Nuestras universidades tienen ahora una visibilidad y capacidad de atracci\u00f3n internacional que no habr\u00edamos podido alcanzar sin contar con el programa Erasmus.<\/p>\n<p>Sin duda, uno de los atractivos m\u00e1s importantes para la participaci\u00f3n en el programa Erasmus es la repercusi\u00f3n que tiene en el acceso al mercado de trabajo. Las empresas requieren de un perfil de profesionales no solo que dominen idiomas, sino tambi\u00e9n que tengan iniciativa, mentalidad global y habilidades interculturales. Adem\u00e1s de esto, muchos son los beneficios que ha aportado este programa, pero de todos ellos creemos que se debe destacar una idea, la que, por cierto, fundament\u00f3 el programa: la confianza. Durante estos 27 a\u00f1os, las universidades no s\u00f3lo europeas, sino de todo el mundo, han reconocido la labor de las universidades\u00a0 espa\u00f1olas por su participaci\u00f3n en este programa basado en el respeto, la flexibilidad y la tolerancia.<\/p>\n<p>Por todo ello, no se deben empeorar las condiciones de este programa, que ha permitido que tanto la ciencia como el conocimiento espa\u00f1ol haya mejorado su posici\u00f3n internacional en los \u00faltimos a\u00f1os.<\/p>\n<p>Fuente: CRUE<\/p>\n","protected":false},"excerpt":{"rendered":"<p>Por primera vez, con el lanzamiento del nuevo programa Erasmus+ de la Comisi\u00f3n Europea, el Ministerio de Educaci\u00f3n Cultura y Deporte, ha publicado una nueva convocatoria propia complementaria de la habitual de la UE. Las becas Erasmus para estudiar en universidades europeas ser\u00e1n en Espa\u00f1a, a partir del pr\u00f3ximo curso, dos becas distintas bajo el mismo nombre.<\/p>\n","protected":false},"author":6,"featured_media":0,"comment_status":"closed","ping_status":"open","sticky":false,"template":"","format":"standard","meta":{"_monsterinsights_skip_tracking":false,"_monsterinsights_sitenote_active":false,"_monsterinsights_sitenote_note":"","_monsterinsights_sitenote_category":0,"footnotes":""},"categories":[6],"tags":[64,243,846,21,454,244,868,68,39],"class_list":["post-3594370","post","type-post","status-publish","format-standard","hentry","category-institucional","tag-becas","tag-crue","tag-erasmus","tag-estudiantes","tag-europa","tag-ministerio-de-educacion","tag-ue","tag-union-europea","tag-universidades"],"_links":{"self":[{"href":"https:\/\/www.upo.es\/diario\/wp-json\/wp\/v2\/posts\/3594370","targetHints":{"allow":["GET"]}}],"collection":[{"href":"https:\/\/www.upo.es\/diario\/wp-json\/wp\/v2\/posts"}],"about":[{"href":"https:\/\/www.upo.es\/diario\/wp-json\/wp\/v2\/types\/post"}],"author":[{"embeddable":true,"href":"https:\/\/www.upo.es\/diario\/wp-json\/wp\/v2\/users\/6"}],"replies":[{"embeddable":true,"href":"https:\/\/www.upo.es\/diario\/wp-json\/wp\/v2\/comments?post=3594370"}],"version-history":[{"count":1,"href":"https:\/\/www.upo.es\/diario\/wp-json\/wp\/v2\/posts\/3594370\/revisions"}],"predecessor-version":[{"id":3594371,"href":"https:\/\/www.upo.es\/diario\/wp-json\/wp\/v2\/posts\/3594370\/revisions\/3594371"}],"wp:attachment":[{"href":"https:\/\/www.upo.es\/diario\/wp-json\/wp\/v2\/media?parent=3594370"}],"wp:term":[{"taxonomy":"category","embeddable":true,"href":"https:\/\/www.upo.es\/diario\/wp-json\/wp\/v2\/categories?post=3594370"},{"taxonomy":"post_tag","embeddable":true,"href":"https:\/\/www.upo.es\/diario\/wp-json\/wp\/v2\/tags?post=3594370"}],"curies":[{"name":"wp","href":"https:\/\/api.w.org\/{rel}","templated":true}]}}