{"id":3597461,"date":"2014-04-21T13:46:39","date_gmt":"2014-04-21T13:46:39","guid":{"rendered":"https:\/\/www.upo.es\/diario\/?p=3597461"},"modified":"2014-04-22T09:28:42","modified_gmt":"2014-04-22T09:28:42","slug":"exposicion-en-la-upo-del-xvi-premio-de-fotografia-humanitaria-luis-valtuena","status":"publish","type":"post","link":"https:\/\/www.upo.es\/diario\/cultura\/2014\/04\/exposicion-en-la-upo-del-xvi-premio-de-fotografia-humanitaria-luis-valtuena\/","title":{"rendered":"Exposici\u00f3n en la UPO del XVI Premio de Fotograf\u00eda Humanitaria Luis Valtue\u00f1a"},"content":{"rendered":"<figure id=\"attachment_3597462\" aria-describedby=\"caption-attachment-3597462\" style=\"width: 320px\" class=\"wp-caption alignright\"><a href=\"https:\/\/www.upo.es\/diario\/wp-content\/uploads\/2014\/04\/exposicion_luisvaltue\u00f1a.jpg\"><img loading=\"lazy\" decoding=\"async\" class=\"size-medium wp-image-3597462\" alt=\"La exposici\u00f3n estar\u00e1 abierta al p\u00fablico del 21 al 25 de abril en el vest\u00edbulo de la Biblioteca.\" src=\"https:\/\/www.upo.es\/diario\/wp-content\/uploads\/2014\/04\/exposicion_luisvaltue\u00f1a-320x213.jpg\" width=\"320\" height=\"213\" srcset=\"https:\/\/www.upo.es\/diario\/wp-content\/uploads\/2014\/04\/exposicion_luisvaltue\u00f1a-320x213.jpg 320w, https:\/\/www.upo.es\/diario\/wp-content\/uploads\/2014\/04\/exposicion_luisvaltue\u00f1a-1024x682.jpg 1024w, https:\/\/www.upo.es\/diario\/wp-content\/uploads\/2014\/04\/exposicion_luisvaltue\u00f1a-600x400.jpg 600w\" sizes=\"auto, (max-width: 320px) 100vw, 320px\" \/><\/a><figcaption id=\"caption-attachment-3597462\" class=\"wp-caption-text\">La exposici\u00f3n estar\u00e1 abierta al p\u00fablico del 21 al 25 de abril en el vest\u00edbulo de la Biblioteca.<\/figcaption><\/figure>\n<p style=\"text-align: justify;\">Desde hoy lunes 21 de abril hasta el viernes 25 de abril en el vest\u00edbulo de la Biblioteca de la Universidad Pablo de Olavide, <a href=\"http:\/\/www.medicosdelmundo.org\/\">M\u00e9dicos del Mundo<\/a> muestra la exposici\u00f3n del XVI Premio de Fotograf\u00eda Humanitaria Luis Valtue\u00f1a, con la colaboraci\u00f3n del Vicerrectorado de Estudiantes, Cultura y Compromiso Social a trav\u00e9s de la Oficina de Voluntariado y Solidaridad de la UPO y la Agencia Andaluza de Cooperaci\u00f3n Internacional. Esta actividad se enmarca en el proyecto \u201cIm\u00e1genes que nos hablan: procesos de desarrollo y mecanismos que generan desigualdades a nivel local y global\u201d, financiado por la AACID, que tendr\u00e1 lugar en varias universidades andaluzas.<\/p>\n<p style=\"text-align: justify;\">La exposici\u00f3n muestra la realidad vivida en diferentes pa\u00edses, plasmando las vulneraciones de derechos y desigualdades, tanto a nivel global como a nivel local. Se pretende que sea una exposici\u00f3n participativa \u00a0y para ello se realizar\u00e1n visitas guiadas, previa inscripci\u00f3n, el mi\u00e9rcoles 23 de abril, a las 10 horas y a las 13 horas.<\/p>\n<p style=\"text-align: justify;\">Asimismo,<span style=\"text-decoration: underline;\"> el mi\u00e9rcoles 23 de abril a las 11 horas en el aula 101 del edificio 24 de la Universidad Pablo de Olavide<\/span> se podr\u00e1 asistir al visionado del documental sobre mutilaci\u00f3n genital femenina \u201cBref\u201d, recientemente galardonado en el Festival de Cine de M\u00e1laga. Tras la proyecci\u00f3n, se abrir\u00e1 un coloquio con la participaci\u00f3n de personas expertas en cuestiones de G\u00e9nero y Derechos Humanos, para profundizar en una de las mayores desigualdades y vulneraci\u00f3n de derechos humanos que sufren muchas mujeres africanas.<\/p>\n<p style=\"text-align: justify;\"><a href=\"http:\/\/www.upo.es\/upsc\/voluntariado-ps\/oficina-voluntariado\/sensibilizacionformacion\/jornadas_cursos\/medicos_del_mundo\/inscripcion_xvi_premio_internacional.jsp\">Inscripci\u00f3n visita guiada a la exposici\u00f3n<\/a><\/p>\n","protected":false},"excerpt":{"rendered":"<p>Desde hoy lunes 21 de abril hasta el viernes 25 de abril en el vest\u00edbulo de la Biblioteca de la Universidad Pablo de Olavide, M\u00e9dicos del Mundo muestra la exposici\u00f3n del XVI Premio de Fotograf\u00eda Humanitaria Luis Valtue\u00f1a, que muestra la realidad vivida en diferentes pa\u00edses, plasmando las vulneraciones de derechos y desigualdades, tanto a nivel global como a nivel local.<\/p>\n","protected":false},"author":4,"featured_media":0,"comment_status":"closed","ping_status":"open","sticky":false,"template":"","format":"standard","meta":{"_monsterinsights_skip_tracking":false,"_monsterinsights_sitenote_active":false,"_monsterinsights_sitenote_note":"","_monsterinsights_sitenote_category":0,"footnotes":""},"categories":[7],"tags":[74,60,1314,1318],"class_list":["post-3597461","post","type-post","status-publish","format-standard","hentry","category-cultura","tag-exposiciones","tag-fotografia","tag-luis-valtuena","tag-oficina-de-voluntariad"],"_links":{"self":[{"href":"https:\/\/www.upo.es\/diario\/wp-json\/wp\/v2\/posts\/3597461","targetHints":{"allow":["GET"]}}],"collection":[{"href":"https:\/\/www.upo.es\/diario\/wp-json\/wp\/v2\/posts"}],"about":[{"href":"https:\/\/www.upo.es\/diario\/wp-json\/wp\/v2\/types\/post"}],"author":[{"embeddable":true,"href":"https:\/\/www.upo.es\/diario\/wp-json\/wp\/v2\/users\/4"}],"replies":[{"embeddable":true,"href":"https:\/\/www.upo.es\/diario\/wp-json\/wp\/v2\/comments?post=3597461"}],"version-history":[{"count":3,"href":"https:\/\/www.upo.es\/diario\/wp-json\/wp\/v2\/posts\/3597461\/revisions"}],"predecessor-version":[{"id":3597464,"href":"https:\/\/www.upo.es\/diario\/wp-json\/wp\/v2\/posts\/3597461\/revisions\/3597464"}],"wp:attachment":[{"href":"https:\/\/www.upo.es\/diario\/wp-json\/wp\/v2\/media?parent=3597461"}],"wp:term":[{"taxonomy":"category","embeddable":true,"href":"https:\/\/www.upo.es\/diario\/wp-json\/wp\/v2\/categories?post=3597461"},{"taxonomy":"post_tag","embeddable":true,"href":"https:\/\/www.upo.es\/diario\/wp-json\/wp\/v2\/tags?post=3597461"}],"curies":[{"name":"wp","href":"https:\/\/api.w.org\/{rel}","templated":true}]}}