{"id":3607190,"date":"2014-04-22T01:44:40","date_gmt":"2014-04-22T01:44:40","guid":{"rendered":"https:\/\/www.upo.es\/diario\/?p=3607190"},"modified":"2014-04-23T12:19:05","modified_gmt":"2014-04-23T12:19:05","slug":"conferencia-de-rita-prigmore-sobre-su-experiencia-como-victima-de-la-persecucion-nazi","status":"publish","type":"post","link":"https:\/\/www.upo.es\/diario\/institucional\/2014\/04\/conferencia-de-rita-prigmore-sobre-su-experiencia-como-victima-de-la-persecucion-nazi\/","title":{"rendered":"Conferencia de Rita Prigmore sobre su experiencia como v\u00edctima de la persecuci\u00f3n nazi"},"content":{"rendered":"<p>La superviviente del Holocausto nazi <strong>Rita Prigmore<\/strong> impartir\u00e1 una charla\/conferencia ma\u00f1ana, 23 de abril, <strong>a las 13.30 horas, en la sala de grados de la Biblioteca<\/strong> de la Universidad Pablo de Olavide. En esta conferencia, que ser\u00e1 ofrecida en ingl\u00e9s, Rita Prigmore, de etnia gitana y origen alem\u00e1n, compartir\u00e1 con la comunidad universitaria su experiencia como v\u00edctima de la persecuci\u00f3n nazi. Este acto ha sido organizado por el grupo de Cristianos Universitarios de la Olavide en colaboraci\u00f3n con el Centro Universitario Internacional.<\/p>\n<p>Rita Prigmore (W\u00fcrzburg, Alemania, 1943) es hija de una familia gitana asentada en Alemania desde hace muchas generaciones; all\u00ed estudi\u00f3 m\u00fasica y trabaj\u00f3 en una empresa de reparaci\u00f3n de violines. Durante el nazismo su familia fue deportada, la madre esterilizada y ella sometida a experimentos con hermanos gemelos que provoc\u00f3 la muerte de su hermana gemela Rolanda. En 1954 se cas\u00f3 y fue a vivir a Estados Unidos. Regres\u00f3 a Alemania para ayudar a su madre en una organizaci\u00f3n de gitanos <i>sinti<\/i> para la defensa de los derechos humanos. Actualmente explica su historia sobretodo a los m\u00e1s j\u00f3venes para que se conozca el destino que tuvieron los gitanos <i>sinti<\/i> y <i>roma<\/i> durante el Holocausto.<\/p>\n<p>&nbsp;<\/p>\n","protected":false},"excerpt":{"rendered":"<p>La superviviente del Holocausto nazi Rita Prigmore impartir\u00e1 una charla\/conferencia ma\u00f1ana, 23 de abril, a las 13.30 horas, en la sala de grados de la Biblioteca de la Universidad Pablo de Olavide. En esta conferencia, que ser\u00e1 ofrecida en ingl\u00e9s, Rita Prigmore, de etnia gitana y origen alem\u00e1n, compartir\u00e1 con la comunidad universitaria su experiencia como v\u00edctima de la persecuci\u00f3n nazi.<\/p>\n","protected":false},"author":6,"featured_media":0,"comment_status":"closed","ping_status":"open","sticky":false,"template":"","format":"standard","meta":{"_monsterinsights_skip_tracking":false,"_monsterinsights_sitenote_active":false,"_monsterinsights_sitenote_note":"","_monsterinsights_sitenote_category":0,"footnotes":""},"categories":[6],"tags":[864,544,92,454,1322,150,76,268],"class_list":["post-3607190","post","type-post","status-publish","format-standard","hentry","category-institucional","tag-alemania","tag-conferencias","tag-derechos-humanos","tag-europa","tag-fascismo","tag-historia","tag-politica","tag-racismo"],"_links":{"self":[{"href":"https:\/\/www.upo.es\/diario\/wp-json\/wp\/v2\/posts\/3607190","targetHints":{"allow":["GET"]}}],"collection":[{"href":"https:\/\/www.upo.es\/diario\/wp-json\/wp\/v2\/posts"}],"about":[{"href":"https:\/\/www.upo.es\/diario\/wp-json\/wp\/v2\/types\/post"}],"author":[{"embeddable":true,"href":"https:\/\/www.upo.es\/diario\/wp-json\/wp\/v2\/users\/6"}],"replies":[{"embeddable":true,"href":"https:\/\/www.upo.es\/diario\/wp-json\/wp\/v2\/comments?post=3607190"}],"version-history":[{"count":8,"href":"https:\/\/www.upo.es\/diario\/wp-json\/wp\/v2\/posts\/3607190\/revisions"}],"predecessor-version":[{"id":3621678,"href":"https:\/\/www.upo.es\/diario\/wp-json\/wp\/v2\/posts\/3607190\/revisions\/3621678"}],"wp:attachment":[{"href":"https:\/\/www.upo.es\/diario\/wp-json\/wp\/v2\/media?parent=3607190"}],"wp:term":[{"taxonomy":"category","embeddable":true,"href":"https:\/\/www.upo.es\/diario\/wp-json\/wp\/v2\/categories?post=3607190"},{"taxonomy":"post_tag","embeddable":true,"href":"https:\/\/www.upo.es\/diario\/wp-json\/wp\/v2\/tags?post=3607190"}],"curies":[{"name":"wp","href":"https:\/\/api.w.org\/{rel}","templated":true}]}}