{"id":3608759,"date":"2014-04-22T06:45:17","date_gmt":"2014-04-22T06:45:17","guid":{"rendered":"https:\/\/www.upo.es\/diario\/?p=3608759"},"modified":"2014-04-23T12:19:36","modified_gmt":"2014-04-23T12:19:36","slug":"la-upo-celebra-manana-un-taller-sobre-redes-sociales-profesionales-para-la-busqueda-de-empleo","status":"publish","type":"post","link":"https:\/\/www.upo.es\/diario\/institucional\/2014\/04\/la-upo-celebra-manana-un-taller-sobre-redes-sociales-profesionales-para-la-busqueda-de-empleo\/","title":{"rendered":"La UPO celebra ma\u00f1ana un taller sobre redes sociales profesionales para la b\u00fasqueda de empleo"},"content":{"rendered":"<p>La Universidad Pablo de Olavide aborda ma\u00f1ana un tema de inter\u00e9s y actualidad para sus universitarios. A partir de las <strong>9,30 horas<\/strong>, se celebra un <strong>taller sobre redes sociales profesionales dirigido a estudiantes de grado y postgrado<\/strong> y organizado por el \u00c1rea de Orientaci\u00f3n Profesional e Inserci\u00f3n Laboral de la Fundaci\u00f3n Universidad-Sociedad. Dicha actividad formativa tendr\u00e1 lugar en el <strong>aula de inform\u00e1tica 1.04 del edificio 45<\/strong> de la Universidad Pablo de Olavide, con un m\u00e1ximo de 30 plazas.<\/p>\n<p>El objetivo de este taller, que se desarrollar\u00e1 hasta las 13,30 horas, es que los asistentes aprendan a utilizar las redes sociales profesionales como herramientas en la b\u00fasqueda de empleo.<\/p>\n<p>Actualmente, la selecci\u00f3n de personal ha evolucionado mucho y<strong> la mayor\u00eda de las empresas utilizan las redes sociales para buscar candidatos<\/strong>. En concreto, durante el seminario se profundizar\u00e1 en dos de las principales redes: Twitter y Linkedin.<\/p>\n<p>Todos los interesados en participar en este taller deben inscribirse enviando un correo electr\u00f3nico a la direcci\u00f3n <a href=\"mailto:orientacionprofesional@fundacion.upo.es\">orientacionprofesional@fundacion.upo.es<\/a> indicando su nombre, apellidos y estudios o bien llamando por tel\u00e9fono al 954 34 98 15.<\/p>\n","protected":false},"excerpt":{"rendered":"<p>Actualmente, la selecci\u00f3n de personal ha evolucionado mucho y la mayor\u00eda de las empresas utilizan las redes sociales para buscar candidatos. En concreto, durante el seminario se profundizar\u00e1 en dos de las principales redes: Twitter y Linkedin.<\/p>\n","protected":false},"author":6,"featured_media":0,"comment_status":"closed","ping_status":"open","sticky":false,"template":"","format":"standard","meta":{"_monsterinsights_skip_tracking":false,"_monsterinsights_sitenote_active":false,"_monsterinsights_sitenote_note":"","_monsterinsights_sitenote_category":0,"footnotes":""},"categories":[6],"tags":[438,21,1107,47,20,279,719],"class_list":["post-3608759","post","type-post","status-publish","format-standard","hentry","category-institucional","tag-empleo","tag-estudiantes","tag-fundacion-universidad-sociedad","tag-fundaciones","tag-redes-sociales","tag-taller","tag-tic"],"_links":{"self":[{"href":"https:\/\/www.upo.es\/diario\/wp-json\/wp\/v2\/posts\/3608759","targetHints":{"allow":["GET"]}}],"collection":[{"href":"https:\/\/www.upo.es\/diario\/wp-json\/wp\/v2\/posts"}],"about":[{"href":"https:\/\/www.upo.es\/diario\/wp-json\/wp\/v2\/types\/post"}],"author":[{"embeddable":true,"href":"https:\/\/www.upo.es\/diario\/wp-json\/wp\/v2\/users\/6"}],"replies":[{"embeddable":true,"href":"https:\/\/www.upo.es\/diario\/wp-json\/wp\/v2\/comments?post=3608759"}],"version-history":[{"count":6,"href":"https:\/\/www.upo.es\/diario\/wp-json\/wp\/v2\/posts\/3608759\/revisions"}],"predecessor-version":[{"id":3621680,"href":"https:\/\/www.upo.es\/diario\/wp-json\/wp\/v2\/posts\/3608759\/revisions\/3621680"}],"wp:attachment":[{"href":"https:\/\/www.upo.es\/diario\/wp-json\/wp\/v2\/media?parent=3608759"}],"wp:term":[{"taxonomy":"category","embeddable":true,"href":"https:\/\/www.upo.es\/diario\/wp-json\/wp\/v2\/categories?post=3608759"},{"taxonomy":"post_tag","embeddable":true,"href":"https:\/\/www.upo.es\/diario\/wp-json\/wp\/v2\/tags?post=3608759"}],"curies":[{"name":"wp","href":"https:\/\/api.w.org\/{rel}","templated":true}]}}