{"id":3634212,"date":"2014-04-24T12:13:25","date_gmt":"2014-04-24T12:13:25","guid":{"rendered":"https:\/\/www.upo.es\/diario\/?p=3634212"},"modified":"2014-04-24T12:13:25","modified_gmt":"2014-04-24T12:13:25","slug":"antiguos-alumnos-de-la-universidad-laboral-de-sevilla-visitan-la-universidad-pablo-de-olavide-2","status":"publish","type":"post","link":"https:\/\/www.upo.es\/diario\/institucional\/2014\/04\/antiguos-alumnos-de-la-universidad-laboral-de-sevilla-visitan-la-universidad-pablo-de-olavide-2\/","title":{"rendered":"Antiguos alumnos de la Universidad Laboral de Sevilla visitan la Universidad Pablo de Olavide"},"content":{"rendered":"<figure id=\"attachment_3634217\" aria-describedby=\"caption-attachment-3634217\" style=\"width: 320px\" class=\"wp-caption alignright\"><a href=\"https:\/\/www.upo.es\/diario\/wp-content\/uploads\/2014\/04\/Visita-Alumnos-Univ-Laboral06.jpg\"><img loading=\"lazy\" decoding=\"async\" class=\"size-medium wp-image-3634217\" alt=\"Grupo de antiguos alumnos de la promoci\u00f3n de 1959 a 1964, que realizaron estudios de Oficial\u00eda y Maestr\u00eda Industrial en la Universidad Laboral de Sevilla\" src=\"https:\/\/www.upo.es\/diario\/wp-content\/uploads\/2014\/04\/Visita-Alumnos-Univ-Laboral06-320x213.jpg\" width=\"320\" height=\"213\" srcset=\"https:\/\/www.upo.es\/diario\/wp-content\/uploads\/2014\/04\/Visita-Alumnos-Univ-Laboral06-320x213.jpg 320w, https:\/\/www.upo.es\/diario\/wp-content\/uploads\/2014\/04\/Visita-Alumnos-Univ-Laboral06-1024x682.jpg 1024w, https:\/\/www.upo.es\/diario\/wp-content\/uploads\/2014\/04\/Visita-Alumnos-Univ-Laboral06-600x399.jpg 600w\" sizes=\"auto, (max-width: 320px) 100vw, 320px\" \/><\/a><figcaption id=\"caption-attachment-3634217\" class=\"wp-caption-text\">Grupo de antiguos alumnos de la promoci\u00f3n de 1959 a 1964, que realizaron estudios de Oficial\u00eda y Maestr\u00eda Industrial en la Universidad Laboral de Sevilla<\/figcaption><\/figure>\n<p style=\"text-align: justify;\">Un grupo de antiguos alumnos de la promoci\u00f3n de 1959 a 1964, que realizaron estudios de Oficial\u00eda y Maestr\u00eda Industrial en la Universidad Laboral de Sevilla, visitaron ayer mi\u00e9rcoles 23 de abril las instalaciones de la actual Universidad Pablo de Olavide.<\/p>\n<p style=\"text-align: justify;\">La vicerrectora de Estudiantes, Cultura y Compromiso Social, Elodia Hern\u00e1ndez Le\u00f3n, les dio la bienvenida en el paraninfo de la Universidad. Tras la bienvenida, la profesora \u00a0de la UPO M\u00aa \u00c1ngeles Fern\u00e1ndez Valle, especialista en Patrimonio, y el coordinador de Pol\u00edtica Ambiental, Francisco Fern\u00e1ndez Mart\u00edn, les informaron acerca de las caracter\u00edsticas singulares del espacio natural y cultural de la Universidad Pablo de Olavide, destacando la relevancia del edificio como ejemplo emblem\u00e1tico del Movimiento Moderno en Andaluc\u00eda y la singularidad de la flora del entorno.<\/p>\n<p style=\"text-align: justify;\">A continuaci\u00f3n, acompa\u00f1aron al grupo integrado por 30 antiguos alumnos en un recorrido por el rectorado, laboratorios de investigaci\u00f3n, ubicaci\u00f3n de los antiguos talleres de carpinter\u00eda, biblioteca y jard\u00edn de plantas arom\u00e1ticas.<\/p>\n","protected":false},"excerpt":{"rendered":"<p>Un grupo de antiguos alumnos de la promoci\u00f3n de 1959 a 1964, que realizaron estudios de Oficial\u00eda y Maestr\u00eda Industrial en la Universidad Laboral de Sevilla, visitaron ayer mi\u00e9rcoles 23 de abril las instalaciones de la actual Universidad Pablo de Olavide.<\/p>\n","protected":false},"author":4,"featured_media":0,"comment_status":"closed","ping_status":"open","sticky":false,"template":"","format":"standard","meta":{"_monsterinsights_skip_tracking":false,"_monsterinsights_sitenote_active":false,"_monsterinsights_sitenote_note":"","_monsterinsights_sitenote_category":0,"footnotes":""},"categories":[6],"tags":[153,1261,297],"class_list":["post-3634212","post","type-post","status-publish","format-standard","hentry","category-institucional","tag-alumni","tag-universidad-laboral","tag-visita"],"_links":{"self":[{"href":"https:\/\/www.upo.es\/diario\/wp-json\/wp\/v2\/posts\/3634212","targetHints":{"allow":["GET"]}}],"collection":[{"href":"https:\/\/www.upo.es\/diario\/wp-json\/wp\/v2\/posts"}],"about":[{"href":"https:\/\/www.upo.es\/diario\/wp-json\/wp\/v2\/types\/post"}],"author":[{"embeddable":true,"href":"https:\/\/www.upo.es\/diario\/wp-json\/wp\/v2\/users\/4"}],"replies":[{"embeddable":true,"href":"https:\/\/www.upo.es\/diario\/wp-json\/wp\/v2\/comments?post=3634212"}],"version-history":[{"count":2,"href":"https:\/\/www.upo.es\/diario\/wp-json\/wp\/v2\/posts\/3634212\/revisions"}],"predecessor-version":[{"id":3634219,"href":"https:\/\/www.upo.es\/diario\/wp-json\/wp\/v2\/posts\/3634212\/revisions\/3634219"}],"wp:attachment":[{"href":"https:\/\/www.upo.es\/diario\/wp-json\/wp\/v2\/media?parent=3634212"}],"wp:term":[{"taxonomy":"category","embeddable":true,"href":"https:\/\/www.upo.es\/diario\/wp-json\/wp\/v2\/categories?post=3634212"},{"taxonomy":"post_tag","embeddable":true,"href":"https:\/\/www.upo.es\/diario\/wp-json\/wp\/v2\/tags?post=3634212"}],"curies":[{"name":"wp","href":"https:\/\/api.w.org\/{rel}","templated":true}]}}