{"id":3646777,"date":"2014-04-25T12:39:07","date_gmt":"2014-04-25T12:39:07","guid":{"rendered":"https:\/\/www.upo.es\/diario\/?p=3646777"},"modified":"2014-04-29T07:10:06","modified_gmt":"2014-04-29T07:10:06","slug":"xii-edicion-de-los-cursos-de-verano-de-la-universidad-pablo-de-olavide-en-su-sede-de-carmona","status":"publish","type":"post","link":"https:\/\/www.upo.es\/diario\/institucional\/2014\/04\/xii-edicion-de-los-cursos-de-verano-de-la-universidad-pablo-de-olavide-en-su-sede-de-carmona\/","title":{"rendered":"XII edici\u00f3n de los Cursos de Verano de la Universidad Pablo de Olavide en su sede de Carmona"},"content":{"rendered":"<figure id=\"attachment_3646778\" aria-describedby=\"caption-attachment-3646778\" style=\"width: 320px\" class=\"wp-caption alignright\"><a href=\"https:\/\/www.upo.es\/diario\/wp-content\/uploads\/2014\/04\/presentacion_cursos_2014.jpg\"><img loading=\"lazy\" decoding=\"async\" class=\"size-medium wp-image-3646778\" alt=\"Desde la izquierda: el alcalde de Carmona, Juan \u00c1vila Guti\u00e9rrez; el presidente de la Diputaci\u00f3n de Sevilla, Fernando Rodr\u00edguez Villalobos; el rector de la Universidad Pablo de Olavide, Vicente Guzm\u00e1n Fluja, y el presidente de la Fundaci\u00f3n Cajasol, Antonio Pulido\" src=\"https:\/\/www.upo.es\/diario\/wp-content\/uploads\/2014\/04\/presentacion_cursos_2014-320x214.jpg\" width=\"320\" height=\"214\" srcset=\"https:\/\/www.upo.es\/diario\/wp-content\/uploads\/2014\/04\/presentacion_cursos_2014-320x214.jpg 320w, https:\/\/www.upo.es\/diario\/wp-content\/uploads\/2014\/04\/presentacion_cursos_2014-1024x685.jpg 1024w, https:\/\/www.upo.es\/diario\/wp-content\/uploads\/2014\/04\/presentacion_cursos_2014-600x401.jpg 600w, https:\/\/www.upo.es\/diario\/wp-content\/uploads\/2014\/04\/presentacion_cursos_2014.jpg 1936w\" sizes=\"auto, (max-width: 320px) 100vw, 320px\" \/><\/a><figcaption id=\"caption-attachment-3646778\" class=\"wp-caption-text\">Desde la izquierda: el alcalde de Carmona, Juan \u00c1vila Guti\u00e9rrez; el presidente de la Diputaci\u00f3n de Sevilla, Fernando Rodr\u00edguez Villalobos; el rector de la Universidad Pablo de Olavide, Vicente Guzm\u00e1n Fluja, y el presidente de la Fundaci\u00f3n Cajasol, Antonio Pulido<\/figcaption><\/figure>\n<p>Los <strong>Cursos de Verano de la Universidad Pablo de Olavide<\/strong> se celebrar\u00e1n nuevamente en su duod\u00e9cima edici\u00f3n en la sede de Carmona, <strong>del 7 de julio al 29 de agosto<\/strong>, organizados por la UPO en colaboraci\u00f3n con el Ayuntamiento de esta ciudad. La Casa Palacio de Los Briones, sede permanente de la Universidad Pablo de Olavide en Carmona, acoger\u00e1 por duod\u00e9cimo a\u00f1o consecutivo un total de <strong>49 Cursos<\/strong> de Verano.<\/p>\n<p>En los Cursos de Verano se abordar\u00e1n, entre otros, temas diversos, como la cata del aceite de oliva virgen extra; el terrorismo yihadista; la relaci\u00f3n entre la moda y la comunicaci\u00f3n; el coaching y la gesti\u00f3n emocional; las intervenciones asistidas por animales; la alimentaci\u00f3n para cel\u00edacos y en restauraci\u00f3n colectiva; la introducci\u00f3n al m\u00e9todo Pilates; el control de los poderes pol\u00edticos y financieros sobre los medios de comunicaci\u00f3n o el marketing digital, en los que participar\u00e1n diferentes especialistas nacionales e internacionales.<\/p>\n<p>El rector de la Universidad Pablo de Olavide, Vicente Guzm\u00e1n Fluja; el presidente de la Diputaci\u00f3n de Sevilla, Fernando Rodr\u00edguez Villalobos; el alcalde de Carmona, Juan \u00c1vila Guti\u00e9rrez y el presidente de la Fundaci\u00f3n Cajasol, Antonio Pulido, han presentado los Cursos de Verano 2014 de la UPO, quienes han coincidido en destacar la actualidad de los temas objeto de los cursos de este pr\u00f3ximo verano y la relevancia de los ponentes que intervendr\u00e1n en los mismos.<\/p>\n<p>A este respecto, el rector ha manifestado su agradecimiento a la Diputaci\u00f3n de Sevilla, el Ayuntamiento de Carmona y la Fundaci\u00f3n Cajasol por su apoyo incondicional a los cursos de verano y por la convicci\u00f3n mostrada con este proyecto, cuyo objetivo es acercar la formaci\u00f3n a los ciudadanos.<\/p>\n<p>Por su parte, el presidente de Diputaci\u00f3n ha se\u00f1alado la apuesta de la Universidad Pablo de Olavide por vincular la formaci\u00f3n prestigiosa y de futuro a la ciudad de Carmona, \u201cuna oferta a la que esta ciudad ha respondido siempre de forma generosa. Adem\u00e1s, el valor de la formaci\u00f3n es esencial para el desarrollo de los territorios, sobre todo en un contexto importante de crisis\u201d.<\/p>\n<p>El alcalde de Carmona ha subrayado la apuesta de las distintas corporaciones locales por Olavide en Carmona, al tiempo que ha resaltado que se ha convertido ya en un sello que se ha internacionalizado, debido a que acoge multitud de actividades de distinta \u00edndole.<\/p>\n<p>Por \u00faltimo, el presidente de Cajasol ha hecho hincapi\u00e9 en la necesidad de acercar el mundo universitario a la empresa: \u201cLa Universidad tiene que ser capaz de transferir sus conocimientos al mundo productivo para mejorar servicios, procesos y productos. En este sentido, se da un paso m\u00e1s con la realizaci\u00f3n de estos cursos\u201d.<\/p>\n<p>Por otro lado, el vicerrector de Postgrado, Formaci\u00f3n Permanente y Empleo, Miguel \u00c1ngel Gual, ha sido el encargado de describir el programa formativo de los cursos de verano. Este a\u00f1o, los seminarios se celebrar\u00e1n en el mes de julio, mientras que a lo largo del mes de agosto se llevar\u00e1n a cabo en Carmona un curso pr\u00e1ctico sobre la conservaci\u00f3n del patrimonio barroco y otro destinado a realizar pr\u00e1cticas arqueol\u00f3gicas de campo. Adem\u00e1s de los tradicionales cursos de cinco d\u00edas, este a\u00f1o se ha vuelto a apostar por la inclusi\u00f3n en el programa estival de seminarios de tres y dos d\u00edas, dirigidos sobre todo al reciclaje de profesionales para que puedan compaginar la formaci\u00f3n con su actividad laboral.<\/p>\n<p>Adem\u00e1s, es destacable que en esta edici\u00f3n se han incluido en la programaci\u00f3n estival cuatro cursos de verano coordinados por el Centro de Estudios Empresariales (CEADE) en virtud al convenio suscrito el pasado mes de julio entre la Universidad Pablo de Olavide y esta instituci\u00f3n.<\/p>\n<p><strong><img loading=\"lazy\" decoding=\"async\" class=\"alignright size-medium wp-image-3646779\" alt=\"Cartel de los Cursos de Verano 2014\" src=\"https:\/\/www.upo.es\/diario\/wp-content\/uploads\/2014\/04\/cartel_cursos_2014-176x320.jpg\" width=\"176\" height=\"320\" srcset=\"https:\/\/www.upo.es\/diario\/wp-content\/uploads\/2014\/04\/cartel_cursos_2014-176x320.jpg 176w, https:\/\/www.upo.es\/diario\/wp-content\/uploads\/2014\/04\/cartel_cursos_2014-565x1024.jpg 565w, https:\/\/www.upo.es\/diario\/wp-content\/uploads\/2014\/04\/cartel_cursos_2014.jpg 1305w\" sizes=\"auto, (max-width: 176px) 100vw, 176px\" \/>El plazo de matr\u00edcula para inscribirse en los Cursos de Verano 2013 de la Universidad Pablo de Olavide estar\u00e1 comprendido a partir del pr\u00f3ximo lunes 28 de abril<\/strong> hasta siete d\u00edas naturales antes de la celebraci\u00f3n de cada curso, siempre que queden plazas disponibles, y los estudiantes que as\u00ed lo quieran podr\u00e1n realizar su matr\u00edcula a trav\u00e9s de Internet. En cada curso se reserva un 10 por ciento para estudiantes becados.<\/p>\n<p>Estos cursos pueden ser convalidados como cr\u00e9ditos de libre configuraci\u00f3n y eurocr\u00e9ditos por los estudiantes de todas las universidades p\u00fablicas andaluzas y centros concertados de la UNED. Asimismo, los Cursos de Verano de la UPO se desarrollan con la colaboraci\u00f3n de la Consejer\u00eda de Educaci\u00f3n de la Junta de Andaluc\u00eda, con lo cual sirven de m\u00e9rito para los profesores que as\u00ed lo requieran.<\/p>\n<p>Un programa multidisciplinar en el que participar\u00e1n en esta edici\u00f3n unos 320 ponentes y conferenciantes, tales como profesores, investigadores, pol\u00edticos, periodistas, actores, diplom\u00e1ticos, reconocidos personajes del mundo de la cultura, la justicia, la universidad, lo p\u00fablico o lo social, y que formar\u00e1n parte de este abanico de cursos. Adem\u00e1s, se espera la participaci\u00f3n de unos 800 estudiantes.<\/p>\n<p>Con respecto a los ponentes, hay que destacar la presencia en los Cursos de Verano del escritor Juan Bonilla; del humorista y locutor de radio Jos\u00e9 Guerrero Rold\u00e1n \u2018El Yuyu\u2019; el director de Andalucia Film Comisi\u00f3n, Carlos Rosado Cobi\u00e1n; Maite Sebasti\u00e1, redactora jefa de moda de la revista \u2018Telva\u2019, el dise\u00f1ador de moda Juan Duyos; Jos\u00e9 Murciano, director del Madrid Fashion Films Festival o el guitarrista Francisco Bernier.<\/p>\n<p>Representantes del mundo judicial, como Luis Carlos Rodr\u00edguez Le\u00f3n, fiscal delegado de Seguridad Vial de Andaluc\u00eda; Jos\u00e9 Luis Utrera, juez de familia n\u00ba 5 de M\u00e1laga; Pedro Javier Jim\u00e9nez Lafuente, fiscal delegado de Seguridad Vial de Granada; la abogada Ana Mar\u00eda Ruiz-Tagle; y pol\u00edticos como Emilio de Llera Su\u00e1rez-B\u00e1rcena, consejero de Justicia e Interior de la Junta de Andaluc\u00eda; Encarnaci\u00f3n Aguilar Silva, directora general de Violencia de G\u00e9nero y Atenci\u00f3n a las V\u00edctimas de la Junta de Andaluc\u00eda o Miguel \u00c1ngel V\u00e1zquez, portavoz del Gobierno andaluz.<\/p>\n<p>Asimismo, participar\u00e1n periodistas como Soledad Gallego D\u00edaz y Juan Carlos Blanco; Rafael Rodr\u00edguez, presidente de la Asociaci\u00f3n de la Prensa de Sevilla; Arsenio Escolar, director de 20 minutos; Jes\u00fas Mara\u00f1a, director de Infolibre; Antonio Hern\u00e1ndez Rodicio, director general de la Cadena SER; Antonio Silva, director de Sevilla Directo, o Pilar Vergara, directora de informativos de Canal Sur Televisi\u00f3n.<\/p>\n<p>Destaca adem\u00e1s, la participaci\u00f3n del general Francisco Gan Pampols, director del Centro de Inteligencia de las Fuerzas Armadas; Robert Wesley, presidente del Terrorism Research Initiative; Jes\u00fas D\u00edez Alcalde, teniente coronel del Ej\u00e9rcito de Tierra y analista del Instituto Espa\u00f1ol de Estudios Estrat\u00e9gicos o Javier Argomaniz, del Centre for the Study of terrorism and Political Violence (University of St. Andrews).<\/p>\n<p>Cient\u00edficos como Luis Rodrigo S\u00e1ez, jefe de Servicio de Aparato Digestivo del Hospital Central de Asturias; adem\u00e1s de otras personalidades como M\u00f3nica Col\u00e1s, subdirectora general de la Direcci\u00f3n General de Tr\u00e1fico; Antonio Vigil Escalera, intendente mayor de la Polic\u00eda Local de Sevilla; Francisco S\u00e1nchez Legr\u00e1n, presidente de la Fundaci\u00f3n FACUA, Rub\u00e9n S\u00e1nchez, portavoz de FACUA; Emilio Naranjo, presidente de la Federaci\u00f3n de Asociaciones de Cel\u00edacos de Andaluc\u00eda o Luis Rull, director de Mecus y de Evento Blog Espa\u00f1a.<\/p>\n<p>Esta nueva edici\u00f3n de los Cursos de Verano de la Universidad Pablo de Olavide cuenta con la colaboraci\u00f3n de 75 entidades p\u00fablicas y privadas.<\/p>\n<p>M\u00e1s informaci\u00f3n en <a href=\"http:\/\/www.upo.es\/olavideencarmona\">www.upo.es\/olavideencarmona<\/a><\/p>\n<p>&gt;\u00a0<a href=\"https:\/\/www.upo.es\/diario\/wp-content\/uploads\/2014\/04\/programas_cuve2014.pdf\">Programaci\u00f3n de los Cursos de Verano &#8216;Olavide en Carmona&#8217; -pdf-<\/a><\/p>\n","protected":false},"excerpt":{"rendered":"<p>Los Cursos de Verano de la Universidad Pablo de Olavide se celebrar\u00e1n nuevamente en su duod\u00e9cima edici\u00f3n en la sede de Carmona, del 7 de julio al 29 de agosto, organizados por la UPO en colaboraci\u00f3n con el Ayuntamiento de esta ciudad. La Casa Palacio de Los Briones, sede permanente de la Universidad Pablo de Olavide en Carmona, acoger\u00e1 por duod\u00e9cimo a\u00f1o consecutivo un total de 49 Cursos de Verano. <\/p>\n","protected":false},"author":6,"featured_media":0,"comment_status":"closed","ping_status":"open","sticky":false,"template":"","format":"standard","meta":{"_monsterinsights_skip_tracking":false,"_monsterinsights_sitenote_active":false,"_monsterinsights_sitenote_note":"","_monsterinsights_sitenote_category":0,"footnotes":""},"categories":[6],"tags":[23,22,519],"class_list":["post-3646777","post","type-post","status-publish","format-standard","hentry","category-institucional","tag-carmona","tag-cursos-de-verano","tag-olavide-en-carmona"],"_links":{"self":[{"href":"https:\/\/www.upo.es\/diario\/wp-json\/wp\/v2\/posts\/3646777","targetHints":{"allow":["GET"]}}],"collection":[{"href":"https:\/\/www.upo.es\/diario\/wp-json\/wp\/v2\/posts"}],"about":[{"href":"https:\/\/www.upo.es\/diario\/wp-json\/wp\/v2\/types\/post"}],"author":[{"embeddable":true,"href":"https:\/\/www.upo.es\/diario\/wp-json\/wp\/v2\/users\/6"}],"replies":[{"embeddable":true,"href":"https:\/\/www.upo.es\/diario\/wp-json\/wp\/v2\/comments?post=3646777"}],"version-history":[{"count":2,"href":"https:\/\/www.upo.es\/diario\/wp-json\/wp\/v2\/posts\/3646777\/revisions"}],"predecessor-version":[{"id":3694786,"href":"https:\/\/www.upo.es\/diario\/wp-json\/wp\/v2\/posts\/3646777\/revisions\/3694786"}],"wp:attachment":[{"href":"https:\/\/www.upo.es\/diario\/wp-json\/wp\/v2\/media?parent=3646777"}],"wp:term":[{"taxonomy":"category","embeddable":true,"href":"https:\/\/www.upo.es\/diario\/wp-json\/wp\/v2\/categories?post=3646777"},{"taxonomy":"post_tag","embeddable":true,"href":"https:\/\/www.upo.es\/diario\/wp-json\/wp\/v2\/tags?post=3646777"}],"curies":[{"name":"wp","href":"https:\/\/api.w.org\/{rel}","templated":true}]}}