{"id":3685365,"date":"2014-04-28T06:45:19","date_gmt":"2014-04-28T06:45:19","guid":{"rendered":"https:\/\/www.upo.es\/diario\/?p=3685365"},"modified":"2014-04-29T06:59:18","modified_gmt":"2014-04-29T06:59:18","slug":"manana-en-la-upo-jornadas-de-orientacion-profesional-de-la-facultad-de-humanidades","status":"publish","type":"post","link":"https:\/\/www.upo.es\/diario\/institucional\/2014\/04\/manana-en-la-upo-jornadas-de-orientacion-profesional-de-la-facultad-de-humanidades\/","title":{"rendered":"Hoy en la UPO, Jornadas de Orientaci\u00f3n Profesional de la Facultad de Humanidades"},"content":{"rendered":"<p style=\"text-align: justify;\"><a href=\"https:\/\/www.upo.es\/diario\/wp-content\/uploads\/2014\/04\/1398428934257_cartel_jornadas_upo_4.jpg\"><img loading=\"lazy\" decoding=\"async\" class=\"alignright size-medium wp-image-3685366\" alt=\"Humanidades\" src=\"https:\/\/www.upo.es\/diario\/wp-content\/uploads\/2014\/04\/1398428934257_cartel_jornadas_upo_4-320x320.jpg\" width=\"320\" height=\"320\" srcset=\"https:\/\/www.upo.es\/diario\/wp-content\/uploads\/2014\/04\/1398428934257_cartel_jornadas_upo_4-320x320.jpg 320w, https:\/\/www.upo.es\/diario\/wp-content\/uploads\/2014\/04\/1398428934257_cartel_jornadas_upo_4-150x150.jpg 150w, https:\/\/www.upo.es\/diario\/wp-content\/uploads\/2014\/04\/1398428934257_cartel_jornadas_upo_4-1024x1024.jpg 1024w, https:\/\/www.upo.es\/diario\/wp-content\/uploads\/2014\/04\/1398428934257_cartel_jornadas_upo_4-600x599.jpg 600w\" sizes=\"auto, (max-width: 320px) 100vw, 320px\" \/><\/a>Hoy martes, 29 de abril, a las 9:15 horas en el aula 2 del edificio 5 de la Universidad Pablo de Olavide, el decano de la Facultad de Humanidades de la UPO, Jos\u00e9 Miguel Mart\u00edn Mart\u00edn, inaugurar\u00e1 las III Jornadas de Orientaci\u00f3n Profesional organizadas por la Facultad de Humanidades. Estas jornadas est\u00e1n dedicadas a informar a los estudiantes de \u00faltimo curso de los distintos grados de la Facultad de Humanidades acerca de las posibles salidas profesionales.<\/p>\n<p style=\"text-align: justify;\">Tras la inauguraci\u00f3n, tendr\u00e1 lugar la ponencia \u00abAct\u00edvate: estrategias para la b\u00fasqueda de empleo\u00bb, impartido por las t\u00e9cnicas del \u00c1rea de Orientaci\u00f3n Profesional e Inserci\u00f3n Laboral de la Fundaci\u00f3n Universidad-Sociedad. Durante su intervenci\u00f3n, les explicar\u00e1n a los universitarios qu\u00e9 requisitos y competencias demanda el mercado laboral para los profesionales de Humanidades y se les ense\u00f1ar\u00e1 c\u00f3mo deben elaborar un buen curr\u00edculo.<\/p>\n<p style=\"text-align: justify;\">A partir de las 10:30 h en el aula 1 del edificio 16, las sesiones estar\u00e1n dedicadas a las salidas profesionales e informaci\u00f3n sobre los m\u00e1steres de la UPO. En este sentido, comenzar\u00e1 con las salidas profesionales de los grados en Humanidades y en Geograf\u00eda e Historia, continuar\u00e1 con informaci\u00f3n acerca de los mast\u00e9res en Arte, Museos y Gesti\u00f3n del Patrimonio Hist\u00f3rico y en Ense\u00f1anza Biling\u00fce de la UPO, y finalizara con una charla sobre las salidas profesionales del grado en Traducci\u00f3n e Interpretaci\u00f3n.<\/p>\n<p style=\"text-align: justify;\"><a href=\"http:\/\/www.upo.es\/export\/portal\/com\/bin\/portal\/fhum\/noticias\/III_JornadasOrientacionProfesional\/1398428989041_programa_cartel_jornadas_upo_7.pdf\">Programa III Jornadas de Orientaci\u00f3n Profesional de la Facultad de Humanidades<\/a><\/p>\n","protected":false},"excerpt":{"rendered":"<p>Hoy martes, 29 de abril, a las 9:15 horas en el aula 2 del edificio 5 de la Universidad Pablo de Olavide, el decano de la Facultad de Humanidades de la UPO, Jos\u00e9 Miguel Mart\u00edn Mart\u00edn, inaugurar\u00e1 las III Jornadas de Orientaci\u00f3n Profesional organizadas por la Facultad de Humanidades. Estas jornadas est\u00e1n dedicadas a informar a los estudiantes de \u00faltimo curso de los distintos grados de la Facultad de Humanidades acerca de las posibles salidas profesionales.<\/p>\n","protected":false},"author":4,"featured_media":0,"comment_status":"closed","ping_status":"open","sticky":false,"template":"","format":"standard","meta":{"_monsterinsights_skip_tracking":false,"_monsterinsights_sitenote_active":false,"_monsterinsights_sitenote_note":"","_monsterinsights_sitenote_category":0,"footnotes":""},"categories":[6],"tags":[96,84,205,391],"class_list":["post-3685365","post","type-post","status-publish","format-standard","hentry","category-institucional","tag-facultad-de-humanidades","tag-jornadas","tag-orientacion-profesional","tag-salidas-profesionales"],"_links":{"self":[{"href":"https:\/\/www.upo.es\/diario\/wp-json\/wp\/v2\/posts\/3685365","targetHints":{"allow":["GET"]}}],"collection":[{"href":"https:\/\/www.upo.es\/diario\/wp-json\/wp\/v2\/posts"}],"about":[{"href":"https:\/\/www.upo.es\/diario\/wp-json\/wp\/v2\/types\/post"}],"author":[{"embeddable":true,"href":"https:\/\/www.upo.es\/diario\/wp-json\/wp\/v2\/users\/4"}],"replies":[{"embeddable":true,"href":"https:\/\/www.upo.es\/diario\/wp-json\/wp\/v2\/comments?post=3685365"}],"version-history":[{"count":5,"href":"https:\/\/www.upo.es\/diario\/wp-json\/wp\/v2\/posts\/3685365\/revisions"}],"predecessor-version":[{"id":3685368,"href":"https:\/\/www.upo.es\/diario\/wp-json\/wp\/v2\/posts\/3685365\/revisions\/3685368"}],"wp:attachment":[{"href":"https:\/\/www.upo.es\/diario\/wp-json\/wp\/v2\/media?parent=3685365"}],"wp:term":[{"taxonomy":"category","embeddable":true,"href":"https:\/\/www.upo.es\/diario\/wp-json\/wp\/v2\/categories?post=3685365"},{"taxonomy":"post_tag","embeddable":true,"href":"https:\/\/www.upo.es\/diario\/wp-json\/wp\/v2\/tags?post=3685365"}],"curies":[{"name":"wp","href":"https:\/\/api.w.org\/{rel}","templated":true}]}}