{"id":3696919,"date":"2014-04-30T00:45:57","date_gmt":"2014-04-30T00:45:57","guid":{"rendered":"https:\/\/www.upo.es\/diario\/?p=3696919"},"modified":"2014-04-30T12:57:34","modified_gmt":"2014-04-30T12:57:34","slug":"manana-se-presenta-el-segundo-numero-de-la-revista-agua-y-territorio-en-la-universidad-pablo-de-olavide","status":"publish","type":"post","link":"https:\/\/www.upo.es\/diario\/institucional\/2014\/04\/manana-se-presenta-el-segundo-numero-de-la-revista-agua-y-territorio-en-la-universidad-pablo-de-olavide\/","title":{"rendered":"Presentado en la UPO el segundo n\u00famero de la revista Agua y Territorio"},"content":{"rendered":"<figure id=\"attachment_3710749\" aria-describedby=\"caption-attachment-3710749\" style=\"width: 320px\" class=\"wp-caption alignright\"><a href=\"https:\/\/www.upo.es\/diario\/wp-content\/uploads\/2014\/04\/MG_2876.jpg\"><img loading=\"lazy\" decoding=\"async\" class=\"size-medium wp-image-3710749\" alt=\"La revista Agua y Territorio es una publicaci\u00f3n digital cuyo objetivo es abordar desde diferentes \u00e1mbitos cient\u00edficos la problem\u00e1tica del uso y gesti\u00f3n del agua\" src=\"https:\/\/www.upo.es\/diario\/wp-content\/uploads\/2014\/04\/MG_2876-320x213.jpg\" width=\"320\" height=\"213\" srcset=\"https:\/\/www.upo.es\/diario\/wp-content\/uploads\/2014\/04\/MG_2876-320x213.jpg 320w, https:\/\/www.upo.es\/diario\/wp-content\/uploads\/2014\/04\/MG_2876-1024x682.jpg 1024w, https:\/\/www.upo.es\/diario\/wp-content\/uploads\/2014\/04\/MG_2876-600x400.jpg 600w\" sizes=\"auto, (max-width: 320px) 100vw, 320px\" \/><\/a><figcaption id=\"caption-attachment-3710749\" class=\"wp-caption-text\">La revista Agua y Territorio es una publicaci\u00f3n digital cuyo objetivo es abordar desde diferentes \u00e1mbitos cient\u00edficos la problem\u00e1tica del uso y gesti\u00f3n del agua<\/figcaption><\/figure>\n<p style=\"text-align: justify;\">Hoy ha sido presentado, en la Universidad Pablo de Olavide, el <strong>n\u00famero 2 de la revista semestral Agua y Territorio<\/strong>, editada por el servicio de publicaciones de la Universidad de Ja\u00e9n, en una acto organizado por la Oficina del CEI CamBio en colaboraci\u00f3n con el Seminario Permanente Agua, Territorio y Medio Ambiente del Consejo Superior de Investigaciones Cient\u00edficas (CSIC).<\/p>\n<p style=\"text-align: justify;\">Han intervenido en la presentaci\u00f3n el director de la Oficina del CEI CamBio, Javier Escalera; el vicerrector de Investigaci\u00f3n y Transferencia Tecnol\u00f3gica de la UPO, Bruno Mart\u00ednez; el director de la Escuela de Estudios Hispano Americanos-CSIC; Juan Manuel Mat\u00e9s, profesor de Historia e Instituciones Econ\u00f3micas de las Universidad de Ja\u00e9n y Jes\u00fas Ra\u00fal Navarro, investigador de la Escuela de Estudios Hispano Americanos-CSIC, ambos directores de la revista; Pilar Paneque, profesora de Geograf\u00eda Humana de la UPO; Jorge Regalado, profesor de la Universidad de Guadalajara (M\u00e9xico); Mar\u00eda de Piedade Morais del Instituto de Pesquisa Econ\u00f3mica Aplicada (Brasil); Leo Heller, profesor de la Universidad Federal de Minas Gerais (Brasil), y Jos\u00e9 Esteban Castro, profesor de la Universidad de Newcastle (Inglaterra).<\/p>\n<p><a href=\"https:\/\/www.upo.es\/diario\/wp-content\/uploads\/2014\/04\/revistaAguayTerritorio.jpg\"><img loading=\"lazy\" decoding=\"async\" class=\"size-medium wp-image-3696920 alignleft\" alt=\"El segundo n\u00famero se presenta ma\u00f1ana mi\u00e9rcoles a las 13 horas en el sal\u00f3n de grados del edificio 6\" src=\"https:\/\/www.upo.es\/diario\/wp-content\/uploads\/2014\/04\/revistaAguayTerritorio-234x320.jpg\" width=\"234\" height=\"320\" srcset=\"https:\/\/www.upo.es\/diario\/wp-content\/uploads\/2014\/04\/revistaAguayTerritorio-234x320.jpg 234w, https:\/\/www.upo.es\/diario\/wp-content\/uploads\/2014\/04\/revistaAguayTerritorio-751x1024.jpg 751w, https:\/\/www.upo.es\/diario\/wp-content\/uploads\/2014\/04\/revistaAguayTerritorio-600x817.jpg 600w, https:\/\/www.upo.es\/diario\/wp-content\/uploads\/2014\/04\/revistaAguayTerritorio.jpg 1871w\" sizes=\"auto, (max-width: 234px) 100vw, 234px\" \/><\/a><\/p>\n<p style=\"text-align: justify;\">En su segundo n\u00famero, la revista Agua y Territorio incluye el dossier <strong>\u201cLa lucha por el derecho al agua y las pol\u00edticas p\u00fablicas en Am\u00e9rica Latina\u201d<\/strong> coordinado por Jos\u00e9 Esteban Castro, Leo Heller y Mar\u00eda de Piedade Morais. Asimismo, el volumen se completa con tres art\u00edculos de la secci\u00f3n Miscel\u00e1nea, las publicaciones de las conclusiones del VII Congreso Ib\u00e9rico sobre Gesti\u00f3n y Planificaci\u00f3n del Agua, celebrado el pasado mes de diciembre en Lisboa, y rese\u00f1as bibliogr\u00e1ficas y los resultados estad\u00edsticos y de evaluaci\u00f3n del primer a\u00f1o de vida de la revista.<\/p>\n<p style=\"text-align: justify;\">La revista Agua y Territorio\u00a0es una publicaci\u00f3n digital, de car\u00e1cter semestral, de acceso libre, cuyo objetivo es <strong>abordar desde diferentes \u00e1mbitos cient\u00edficos la problem\u00e1tica del uso y gesti\u00f3n del agua y su empleo para un desarrollo sostenible<\/strong>. Est\u00e1 patrocinada por el Seminario Permanente Agua, Territorio y Medio Ambiente (Escuela de Estudios Hispanoamericanos, CSIC), y es editada electr\u00f3nicamente por la Universidad de Ja\u00e9n. La revista va dirigida a la comunidad cient\u00edfica, que desde varias perspectivas cient\u00edficas se muestra interesada en los enfoques sociales, econ\u00f3micos, territoriales e hist\u00f3ricos que posibilitan los estudios sobre el agua en el \u00e1mbito iberoamericano y mediterr\u00e1neo.<\/p>\n<p style=\"text-align: justify;\"><a href=\"http:\/\/revistaselectronicas.ujaen.es\/index.php\/atma\/issue\/current\">Revista Agua y Territorio<\/a><\/p>\n<p style=\"text-align: justify;\">\n","protected":false},"excerpt":{"rendered":"<p>Hoy mi\u00e9rcoles 30 de abril, a las 13 horas en la sala de grados del edificio 6 de la Universidad Pablo de Olavide, se presentar\u00e1 el n\u00famero 2 de la revista semestral Agua y Territorio, editada por el servicio de publicaciones de la Universidad de Ja\u00e9n, en una acto organizado por la Oficina del CEI CamBio en colaboraci\u00f3n con el Seminario Permanente Agua, Territorio y Medio Ambiente del Consejo Superior de Investigaciones Cient\u00edficas (CSIC).<\/p>\n","protected":false},"author":4,"featured_media":0,"comment_status":"closed","ping_status":"open","sticky":false,"template":"","format":"standard","meta":{"_monsterinsights_skip_tracking":false,"_monsterinsights_sitenote_active":false,"_monsterinsights_sitenote_note":"","_monsterinsights_sitenote_category":0,"footnotes":""},"categories":[6],"tags":[1341,224,334,405,39],"class_list":["post-3696919","post","type-post","status-publish","format-standard","hentry","category-institucional","tag-agua-y-territorio","tag-cei-cambio","tag-presentacion","tag-revista","tag-universidades"],"_links":{"self":[{"href":"https:\/\/www.upo.es\/diario\/wp-json\/wp\/v2\/posts\/3696919","targetHints":{"allow":["GET"]}}],"collection":[{"href":"https:\/\/www.upo.es\/diario\/wp-json\/wp\/v2\/posts"}],"about":[{"href":"https:\/\/www.upo.es\/diario\/wp-json\/wp\/v2\/types\/post"}],"author":[{"embeddable":true,"href":"https:\/\/www.upo.es\/diario\/wp-json\/wp\/v2\/users\/4"}],"replies":[{"embeddable":true,"href":"https:\/\/www.upo.es\/diario\/wp-json\/wp\/v2\/comments?post=3696919"}],"version-history":[{"count":4,"href":"https:\/\/www.upo.es\/diario\/wp-json\/wp\/v2\/posts\/3696919\/revisions"}],"predecessor-version":[{"id":3710748,"href":"https:\/\/www.upo.es\/diario\/wp-json\/wp\/v2\/posts\/3696919\/revisions\/3710748"}],"wp:attachment":[{"href":"https:\/\/www.upo.es\/diario\/wp-json\/wp\/v2\/media?parent=3696919"}],"wp:term":[{"taxonomy":"category","embeddable":true,"href":"https:\/\/www.upo.es\/diario\/wp-json\/wp\/v2\/categories?post=3696919"},{"taxonomy":"post_tag","embeddable":true,"href":"https:\/\/www.upo.es\/diario\/wp-json\/wp\/v2\/tags?post=3696919"}],"curies":[{"name":"wp","href":"https:\/\/api.w.org\/{rel}","templated":true}]}}