{"id":3709674,"date":"2014-04-30T11:27:42","date_gmt":"2014-04-30T11:27:42","guid":{"rendered":"https:\/\/www.upo.es\/diario\/?p=3709674"},"modified":"2014-05-05T11:26:34","modified_gmt":"2014-05-05T11:26:34","slug":"los-rectores-de-la-upo-la-us-y-la-unia-piden-la-finalizacion-de-las-medidas-excepcionales-que-afectan-al-estudio-a-la-actividad-docente-y-a-la-investigacion","status":"publish","type":"post","link":"https:\/\/www.upo.es\/diario\/institucional\/2014\/04\/los-rectores-de-la-upo-la-us-y-la-unia-piden-la-finalizacion-de-las-medidas-excepcionales-que-afectan-al-estudio-a-la-actividad-docente-y-a-la-investigacion\/","title":{"rendered":"Los rectores de la UPO, la US y la UNIA piden la finalizaci\u00f3n de las medidas excepcionales que afectan al estudio, a la actividad docente y a la investigaci\u00f3n"},"content":{"rendered":"<figure id=\"attachment_3709675\" aria-describedby=\"caption-attachment-3709675\" style=\"width: 320px\" class=\"wp-caption alignright\"><a href=\"https:\/\/www.upo.es\/diario\/wp-content\/uploads\/2014\/04\/Comunicado_UPO_US_UNIA02.jpg\"><img loading=\"lazy\" decoding=\"async\" class=\"size-medium wp-image-3709675 \" alt=\"Los rectores de la Universidad Pablo de Olavide, Vicente Guzm\u00e1n Fluja, la Universidad de Sevilla, Antonio Ram\u00edrez de Arellano, y de la Universidad Internacional de Andaluc\u00eda, Eugenio Dom\u00ednguez Vilches\" src=\"https:\/\/www.upo.es\/diario\/wp-content\/uploads\/2014\/04\/Comunicado_UPO_US_UNIA02-320x213.jpg\" width=\"320\" height=\"213\" srcset=\"https:\/\/www.upo.es\/diario\/wp-content\/uploads\/2014\/04\/Comunicado_UPO_US_UNIA02-320x213.jpg 320w, https:\/\/www.upo.es\/diario\/wp-content\/uploads\/2014\/04\/Comunicado_UPO_US_UNIA02-1024x682.jpg 1024w, https:\/\/www.upo.es\/diario\/wp-content\/uploads\/2014\/04\/Comunicado_UPO_US_UNIA02-600x400.jpg 600w\" sizes=\"auto, (max-width: 320px) 100vw, 320px\" \/><\/a><figcaption id=\"caption-attachment-3709675\" class=\"wp-caption-text\">Los rectores de la US, Antonio Ram\u00edrez de Arellano, de la UPO, Vicente Guzm\u00e1n Fluja, y de la UNIA, Eugenio Dom\u00ednguez Vilches<\/figcaption><\/figure>\n<p>Se han cumplido dos a\u00f1os de la aprobaci\u00f3n del RDL 14\/2012, de \u201cmedidas urgentes de racionalizaci\u00f3n del gasto p\u00fablico en el \u00e1mbito educativo\u201d, una norma que modific\u00f3 la Ley Org\u00e1nica de Universidades y afect\u00f3 a aspectos tan sensibles como los precios p\u00fablicos y la organizaci\u00f3n de la actividad docente. Las normas presupuestarias posteriores han afectado a los salarios, a los derechos laborales y a las expectativas profesionales de todos los empleados p\u00fablicos y, por tanto, tambi\u00e9n a los de las universidades.<\/p>\n<p>Los Reales Decretos sobre becas han cambiado su naturaleza de derecho por la de una ayuda por la que se compite, con requisitos acad\u00e9micos endurecidos que sufren quienes m\u00e1s las necesitan. Asimismo, las ayudas Erasmus han restringido tambi\u00e9n sus criterios de concesi\u00f3n en los \u00faltimos dos a\u00f1os.<\/p>\n<p>En investigaci\u00f3n, el menor presupuesto y la secuencia de las convocatorias aplicadas por el Gobierno de Espa\u00f1a y por algunos gobiernos auton\u00f3micos han comportado un elevado recorte efectivo de consecuencias irreparables para muchos grupos de investigaci\u00f3n. Este entendimiento de la I+D+i como un gasto y no como una inversi\u00f3n contrasta con la pol\u00edtica de los pa\u00edses m\u00e1s avanzados.<\/p>\n<p>Los rectores consideramos especialmente dolorosas y dif\u00edcilmente justificables, por su m\u00ednimo impacto econ\u00f3mico, las medidas que afectan a los j\u00f3venes. El incremento de los precios p\u00fablicos de los grados y, muy por encima de ellos, el de los m\u00e1steres, afecta a las posibilidades formativas de nuestros j\u00f3venes en un momento especialmente negativo para el empleo. El acceso a la profesi\u00f3n acad\u00e9mica se encuentra cerrado para ellos, salvo los resquicios que dejan las insatisfactorias tasas de reposici\u00f3n. Estas cercenan las perspectivas de los profesores universitarios en su carrera acad\u00e9mica y minan la motivaci\u00f3n para la mejora permanente en docencia e investigaci\u00f3n. Las limitaciones normativas han provocado que las plantillas de profesores, investigadores y personal de administraci\u00f3n y servicios se hayan llenado de figuras y plazas interinas y precarias, algunas recurridas por el propio Gobierno, que resultan inadecuadas para la funci\u00f3n universitaria, docente, investigadora y de gesti\u00f3n.<\/p>\n<p>Las medidas, seg\u00fan dec\u00eda el RD 14\/2012, eran excepcionales y se justificaron por la coyuntura econ\u00f3mica del momento. Ante las afirmaciones de una perspectiva de mejor\u00eda econ\u00f3mica en Espa\u00f1a, pedimos la supresi\u00f3n de las que vayan m\u00e1s all\u00e1 de un ahorro racional y una gesti\u00f3n eficiente y austera, en el marco de los criterios presupuestarios que se fijen.<\/p>\n<p>Los precios p\u00fablicos de matr\u00edcula en las universidades deben ser accesibles y razonables en todos los niveles formativos. Debe recuperarse el sentido de las becas y ayudas como garantes de la equidad. Debe volver la autonom\u00eda de gesti\u00f3n de la actividad docente e investigadora de las universidades. Debe ser posible que \u00e9stas configuren ordenadamente sus plantillas, con f\u00f3rmulas de renovaci\u00f3n y promoci\u00f3n ajustadas a su realidad y a su planificaci\u00f3n estrat\u00e9gica. Debe retomarse el apoyo a la investigaci\u00f3n y a la innovaci\u00f3n para regresar a una senda de crecimiento, basado en el conocimiento y la especializaci\u00f3n inteligente y sostenible, que evite la p\u00e9rdida de talento y aproveche la formaci\u00f3n proporcionada.<\/p>\n<p>La universidad espa\u00f1ola, como toda la universidad europea, afronta necesidades de adaptaci\u00f3n de su sistema a una realidad social y econ\u00f3mica que exige una modernizaci\u00f3n de sus estructuras y funcionamiento. Para poder abordarla, es necesaria la b\u00fasqueda de un amplio consenso social y pol\u00edtico que debe empezar forzosamente por la recuperaci\u00f3n de la normalidad en su vida acad\u00e9mica, docente e investigadora. La consecuci\u00f3n de estos objetivos nos implica a todos -agentes sociales, gobierno, comunidades aut\u00f3nomas y universidades- y es necesario conseguirlo en beneficio de la sociedad espa\u00f1ola.<\/p>\n<p><iframe loading=\"lazy\" width=\"620\" height=\"349\" src=\"\/\/www.youtube.com\/embed\/HKiSJYjyccE?rel=0\" frameborder=\"0\" allowfullscreen><\/iframe><\/p>\n","protected":false},"excerpt":{"rendered":"<p>Se han cumplido dos a\u00f1os de la aprobaci\u00f3n del RDL 14\/2012, de \u201cmedidas urgentes de racionalizaci\u00f3n del gasto p\u00fablico en el \u00e1mbito educativo\u201d, una norma que modific\u00f3 la Ley Org\u00e1nica de Universidades y afect\u00f3 a aspectos tan sensibles como los precios p\u00fablicos y la organizaci\u00f3n de la actividad docente. Las normas presupuestarias posteriores han afectado a los salarios, a los derechos laborales y a las expectativas profesionales de todos los empleados p\u00fablicos y, por tanto, tambi\u00e9n a los de las universidades.<\/p>\n","protected":false},"author":6,"featured_media":0,"comment_status":"closed","ping_status":"open","sticky":false,"template":"","format":"standard","meta":{"_monsterinsights_skip_tracking":false,"_monsterinsights_sitenote_active":false,"_monsterinsights_sitenote_note":"","_monsterinsights_sitenote_category":0,"footnotes":""},"categories":[6],"tags":[37,144,243,285,40,38,170,1163,39,106],"class_list":["post-3709674","post","type-post","status-publish","format-standard","hentry","category-institucional","tag-comunicado","tag-crisis","tag-crue","tag-espana","tag-recortes","tag-rector","tag-unia","tag-universidad-de-sevilla","tag-universidades","tag-vicente-c-guzman"],"_links":{"self":[{"href":"https:\/\/www.upo.es\/diario\/wp-json\/wp\/v2\/posts\/3709674","targetHints":{"allow":["GET"]}}],"collection":[{"href":"https:\/\/www.upo.es\/diario\/wp-json\/wp\/v2\/posts"}],"about":[{"href":"https:\/\/www.upo.es\/diario\/wp-json\/wp\/v2\/types\/post"}],"author":[{"embeddable":true,"href":"https:\/\/www.upo.es\/diario\/wp-json\/wp\/v2\/users\/6"}],"replies":[{"embeddable":true,"href":"https:\/\/www.upo.es\/diario\/wp-json\/wp\/v2\/comments?post=3709674"}],"version-history":[{"count":6,"href":"https:\/\/www.upo.es\/diario\/wp-json\/wp\/v2\/posts\/3709674\/revisions"}],"predecessor-version":[{"id":3774351,"href":"https:\/\/www.upo.es\/diario\/wp-json\/wp\/v2\/posts\/3709674\/revisions\/3774351"}],"wp:attachment":[{"href":"https:\/\/www.upo.es\/diario\/wp-json\/wp\/v2\/media?parent=3709674"}],"wp:term":[{"taxonomy":"category","embeddable":true,"href":"https:\/\/www.upo.es\/diario\/wp-json\/wp\/v2\/categories?post=3709674"},{"taxonomy":"post_tag","embeddable":true,"href":"https:\/\/www.upo.es\/diario\/wp-json\/wp\/v2\/tags?post=3709674"}],"curies":[{"name":"wp","href":"https:\/\/api.w.org\/{rel}","templated":true}]}}